{"id":41214,"date":"2022-01-26T18:16:00","date_gmt":"2022-01-26T18:16:00","guid":{"rendered":"https:\/\/cordoba.gob.ar\/?p=19700"},"modified":"2022-01-26T18:16:00","modified_gmt":"2022-01-26T18:16:00","slug":"en-el-dia-mundial-de-la-educacion-ambiental-aprendemos-en-familia","status":"publish","type":"post","link":"http:\/\/cordobadirecto.com\/index.php\/2022\/01\/26\/en-el-dia-mundial-de-la-educacion-ambiental-aprendemos-en-familia\/","title":{"rendered":"En el d\u00eda Mundial de la Educaci\u00f3n Ambiental, \u201cAprendemos en Familia\u201d"},"content":{"rendered":"<div><img src=\"http:\/\/cordobadirecto.com\/wp-content\/uploads\/2022\/01\/en-el-dia-mundial-de-la-educacion-ambiental-aprendemos-en-familia.png\" class=\"ff-og-image-inserted\"><\/div>\n<ul>\n<li><strong>La Municipalidad de C\u00f3rdoba invita a una serie de jornadas gratuitas y abiertas a la comunidad para disfrutar de actividades, talleres y m\u00fasica en vivo.<\/strong><\/li>\n<li><strong>Ser\u00e1 en la Isla de Los Patos a partir de hoy, y hasta el domingo 30 de enero de 17 a 20 hs.<\/strong><\/li>\n<\/ul>\n<hr>\n<p>En el marco del D\u00eda Mundial de la Educaci\u00f3n Ambiental, el Municipio llevar\u00e1 a cabo una serie de jornadas familiares a la vera del R\u00edo Suqu\u00eda.<\/p>\n<p>A partir de hoy comienzan las actividades de \u201cAprendemos en Familia\u201d, organizadas por el ente C\u00f3rdoba Obras y Servicios, la Unidad Ejecutora Costanera y la Secretar\u00eda de Cultura y Juventud municipal.<\/p>\n<p>El objetivo de estos encuentros es concientizar desde temprana edad sobre el cuidado del ambiente, como as\u00ed tambi\u00e9n re educar a los adultos para alcanzar lograr una ciudad eco sustentable en donde el vecino pueda disfrutar de los espacios p\u00fablicos de manera cuidada y segura.<\/p>\n<p>Las propuestas se desarrollar\u00e1n en la Isla de los Patos de 17 a 20 hs. Habr\u00e1 actividades para las infancias, talleres de reciclaje a cargo de COyS, y m\u00fasica en vivo con la actuaci\u00f3n de la Banda de Boris y La Replika.<\/p>\n<p>Adem\u00e1s, se pondr\u00e1n a disposici\u00f3n castillos inflables para el divertimento de los ni\u00f1os, de manera gratuita hasta el cierre del evento el d\u00eda 30 de enero.<\/p>\n<p>Estas actividades son gratuitas y abiertas para todos los vecinos, especialmente para compartir en familia, disfrutando de la recuperaci\u00f3n del R\u00edo Suqu\u00eda junto a los murales art\u00edsticos de la Costanera que ya son parte del paisaje de la ciudad.<\/p>\n","protected":false},"excerpt":{"rendered":"<p>La Municipalidad de C\u00f3rdoba invita a una serie de jornadas gratuitas y abiertas a la comunidad para disfrutar de actividades, talleres y m\u00fasica en vivo. Ser\u00e1 en la Isla de Los Patos a partir de hoy, y hasta el domingo 30 de enero de 17 a 20 hs. En el marco del D\u00eda Mundial de [&hellip;]<\/p>\n","protected":false},"author":1,"featured_media":41215,"comment_status":"closed","ping_status":"closed","sticky":false,"template":"","format":"standard","meta":[],"categories":[44],"tags":[],"_links":{"self":[{"href":"http:\/\/cordobadirecto.com\/index.php\/wp-json\/wp\/v2\/posts\/41214"}],"collection":[{"href":"http:\/\/cordobadirecto.com\/index.php\/wp-json\/wp\/v2\/posts"}],"about":[{"href":"http:\/\/cordobadirecto.com\/index.php\/wp-json\/wp\/v2\/types\/post"}],"author":[{"embeddable":true,"href":"http:\/\/cordobadirecto.com\/index.php\/wp-json\/wp\/v2\/users\/1"}],"replies":[{"embeddable":true,"href":"http:\/\/cordobadirecto.com\/index.php\/wp-json\/wp\/v2\/comments?post=41214"}],"version-history":[{"count":0,"href":"http:\/\/cordobadirecto.com\/index.php\/wp-json\/wp\/v2\/posts\/41214\/revisions"}],"wp:featuredmedia":[{"embeddable":true,"href":"http:\/\/cordobadirecto.com\/index.php\/wp-json\/wp\/v2\/media\/41215"}],"wp:attachment":[{"href":"http:\/\/cordobadirecto.com\/index.php\/wp-json\/wp\/v2\/media?parent=41214"}],"wp:term":[{"taxonomy":"category","embeddable":true,"href":"http:\/\/cordobadirecto.com\/index.php\/wp-json\/wp\/v2\/categories?post=41214"},{"taxonomy":"post_tag","embeddable":true,"href":"http:\/\/cordobadirecto.com\/index.php\/wp-json\/wp\/v2\/tags?post=41214"}],"curies":[{"name":"wp","href":"https:\/\/api.w.org\/{rel}","templated":true}]}}