{"id":41234,"date":"2022-01-26T21:10:00","date_gmt":"2022-01-26T21:10:00","guid":{"rendered":"http:\/\/cordobadirecto.com\/index.php\/2022\/01\/26\/europa-dividida-entre-extender-o-levantar-las-restricciones-ante-la-variante-omicron\/"},"modified":"2022-01-26T21:10:00","modified_gmt":"2022-01-26T21:10:00","slug":"europa-dividida-entre-extender-o-levantar-las-restricciones-ante-la-variante-omicron","status":"publish","type":"post","link":"http:\/\/cordobadirecto.com\/index.php\/2022\/01\/26\/europa-dividida-entre-extender-o-levantar-las-restricciones-ante-la-variante-omicron\/","title":{"rendered":"Europa, dividida entre extender o levantar las restricciones ante la variante \u00d3micron"},"content":{"rendered":"<figure class=\"mb-3\"><img loading=\"lazy\" src=\"http:\/\/cordobadirecto.com\/wp-content\/uploads\/2022\/01\/europa-dividida-entre-extender-o-levantar-las-restricciones-ante-la-variante-omicron.jpg\" width=\"100%\" height=\"100%\" alt=\"Suecia decidi prorrogar sus medidas actuales por otras dos semanas\"><figcaption> Suecia decidi\u00f3 prorrogar sus medidas actuales por otras dos semanas. <\/figcaption><\/figure>\n<p>Europa se enfrenta a la propagaci\u00f3n de la variante \u00d3micron y ensaya distintas estrategias: mientras que Alemania registra r\u00e9cord de casos y se mantiene firme con las medidas sanitarias y Suecia las extiende por dos semanas m\u00e1s, Dinamarca anuncia su eliminaci\u00f3n y Austria cancela la cuarentena para los no vacunados contra el coronavirus tras estabilizar la situaci\u00f3n en los hospitales.<\/p>\n<h2 class>Alemania<\/h2>\n<p><strong>El Gobierno de Alemania comunic\u00f3 este mi\u00e9rcoles que en las \u00faltimas 24 horas se reportaron 164.000 nuevas infecciones de Covid-19, con lo que el pa\u00eds supera el umbral de los 9 millones de contagios desde el inicio de la pandemia, en el marco de un repunte de las cifras por \u00d3micron.<\/strong><\/p>\n<p>Adem\u00e1s, en la v\u00edspera se contabilizaron 166 muertes por la enfermedad, lo que elev\u00f3 el total desde el inicio de la pandemia a 117.126, precis\u00f3 el Instituto Robert Koch, el ente gubernamental de control de enfermedades infecciosas, inform\u00f3 la agencia de noticias Europa Press.<\/p>\n<p>Asimismo, <strong>el organismo detall\u00f3 que la tasa de incidencia acumulada durante los \u00faltimos siete d\u00edas es de 940,6 casos por cada 100.000 habitantes, con 782.173 positivos durante la \u00faltima semana, un n\u00famero que super\u00f3 este mi\u00e9rcoles por primera vez los 900 casos por cada 100.000 habitantes.<\/strong><\/p>\n<p>Mientras en el Parlamento se discute la vacunaci\u00f3n obligatoria, las autoridades mantienen las limitaciones para no vacunados: tienen prohibido el comercio no esencial, el ocio y la cultura, mientras que bares y restaurantes solo permiten consumir en su interior a quienes tienen al menos pauta completa o presenten un test de ant\u00edgenos negativo de menos de 24 horas.<\/p>\n<p>Por otro lado, <strong>el proceso de vacunaci\u00f3n en Alemania sigue adelante y ya se super\u00f3 el 72% de poblaci\u00f3n inmunizada, por lo que el pa\u00eds se acerca al objetivo fijado por el Gobierno de alcanzar a finales de enero el 80% de poblaci\u00f3n con al menos una dosis.<\/strong><\/p>\n<h2 class>Suecia<\/h2>\n<p>La situaci\u00f3n epidemiol\u00f3gica en Suecia es similar a la de Alemania, con &#8220;un nivel de propagaci\u00f3n extremadamente alto\u201d de la variante \u00d3micron, manifest\u00f3 la ministra de Salud Lena Hallengren durante una conferencia de prensa.<\/p>\n<p>Por este motivo, el gobierno decidi\u00f3 prorrogar sus medidas actuales por otras dos semanas: los bares y restaurantes cierran a las 23 y se mantiene un l\u00edmite de 500 personas dentro de lugares interiores m\u00e1s grandes.<\/p>\n<p>En la \u00faltima semana, Suecia registr\u00f3 270.000 infecciones de Covid-19, a pesar de la limitada cantidad de testeos que maneja.<\/p>\n<h2 class>Dinamarca<\/h2>\n<p>El Gobierno de Dinamarca opt\u00f3 por el carril contrario y anunci\u00f3 este mi\u00e9rcoles que a partir del martes pr\u00f3ximo se eliminar\u00e1n todas las restricciones contra el coronavirus a pesar de un n\u00famero r\u00e9cord de nuevos contagios, porque considera que su alta cobertura de vacunaci\u00f3n es suficiente frente a la variante \u00d3micron.<\/p>\n<p><strong>El 81% de la poblaci\u00f3n tiene al menos el esquema completo contra la Covid-19.<\/strong><\/p>\n<p>De acuerdo con la nueva normativa, por ejemplo, desde el 1 de febrero no ser\u00e1 obligatorio utilizar tapabocas, y los bares y restaurantes no tendr\u00e1n limitaci\u00f3n horaria.<\/p>\n<p>El gobierno solo quiere mantener ciertas restricciones a la entrada en Dinamarca durante otras cuatro semanas, es decir, test y\/o cuarentena seg\u00fan el pa\u00eds de origen.<\/p>\n<figure class=\"mb-3\"><img loading=\"lazy\" src=\"http:\/\/cordobadirecto.com\/wp-content\/uploads\/2022\/01\/europa-dividida-entre-extender-o-levantar-las-restricciones-ante-la-variante-omicron-1.jpg\" width=\"100%\" height=\"100%\" alt=\"En las ltimas 24 horas Dinamarca report ms de 46000 nuevos casos de coronavirus\"><figcaption> En las \u00faltimas 24 horas, Dinamarca report\u00f3 m\u00e1s de 46.000 nuevos casos de coronavirus. <\/figcaption><\/figure>\n<p><strong>En las \u00faltimas 24 horas, Dinamarca report\u00f3 m\u00e1s de 46.000 nuevos casos de coronavirus.<\/strong><\/p>\n<p>La tasa de infecci\u00f3n es extremadamente alta en el pa\u00eds n\u00f3rdico, &#8220;pero nuestra evaluaci\u00f3n actual es que la epidemia alcanzar\u00e1 pronto su pico. Tenemos un buen control de las hospitalizaciones, lo que se debe a que 3,5 millones de daneses ya han sido revacunados y que \u00d3micron es menos grave&#8221;, tuite\u00f3 Magnus Heunicke, ministro de Salud.<\/p>\n<h2 class>Austria<\/h2>\n<p>La relajaci\u00f3n de restricciones tambi\u00e9n pisa fuerte en Austria, donde a partir del lunes 31 de enero se cancelar\u00e1 el confinamiento para los no vacunados contra el coronavirus, declar\u00f3 hoy el canciller Karl Nehammer.<\/p>\n<p><strong>La decisi\u00f3n se tom\u00f3 tras estabilizarse la situaci\u00f3n en los hospitales, sobre todo en las unidades de cuidados intensivos, inform\u00f3 la agencia de noticias Sputnilk.<\/strong><\/p>\n<p>Sin embargo, sigue vigente la obligaci\u00f3n del uso del tapabocas especial FFP2 y para asistir a lugares p\u00fablicos, restaurantes, tiendas, eventos de cultura y arte es necesario haber transitado la enfermedad o estar vacunado.<\/p>\n<p>&#8220;Se trata de una de las medidas m\u00e1s estrictas que se pueda tomar. <strong>Queremos limitar las restricciones a lo m\u00ednimo posible<\/strong>, pero la situaci\u00f3n actual en los hospitales lo exige&#8221;, aleg\u00f3 el canciller conservador Karl Nehammer en rueda de prensa.<\/p>\n<p>Desde mediados de noviembre aquellos que no hubieran sido inyectados al menos una vez o que presentasen certificados que confirmen que tienen anticuerpos por una infecci\u00f3n reciente, en teor\u00eda no ten\u00edan derecho a abandonar sus domicilios, salvo para trabajar, comprar alimentos, hacer deporte o consultas m\u00e9dicas.<\/p>\n<p><strong>Austria opt\u00f3 por esta dr\u00e1stica medida a causa del repunte de casos<\/strong> y un riesgo de saturaci\u00f3n de las unidades de cuidados intensivos, consign\u00f3 la agencia de noticias AFP.<\/p>\n","protected":false},"excerpt":{"rendered":"<p>Suecia decidi\u00f3 prorrogar sus medidas actuales por otras dos semanas. Europa se enfrenta a la propagaci\u00f3n de la variante \u00d3micron y ensaya distintas estrategias: mientras que Alemania registra r\u00e9cord de casos y se mantiene firme con las medidas sanitarias y Suecia las extiende por dos semanas m\u00e1s, Dinamarca anuncia su eliminaci\u00f3n y Austria cancela la [&hellip;]<\/p>\n","protected":false},"author":1,"featured_media":41235,"comment_status":"closed","ping_status":"closed","sticky":false,"template":"","format":"standard","meta":[],"categories":[24],"tags":[],"_links":{"self":[{"href":"http:\/\/cordobadirecto.com\/index.php\/wp-json\/wp\/v2\/posts\/41234"}],"collection":[{"href":"http:\/\/cordobadirecto.com\/index.php\/wp-json\/wp\/v2\/posts"}],"about":[{"href":"http:\/\/cordobadirecto.com\/index.php\/wp-json\/wp\/v2\/types\/post"}],"author":[{"embeddable":true,"href":"http:\/\/cordobadirecto.com\/index.php\/wp-json\/wp\/v2\/users\/1"}],"replies":[{"embeddable":true,"href":"http:\/\/cordobadirecto.com\/index.php\/wp-json\/wp\/v2\/comments?post=41234"}],"version-history":[{"count":0,"href":"http:\/\/cordobadirecto.com\/index.php\/wp-json\/wp\/v2\/posts\/41234\/revisions"}],"wp:featuredmedia":[{"embeddable":true,"href":"http:\/\/cordobadirecto.com\/index.php\/wp-json\/wp\/v2\/media\/41235"}],"wp:attachment":[{"href":"http:\/\/cordobadirecto.com\/index.php\/wp-json\/wp\/v2\/media?parent=41234"}],"wp:term":[{"taxonomy":"category","embeddable":true,"href":"http:\/\/cordobadirecto.com\/index.php\/wp-json\/wp\/v2\/categories?post=41234"},{"taxonomy":"post_tag","embeddable":true,"href":"http:\/\/cordobadirecto.com\/index.php\/wp-json\/wp\/v2\/tags?post=41234"}],"curies":[{"name":"wp","href":"https:\/\/api.w.org\/{rel}","templated":true}]}}