{"id":41366,"date":"2022-01-26T20:32:41","date_gmt":"2022-01-26T20:32:41","guid":{"rendered":"https:\/\/www.ole.com.ar\/autos\/josito-vuelve-top-race_0_9ZHEQy3E3G.html"},"modified":"2022-01-26T20:32:41","modified_gmt":"2022-01-26T20:32:41","slug":"me-veras-volver","status":"publish","type":"post","link":"http:\/\/cordobadirecto.com\/index.php\/2022\/01\/26\/me-veras-volver\/","title":{"rendered":"Me ver\u00e1s volver"},"content":{"rendered":"<div><img src=\"http:\/\/cordobadirecto.com\/wp-content\/uploads\/2022\/01\/me-veras-volver.jpg\" class=\"ff-og-image-inserted\"><\/div>\n<p>Esta ma\u00f1ana, &#8220;Josito\u201d Di Palma comunic\u00f3&nbsp;su regreso al Top Race desde esta temporada, que comenzar\u00e1 el 27 de febrero en el Aut\u00f3dromo de Buenos Aires.<\/p>\n<p> <mark>El de Arrecifes volver\u00e1 a estar en la categor\u00eda a bordo de un Fiat<\/mark> del equipo Octanos Competici\u00f3n, como compa\u00f1ero de equipo de su hermano, Stefano Di Palma.<\/p>\n<p> <mark>\u201cJosito\u201d tuvo su \u00faltimo contacto con un auto de TRV6 en la carrera especial de Buenos Aires del a\u00f1o pasado<\/mark> donde comparti\u00f3 el manejo con \u201cFefo\u201d. Despu\u00e9s de esa experiencia, decidi\u00f3 que retornar\u00e1 a la categor\u00eda en el 2022 y lo inform\u00f3 en sus redes sociales.<\/p>\n<p><mark>\u201cFeliz de anunciar mi llegada al equipo Octanos Competici\u00f3n<\/mark> en el Top Race en este a\u00f1o 2022. Estoy muy feliz de compartir equipo con mi hermano, @fefodipalma, persona muy especial para mi. Por \u00faltimo, quiero agradecer a la categor\u00eda, a los hermanos Levy y a Adri\u00e1n Hamze por la gesti\u00f3n\u201d, expres\u00f3 Josito.<\/p>\n<p>Foto portada:&nbsp;Damian Barischpolski<\/p>\n<div class=\"entry-tags\">\n<h2>TEMAS QUE APARECEN EN ESTA NOTA<\/h2>\n<\/p><\/div>\n","protected":false},"excerpt":{"rendered":"<p>Esta ma\u00f1ana, &#8220;Josito\u201d Di Palma comunic\u00f3&nbsp;su regreso al Top Race desde esta temporada, que comenzar\u00e1 el 27 de febrero en el Aut\u00f3dromo de Buenos Aires. El de Arrecifes volver\u00e1 a estar en la categor\u00eda a bordo de un Fiat del equipo Octanos Competici\u00f3n, como compa\u00f1ero de equipo de su hermano, Stefano Di Palma. \u201cJosito\u201d tuvo [&hellip;]<\/p>\n","protected":false},"author":1,"featured_media":41367,"comment_status":"closed","ping_status":"closed","sticky":false,"template":"","format":"standard","meta":[],"categories":[21],"tags":[],"_links":{"self":[{"href":"http:\/\/cordobadirecto.com\/index.php\/wp-json\/wp\/v2\/posts\/41366"}],"collection":[{"href":"http:\/\/cordobadirecto.com\/index.php\/wp-json\/wp\/v2\/posts"}],"about":[{"href":"http:\/\/cordobadirecto.com\/index.php\/wp-json\/wp\/v2\/types\/post"}],"author":[{"embeddable":true,"href":"http:\/\/cordobadirecto.com\/index.php\/wp-json\/wp\/v2\/users\/1"}],"replies":[{"embeddable":true,"href":"http:\/\/cordobadirecto.com\/index.php\/wp-json\/wp\/v2\/comments?post=41366"}],"version-history":[{"count":0,"href":"http:\/\/cordobadirecto.com\/index.php\/wp-json\/wp\/v2\/posts\/41366\/revisions"}],"wp:featuredmedia":[{"embeddable":true,"href":"http:\/\/cordobadirecto.com\/index.php\/wp-json\/wp\/v2\/media\/41367"}],"wp:attachment":[{"href":"http:\/\/cordobadirecto.com\/index.php\/wp-json\/wp\/v2\/media?parent=41366"}],"wp:term":[{"taxonomy":"category","embeddable":true,"href":"http:\/\/cordobadirecto.com\/index.php\/wp-json\/wp\/v2\/categories?post=41366"},{"taxonomy":"post_tag","embeddable":true,"href":"http:\/\/cordobadirecto.com\/index.php\/wp-json\/wp\/v2\/tags?post=41366"}],"curies":[{"name":"wp","href":"https:\/\/api.w.org\/{rel}","templated":true}]}}