{"id":41391,"date":"2022-01-27T21:44:00","date_gmt":"2022-01-27T21:44:00","guid":{"rendered":"http:\/\/cordobadirecto.com\/index.php\/2022\/01\/27\/biden-nombrara-a-la-primera-mujer-negra-en-la-corte-suprema\/"},"modified":"2022-01-27T21:44:00","modified_gmt":"2022-01-27T21:44:00","slug":"biden-nombrara-a-la-primera-mujer-negra-en-la-corte-suprema","status":"publish","type":"post","link":"http:\/\/cordobadirecto.com\/index.php\/2022\/01\/27\/biden-nombrara-a-la-primera-mujer-negra-en-la-corte-suprema\/","title":{"rendered":"Biden nombrar\u00e1 a la &#8220;primera mujer negra&#8221; en la Corte Suprema"},"content":{"rendered":"<figure class=\"mb-3\"><img loading=\"lazy\" src=\"http:\/\/cordobadirecto.com\/wp-content\/uploads\/2022\/01\/biden-nombrara-a-la-primera-mujer-negra-en-la-corte-suprema.jpg\" width=\"100%\" height=\"100%\" alt=\"El juez progresista Breyer de 83 aos de los cuales lleva 28 en la Corte se jubilar en junio y le permitir al presidente elegir a su sucesor Foto archivo AFP\"><figcaption> El juez progresista Breyer, de 83 a\u00f1os, de los cuales lleva 28 en la Corte, se jubilar\u00e1 en junio y le permitir\u00e1 al presidente elegir a su sucesor (Foto archivo AFP). <\/figcaption><\/figure>\n<p>El presidente estadounidense, Joe Biden, confirm\u00f3 este jueves que nombrar\u00e1 por primera vez en la historia a una mujer negra para la Corte Suprema de Estados Unidos, <strong>en reemplazo del juez progresista Stephen Breyer<\/strong>, quien se jubilar\u00e1 en junio del tribunal que tiene la formaci\u00f3n m\u00e1s conservadora de los \u00faltimos 90 a\u00f1os.<\/p>\n<p><strong>&#8220;La persona que nombrar\u00e9 tendr\u00e1 cualificaciones, una personalidad, una experiencia y una integridad extraordinarias. Y ser\u00e1 la primera mujer negra designada para la Corte Suprema&#8221;, dijo Biden durante un discurso en la Casa Blanca<\/strong>, retomando una promesa que hizo durante la campa\u00f1a electoral.<\/p>\n<blockquote class=\"twitter-tweet\" readability=\"9.3984962406015\">\n<p lang=\"en\" dir=\"ltr\">The person I nominate to replace Justice Breyer will be someone with extraordinary qualifications. Character, experience, and integrity. <\/p>\n<p>And they will be the first Black woman nominated to the United States Supreme Court.<\/p>\n<p>\u2014 President Biden (@POTUS) <a href=\"https:\/\/twitter.com\/POTUS\/status\/1486756549372567561?ref_src=twsrc%5Etfw\">January 27, 2022<\/a><\/p><\/blockquote>\n<p>Si bien Biden aclar\u00f3 que todav\u00eda no realiz\u00f3 la elecci\u00f3n y que<strong> se har\u00e1 p\u00fablica &#8220;a finales de febrero&#8221;, el nombre de la magistrada Ketanji Brown Jackson, de la Corte Federal de Apelaciones de Washington, es uno de los que m\u00e1s suena para el cargo.<\/strong><\/p>\n<h2 class>Historia de la Corte Suprema<\/h2>\n<p>De los 115 jueces que la integraron <strong>desde su creaci\u00f3n, la Corte Suprema solo tuvo cinco mujeres, cuatro blancas y una hispana, y dos hombres negros, entre ellos el actual magistrado Clarence Thomas.<\/strong><\/p>\n<p>El <strong>juez progresista Breyer, de 83 a\u00f1os, de los cuales lleva 28 en la Corte, se jubilar\u00e1 en junio y le permitir\u00e1 al presidente Biden elegir a su sucesor,<\/strong> inform\u00f3 la agencia de noticias AFP.<\/p>\n<blockquote class=\"twitter-tweet\" readability=\"6.6172839506173\">\n<p lang=\"en\" dir=\"ltr\">I will nominate a historic candidate who is worthy of Justice Breyer\u2019s legacy \u2014 someone who will, like Justice Breyer, provide incredible service on the Supreme Court. <a href=\"https:\/\/t.co\/Jx6iT1fym1\">pic.twitter.com\/Jx6iT1fym1<\/a><\/p>\n<p>\u2014 President Biden (@POTUS) <a href=\"https:\/\/twitter.com\/POTUS\/status\/1486808019648360453?ref_src=twsrc%5Etfw\">January 27, 2022<\/a><\/p><\/blockquote>\n<p>&#8220;Es un juez ejemplar, justo con las partes, cort\u00e9s con sus compa\u00f1eros, prudente en sus razonamientos&#8221; y que &#8220;trabaj\u00f3 incansablemente para hacer realidad la noci\u00f3n de que el derecho existe para ayudar a las personas&#8221;, homenaje\u00f3 el presidente al juez que deber\u00e1 ser reemplazo.<\/p>\n<h2 class>Conservadurismo en la Corte Suprema<\/h2>\n<p>Hace poco m\u00e1s de un a\u00f1o, la Corte Suprema pas\u00f3 a ser la m\u00e1s conservadora de los \u00faltimas nueve d\u00e9cadas.<\/p>\n<p><strong>Tras el nombramiento de la jueza Amy Coney Barrett por el entonces presidente Donald Trump, el tribunal tiene seis magistrados conservadores de los nueve totales.<\/strong><\/p>\n<p>Gracias a este giro a la derecha,<strong> la Corte pudo invalidar la vacunaci\u00f3n obligatoria en las grandes empresas decretada por Biden y parece encaminada a reconsiderar a mediados de a\u00f1o, en coincidencia con la fecha de salida de Breyer, el derecho al aborto que rige en Estados Unidos desde 1973.<\/strong><\/p>\n<h2 class>Biden sobre el aborto<\/h2>\n<p>Sobre esta posibilidad, Biden asegur\u00f3 que defender\u00e1 el &#8220;derecho constitucional&#8221; al aborto que se halla &#8220;bajo asedio como nunca antes&#8221;.<\/p>\n<p>&#8220;Es un derecho que creemos deber\u00eda ser codificado en ley, y nos comprometemos a defenderlo con todas las herramientas que poseemos&#8221;, expres\u00f3 Biden en un comunicado firmado junto a la vicepresidenta, Kamala Harris. <\/p>\n","protected":false},"excerpt":{"rendered":"<p>El juez progresista Breyer, de 83 a\u00f1os, de los cuales lleva 28 en la Corte, se jubilar\u00e1 en junio y le permitir\u00e1 al presidente elegir a su sucesor (Foto archivo AFP). El presidente estadounidense, Joe Biden, confirm\u00f3 este jueves que nombrar\u00e1 por primera vez en la historia a una mujer negra para la Corte Suprema [&hellip;]<\/p>\n","protected":false},"author":1,"featured_media":41392,"comment_status":"closed","ping_status":"closed","sticky":false,"template":"","format":"standard","meta":[],"categories":[24],"tags":[],"_links":{"self":[{"href":"http:\/\/cordobadirecto.com\/index.php\/wp-json\/wp\/v2\/posts\/41391"}],"collection":[{"href":"http:\/\/cordobadirecto.com\/index.php\/wp-json\/wp\/v2\/posts"}],"about":[{"href":"http:\/\/cordobadirecto.com\/index.php\/wp-json\/wp\/v2\/types\/post"}],"author":[{"embeddable":true,"href":"http:\/\/cordobadirecto.com\/index.php\/wp-json\/wp\/v2\/users\/1"}],"replies":[{"embeddable":true,"href":"http:\/\/cordobadirecto.com\/index.php\/wp-json\/wp\/v2\/comments?post=41391"}],"version-history":[{"count":0,"href":"http:\/\/cordobadirecto.com\/index.php\/wp-json\/wp\/v2\/posts\/41391\/revisions"}],"wp:featuredmedia":[{"embeddable":true,"href":"http:\/\/cordobadirecto.com\/index.php\/wp-json\/wp\/v2\/media\/41392"}],"wp:attachment":[{"href":"http:\/\/cordobadirecto.com\/index.php\/wp-json\/wp\/v2\/media?parent=41391"}],"wp:term":[{"taxonomy":"category","embeddable":true,"href":"http:\/\/cordobadirecto.com\/index.php\/wp-json\/wp\/v2\/categories?post=41391"},{"taxonomy":"post_tag","embeddable":true,"href":"http:\/\/cordobadirecto.com\/index.php\/wp-json\/wp\/v2\/tags?post=41391"}],"curies":[{"name":"wp","href":"https:\/\/api.w.org\/{rel}","templated":true}]}}