{"id":41394,"date":"2022-01-27T21:39:22","date_gmt":"2022-01-27T21:39:22","guid":{"rendered":"https:\/\/cordoba.gob.ar\/?p=19728"},"modified":"2022-01-27T21:39:22","modified_gmt":"2022-01-27T21:39:22","slug":"la-ciudad-invita-al-evento-mundial-de-la-noche-de-las-ideas","status":"publish","type":"post","link":"http:\/\/cordobadirecto.com\/index.php\/2022\/01\/27\/la-ciudad-invita-al-evento-mundial-de-la-noche-de-las-ideas\/","title":{"rendered":"La ciudad invita al evento mundial de \u201cLa Noche de las Ideas\u201d"},"content":{"rendered":"<div><img src=\"http:\/\/cordobadirecto.com\/wp-content\/uploads\/2022\/01\/la-ciudad-invita-al-evento-mundial-de-la-noche-de-las-ideas.jpg\" class=\"ff-og-image-inserted\"><\/div>\n<ul>\n<li><strong>A partir de esta tarde y ma\u00f1ana 28 de enero, se llevar\u00e1n a cabo conferencias, espect\u00e1culos musicales, muestras de arte y talleres de car\u00e1cter gratuito.<\/strong><\/li>\n<li><strong>Se trata de la sexta edici\u00f3n, y se celebra en simult\u00e1neo en un centenar de pa\u00edses promoviendo el intercambio de ideas entre estados, culturas, disciplinas y generaciones.<\/strong><\/li>\n<li><strong>Para conocer en detalle la programaci\u00f3n ingresar a este <a href=\"https:\/\/lanochedelasideas.ifargentine.com.ar\/cordoba\/\">link<\/a>.<\/strong><\/li>\n<\/ul>\n<hr>\n<p>La Municipalidad de C\u00f3rdoba, a trav\u00e9s de la Secretar\u00eda de Cultura y Juventud, acompa\u00f1a al evento internacional \u201cLa Noche de las Ideas\u201d el cual es impulsado por el Ministerio de Europa y Relaciones Exteriores de Francia, organizado en Argentina por la Embajada de Francia junto a la coordinaci\u00f3n general de las Alianzas Francesas de Argentina.<\/p>\n<p>El evento se desarrollar\u00e1 hoy de 19 a 23 hs, con sede en la Alianza Francesa de C\u00f3rdoba (Ayacucho 46), donde se levar\u00e1n a cabo actividades, performance art\u00edstica y un conversatorio. Para conocer m\u00e1s acerca de la propuesta, ingresar al siguiente archivo: <a href=\"https:\/\/cordoba.gob.ar\/wp-content\/uploads\/2022\/01\/LA-Noche-de-las-Ideas.pdf\">La Noche de las Ideas 2022<\/a><\/p>\n<p>En su sexta edici\u00f3n, \u201cLa Noche de las Ideas\u201d se celebra de manera simult\u00e1nea en m\u00e1s de un centenar de pa\u00edses y promueve el intercambio de ideas entre estados, culturas, disciplinas y generaciones.<\/p>\n<p>Durante el evento se realizan conferencias, encuentros, foros, mesas de debate, proyecciones, espect\u00e1culos musicales, muestras de arte y talleres en torno a una tem\u00e1tica com\u00fan.<\/p>\n<p>Como cada mes de enero, en esta oportunidad el lema es \u201c(Re)construir lo com\u00fan\u201d con el fin de reflexionar una sociedad marcada por el paso de la pandemia, haciendo hincapi\u00e9 en la cooperaci\u00f3n entre individuos, grupos y estados; la movilizaci\u00f3n de la sociedad civil, entre otros temas vigentes.<\/p>\n<p><em>\u201cNos resulta muy gratificante participar de este encuentro cultural, donde la Municipalidad junto a la Alianza Francesa de C\u00f3rdoba, tienen como objetivo reconstruir nuestra comunidad y encontrar all\u00ed las instancias de di\u00e1logo a partir de actividades, charlas, m\u00fasica y arte que propone \u201cLa Noche de las Ideas\u201d<\/em>, expres\u00f3 Mariano Almada, Secretario de Cultura y Juventud municipal.<\/p>\n<p>De car\u00e1cter federal, \u201cLa Noche de las Ideas\u201d 2022 propone actividades en diferentes puntos del pa\u00eds, entre ellos: AMBA, C\u00f3rdoba, Mar del Plata, Mendoza, Rosario, San Miguel de Tucum\u00e1n, Santa Fe y Ushuaia.<\/p>\n","protected":false},"excerpt":{"rendered":"<p>A partir de esta tarde y ma\u00f1ana 28 de enero, se llevar\u00e1n a cabo conferencias, espect\u00e1culos musicales, muestras de arte y talleres de car\u00e1cter gratuito. Se trata de la sexta edici\u00f3n, y se celebra en simult\u00e1neo en un centenar de pa\u00edses promoviendo el intercambio de ideas entre estados, culturas, disciplinas y generaciones. Para conocer en [&hellip;]<\/p>\n","protected":false},"author":1,"featured_media":41395,"comment_status":"closed","ping_status":"closed","sticky":false,"template":"","format":"standard","meta":[],"categories":[44],"tags":[],"_links":{"self":[{"href":"http:\/\/cordobadirecto.com\/index.php\/wp-json\/wp\/v2\/posts\/41394"}],"collection":[{"href":"http:\/\/cordobadirecto.com\/index.php\/wp-json\/wp\/v2\/posts"}],"about":[{"href":"http:\/\/cordobadirecto.com\/index.php\/wp-json\/wp\/v2\/types\/post"}],"author":[{"embeddable":true,"href":"http:\/\/cordobadirecto.com\/index.php\/wp-json\/wp\/v2\/users\/1"}],"replies":[{"embeddable":true,"href":"http:\/\/cordobadirecto.com\/index.php\/wp-json\/wp\/v2\/comments?post=41394"}],"version-history":[{"count":0,"href":"http:\/\/cordobadirecto.com\/index.php\/wp-json\/wp\/v2\/posts\/41394\/revisions"}],"wp:featuredmedia":[{"embeddable":true,"href":"http:\/\/cordobadirecto.com\/index.php\/wp-json\/wp\/v2\/media\/41395"}],"wp:attachment":[{"href":"http:\/\/cordobadirecto.com\/index.php\/wp-json\/wp\/v2\/media?parent=41394"}],"wp:term":[{"taxonomy":"category","embeddable":true,"href":"http:\/\/cordobadirecto.com\/index.php\/wp-json\/wp\/v2\/categories?post=41394"},{"taxonomy":"post_tag","embeddable":true,"href":"http:\/\/cordobadirecto.com\/index.php\/wp-json\/wp\/v2\/tags?post=41394"}],"curies":[{"name":"wp","href":"https:\/\/api.w.org\/{rel}","templated":true}]}}