{"id":41499,"date":"2022-01-28T13:19:30","date_gmt":"2022-01-28T13:19:30","guid":{"rendered":"https:\/\/www.ole.com.ar\/autos\/provens-correra-super-tc2000_0_lneTS67wsI.html"},"modified":"2022-01-28T13:19:30","modified_gmt":"2022-01-28T13:19:30","slug":"pega-el-salto","status":"publish","type":"post","link":"http:\/\/cordobadirecto.com\/index.php\/2022\/01\/28\/pega-el-salto\/","title":{"rendered":"Pega el salto"},"content":{"rendered":"<p>Despu\u00e9s de su paso por el TC2000 con victorias y podios, Eugenio Provens decidi\u00f3 pegar el salto y desde esta temporada correr\u00e1 en el S\u00faper TC2000 junto al Toyota Gazoo Racing Junior.<\/p>\n<div class=\"sp__SM\">\n<div class=\"content-new \">\n<span class=\"tit-mobile\">Mir\u00e1 tambi\u00e9n<\/span><\/p>\n<div class=\"mg\">\n<div class=\"wrap-figure\">\n<picture>\n<a href=\"https:\/\/www.ole.com.ar\/autos\/viene-halo-formula-renault_0_FeWWfNnqvz.html\" target=\"_self\" rel=\"noopener\"><br \/>\n<img class=\"img-responsive\" alt=\"Se viene el Halo\" src=\"http:\/\/cordobadirecto.com\/wp-content\/uploads\/2022\/01\/pega-el-salto.jpg\" loading=\"lazy\"><br \/>\n<\/a>\n<\/picture>\n<\/div>\n<\/div><\/div>\n<\/div>\n<p>&#8220;Es un desaf\u00edo personal muy grande tener la oportunidad de competir contra los mejores pilotos del pa\u00eds. <mark>Hay grandes equipos que tienen muy buenos ingenieros y trabajan de una manera muy profesional. Voy a prepararme para estar a la altura de las circunstancias&#8221;<\/mark>, dijo Provens en primer t\u00e9rmino.<\/p>\n<p>Luego, hizo referencia a c\u00f3mo se dio su llegada al Toyota Gazoo Racing Junior: <mark>&#8220;El a\u00f1o pasado hab\u00eda podido realizar algunas tandas para Pilotos Tester y ah\u00ed se dio mi primer acercamiento al equipo. Eso me sirvi\u00f3 para conocer el Corolla. <\/mark>Est\u00e1 muy buena la iniciativa de la categor\u00eda para que tengamos una adaptaci\u00f3n antes de dar el salto de categor\u00eda. Recib\u00ed la propuesta y pudimos concretar el acuerdo para disputar la temporada 2022&#8243;.<\/p>\n<p>Y adem\u00e1s sostuvo: <mark>&#8220;Estoy agradecido a Dar\u00edo Ramonda, con quien el a\u00f1o pasado estuvimos en contacto para realizar estos test y tambi\u00e9n me ayud\u00f3 mucho para que pudiera estar presente en la categor\u00eda.<\/mark> Lo mismo a Claudio Pfening y todo su equipo, adem\u00e1s de mi grupo de sponsors, que me apoyan y me permiten competir&#8221;.<\/p>\n<div class=\"sp__SM\">\n<div class=\"content-new \">\n<span class=\"tit-mobile\">Mir\u00e1 tambi\u00e9n<\/span><\/p>\n<div class=\"mg\">\n<div class=\"wrap-figure\">\n<picture>\n<a href=\"https:\/\/www.ole.com.ar\/autos\/newgarden-hablo-f1_0_GdykW15qDm.html\" target=\"_self\" rel=\"noopener\"><br \/>\n<img class=\"img-responsive\" alt=\"&quot;La F1 no es un torneo de pilotos&quot;\" src=\"http:\/\/cordobadirecto.com\/wp-content\/uploads\/2022\/01\/pega-el-salto-1.jpg\" loading=\"lazy\"><br \/>\n<\/a>\n<\/picture>\n<\/div>\n<\/div><\/div>\n<\/div>\n<p>Por \u00faltimo, el piloto oriundo de Isla Verde y radicado en R\u00edo Cuarto habl\u00f3 sobre sus objetivos para el campeonato 2022: <mark>\u201cEl objetivo principal es adaptarme lo m\u00e1s r\u00e1pido posible al auto. Por suerte arrancamos en el Cabal\u00e9n, que es un circuito que conozco y espero que sea todo m\u00e1s simple. <\/mark>Obviamente buscar\u00e9 ir progresando, dar lo mejor en cada salida a pista y devolverle al equipo el gran trabajo que est\u00e1n haciendo&#8221;.<\/p>\n<div class=\"entry-tags\">\n<h2>TEMAS QUE APARECEN EN ESTA NOTA<\/h2>\n<\/p><\/div>\n","protected":false},"excerpt":{"rendered":"<p>Despu\u00e9s de su paso por el TC2000 con victorias y podios, Eugenio Provens decidi\u00f3 pegar el salto y desde esta temporada correr\u00e1 en el S\u00faper TC2000 junto al Toyota Gazoo Racing Junior. Mir\u00e1 tambi\u00e9n &#8220;Es un desaf\u00edo personal muy grande tener la oportunidad de competir contra los mejores pilotos del pa\u00eds. Hay grandes equipos que [&hellip;]<\/p>\n","protected":false},"author":1,"featured_media":41500,"comment_status":"closed","ping_status":"closed","sticky":false,"template":"","format":"standard","meta":[],"categories":[21],"tags":[],"_links":{"self":[{"href":"http:\/\/cordobadirecto.com\/index.php\/wp-json\/wp\/v2\/posts\/41499"}],"collection":[{"href":"http:\/\/cordobadirecto.com\/index.php\/wp-json\/wp\/v2\/posts"}],"about":[{"href":"http:\/\/cordobadirecto.com\/index.php\/wp-json\/wp\/v2\/types\/post"}],"author":[{"embeddable":true,"href":"http:\/\/cordobadirecto.com\/index.php\/wp-json\/wp\/v2\/users\/1"}],"replies":[{"embeddable":true,"href":"http:\/\/cordobadirecto.com\/index.php\/wp-json\/wp\/v2\/comments?post=41499"}],"version-history":[{"count":0,"href":"http:\/\/cordobadirecto.com\/index.php\/wp-json\/wp\/v2\/posts\/41499\/revisions"}],"wp:featuredmedia":[{"embeddable":true,"href":"http:\/\/cordobadirecto.com\/index.php\/wp-json\/wp\/v2\/media\/41500"}],"wp:attachment":[{"href":"http:\/\/cordobadirecto.com\/index.php\/wp-json\/wp\/v2\/media?parent=41499"}],"wp:term":[{"taxonomy":"category","embeddable":true,"href":"http:\/\/cordobadirecto.com\/index.php\/wp-json\/wp\/v2\/categories?post=41499"},{"taxonomy":"post_tag","embeddable":true,"href":"http:\/\/cordobadirecto.com\/index.php\/wp-json\/wp\/v2\/tags?post=41499"}],"curies":[{"name":"wp","href":"https:\/\/api.w.org\/{rel}","templated":true}]}}