{"id":41501,"date":"2022-01-27T17:28:03","date_gmt":"2022-01-27T17:28:03","guid":{"rendered":"https:\/\/www.ole.com.ar\/autos\/mclaren-puso-marcha-motor_0_oV83hPuegG.html"},"modified":"2022-01-27T17:28:03","modified_gmt":"2022-01-27T17:28:03","slug":"como-suena-el-mclaren-para-el-2022","status":"publish","type":"post","link":"http:\/\/cordobadirecto.com\/index.php\/2022\/01\/27\/como-suena-el-mclaren-para-el-2022\/","title":{"rendered":"\u00bfC\u00f3mo suena el McLaren para el 2022?"},"content":{"rendered":"<p>McLaren presentar\u00e1 en sociedad el MCL36 para el campeonato 2022 el pr\u00f3ximo 11 de febrero. Para que los fan\u00e1ticos calmen su ansiedad,<mark> la escuder\u00eda con sede en Woking subi\u00f3 un video a sus redes, donde se puede escuchar c\u00f3mo suena el motor que llevar\u00e1 el auto esta temporada.<\/mark><\/p>\n<div class=\"sp__SM\">\n<div class=\"content-new \">\n<span class=\"tit-mobile\">Mir\u00e1 tambi\u00e9n<\/span><\/p>\n<div class=\"mg\">\n<div class=\"wrap-figure\">\n<picture>\n<a href=\"https:\/\/www.ole.com.ar\/autos\/equipos-f1-2022_0_olnGg3Bdik.html\" target=\"_self\" rel=\"noopener\"><br \/>\n<img class=\"img-responsive\" alt=\"M\u00e1s fechas de presentaci\u00f3n\" src=\"http:\/\/cordobadirecto.com\/wp-content\/uploads\/2022\/01\/como-suena-el-mclaren-para-el-2022.jpg\" loading=\"lazy\"><br \/>\n<\/a>\n<\/picture>\n<\/div>\n<\/div><\/div>\n<\/div>\n<p>El pr\u00f3ximo viernes 11 de febrero, no solo ser\u00e1 el lanzamiento del auto de F\u00f3rmula 1, sino que en el evento tambi\u00e9n se conocer\u00e1 todo el programa deportivo de McLaren que incluye categor\u00edas como la IndyCar y Extreme E. <mark>&#8220;A las 19:00 GTM (hora de Reino Unido), presentaremos el programa de McLaren Racing 2022 en directo desde el MTC, en colaboraci\u00f3n con Sky Sports F1, mientras presentamos nuestro coche de la F\u00f3rmula 1 de 2022, el McLaren MCL36. Tambi\u00e9n podr\u00e1s escuchar a los equipos Arrow McLaren SP, McLaren Extreme E y McLaren Shadow antes de su temporada 2022&#8221;.<\/mark><\/p>\n<div class=\"sp__SM\">\n<div class=\"content-new \">\n<span class=\"tit-mobile\">Mir\u00e1 tambi\u00e9n<\/span><\/p>\n<div class=\"mg\">\n<div class=\"wrap-figure\">\n<picture>\n<a href=\"https:\/\/www.ole.com.ar\/autos\/newgarden-hablo-f1_0_GdykW15qDm.html\" target=\"_self\" rel=\"noopener\"><br \/>\n<img class=\"img-responsive\" alt=\"&quot;La F1 no es un torneo de pilotos&quot;\" src=\"http:\/\/cordobadirecto.com\/wp-content\/uploads\/2022\/01\/como-suena-el-mclaren-para-el-2022-1.jpg\" loading=\"lazy\"><br \/>\n<\/a>\n<\/picture>\n<\/div><\/div><\/div>\n<\/div>\n<div class=\"entry-tags\">\n<h2>TEMAS QUE APARECEN EN ESTA NOTA<\/h2>\n<\/p><\/div>\n","protected":false},"excerpt":{"rendered":"<p>McLaren presentar\u00e1 en sociedad el MCL36 para el campeonato 2022 el pr\u00f3ximo 11 de febrero. Para que los fan\u00e1ticos calmen su ansiedad, la escuder\u00eda con sede en Woking subi\u00f3 un video a sus redes, donde se puede escuchar c\u00f3mo suena el motor que llevar\u00e1 el auto esta temporada. Mir\u00e1 tambi\u00e9n El pr\u00f3ximo viernes 11 de [&hellip;]<\/p>\n","protected":false},"author":1,"featured_media":41502,"comment_status":"closed","ping_status":"closed","sticky":false,"template":"","format":"standard","meta":[],"categories":[21],"tags":[],"_links":{"self":[{"href":"http:\/\/cordobadirecto.com\/index.php\/wp-json\/wp\/v2\/posts\/41501"}],"collection":[{"href":"http:\/\/cordobadirecto.com\/index.php\/wp-json\/wp\/v2\/posts"}],"about":[{"href":"http:\/\/cordobadirecto.com\/index.php\/wp-json\/wp\/v2\/types\/post"}],"author":[{"embeddable":true,"href":"http:\/\/cordobadirecto.com\/index.php\/wp-json\/wp\/v2\/users\/1"}],"replies":[{"embeddable":true,"href":"http:\/\/cordobadirecto.com\/index.php\/wp-json\/wp\/v2\/comments?post=41501"}],"version-history":[{"count":0,"href":"http:\/\/cordobadirecto.com\/index.php\/wp-json\/wp\/v2\/posts\/41501\/revisions"}],"wp:featuredmedia":[{"embeddable":true,"href":"http:\/\/cordobadirecto.com\/index.php\/wp-json\/wp\/v2\/media\/41502"}],"wp:attachment":[{"href":"http:\/\/cordobadirecto.com\/index.php\/wp-json\/wp\/v2\/media?parent=41501"}],"wp:term":[{"taxonomy":"category","embeddable":true,"href":"http:\/\/cordobadirecto.com\/index.php\/wp-json\/wp\/v2\/categories?post=41501"},{"taxonomy":"post_tag","embeddable":true,"href":"http:\/\/cordobadirecto.com\/index.php\/wp-json\/wp\/v2\/tags?post=41501"}],"curies":[{"name":"wp","href":"https:\/\/api.w.org\/{rel}","templated":true}]}}