{"id":41515,"date":"2022-01-28T17:50:03","date_gmt":"2022-01-28T17:50:03","guid":{"rendered":"https:\/\/puntoapunto.com.ar\/?p=321048"},"modified":"2022-01-28T17:50:03","modified_gmt":"2022-01-28T17:50:03","slug":"la-camara-de-comercio-de-cordoba-respalda-el-acuerdo-con-el-fmi","status":"publish","type":"post","link":"http:\/\/cordobadirecto.com\/index.php\/2022\/01\/28\/la-camara-de-comercio-de-cordoba-respalda-el-acuerdo-con-el-fmi\/","title":{"rendered":"La C\u00e1mara de Comercio de C\u00f3rdoba respalda el acuerdo con el FMI"},"content":{"rendered":"<div class=\"g g-146\">\n<div class=\"g-single a-410\"><a class=\"gofollow\" data-track=\"NDEwLDE0NiwxLDYw\" href=\"https:\/\/www.grupocanter.com.ar\/notas\/2022-de-proyeccion\/?utm_source=Punto%20a%20Punto&amp;utm_medium=Banner&amp;utm_campaign=Departamentos&amp;utm_term=Banner%20Pie%20de%20Nota\" target=\"_blank\" rel=\"noopener\"><img src=\"http:\/\/cordobadirecto.com\/wp-content\/uploads\/2022\/01\/la-camara-de-comercio-de-cordoba-respalda-el-acuerdo-con-el-fmi.gif\"><\/a><\/div>\n<\/div>\n<p>La C\u00e1mara de Comercio de C\u00f3rdoba emiti\u00f3 un comunicado respaldando los dichos&nbsp;de la <strong>C\u00e1mara Argentina de Comercio y Servicios (CAC)&nbsp;<\/strong>respecto<strong> al<a href=\"https:\/\/puntoapunto.com.ar\/alberto-fernandez-anuncio-el-acuerdo-con-el-fmi\/\" target=\"_blank\" rel=\"noopener\"> acuerdo preliminar recientemente alcanzado entre el Gobierno argentino y el Fondo Monetario Internacional (FMI)<\/a><\/strong>, orientado a refinanciar los pasivos que el pa\u00eds mantiene con el organismo multilateral de cr\u00e9dito.<\/p>\n<p>La CAC se expres\u00f3<strong> a favor del canje de deuda p\u00fablica con acreedores privados concretado en 2020.<\/strong> Semanas atr\u00e1s, la entidad abog\u00f3 por un \u00abpronto acuerdo con el FMI, clave para que la expansi\u00f3n del nivel de actividad registrada en los \u00faltimos meses se consolide\u00bb.<\/p>\n<p>Asimismo, se\u00f1al\u00f3 que \u00ab<strong>el crecimiento econ\u00f3mico no solo es necesario para mejorar las condiciones de vida de la poblaci\u00f3n \u2013algo que no admite demora, habida cuenta de la delicada situaci\u00f3n que reflejan diversos indicadores sociales, como la pobreza\u2013, sino tambi\u00e9n para generar recursos genuinos que permitan concretar los pagos tanto a los organismos multilaterales de cr\u00e9dito como a los acreedores privados<\/strong>. En otros t\u00e9rminos, que un cambio en el perfil de vencimientos de la deuda resultaba indispensable para que el pa\u00eds pudiera crecer y el Estado fuera capaz de honrar sus compromisos\u00bb.<\/p>\n<p>Finalmente, y pese a que \u00abel pa\u00eds registra m\u00faltiples falencias que resulta necesario abordar si se aspira a lograr el progreso econ\u00f3mico y social\u00bb, la CAC manifiesta su \u00abplena vocaci\u00f3n de colaborar con las autoridades en dicha tarea \u2013en el marco del Consejo Econ\u00f3mico y Social o en otros \u00e1mbitos que se determinen\u2013 y convoca a los diversos actores del quehacer nacional a ser parte de ese proceso\u00bb.<\/p>\n","protected":false},"excerpt":{"rendered":"<p>La C\u00e1mara de Comercio de C\u00f3rdoba emiti\u00f3 un comunicado respaldando los dichos&nbsp;de la C\u00e1mara Argentina de Comercio y Servicios (CAC)&nbsp;respecto al acuerdo preliminar recientemente alcanzado entre el Gobierno argentino y el Fondo Monetario Internacional (FMI), orientado a refinanciar los pasivos que el pa\u00eds mantiene con el organismo multilateral de cr\u00e9dito. La CAC se expres\u00f3 a [&hellip;]<\/p>\n","protected":false},"author":1,"featured_media":41516,"comment_status":"closed","ping_status":"closed","sticky":false,"template":"","format":"standard","meta":[],"categories":[25],"tags":[],"_links":{"self":[{"href":"http:\/\/cordobadirecto.com\/index.php\/wp-json\/wp\/v2\/posts\/41515"}],"collection":[{"href":"http:\/\/cordobadirecto.com\/index.php\/wp-json\/wp\/v2\/posts"}],"about":[{"href":"http:\/\/cordobadirecto.com\/index.php\/wp-json\/wp\/v2\/types\/post"}],"author":[{"embeddable":true,"href":"http:\/\/cordobadirecto.com\/index.php\/wp-json\/wp\/v2\/users\/1"}],"replies":[{"embeddable":true,"href":"http:\/\/cordobadirecto.com\/index.php\/wp-json\/wp\/v2\/comments?post=41515"}],"version-history":[{"count":0,"href":"http:\/\/cordobadirecto.com\/index.php\/wp-json\/wp\/v2\/posts\/41515\/revisions"}],"wp:featuredmedia":[{"embeddable":true,"href":"http:\/\/cordobadirecto.com\/index.php\/wp-json\/wp\/v2\/media\/41516"}],"wp:attachment":[{"href":"http:\/\/cordobadirecto.com\/index.php\/wp-json\/wp\/v2\/media?parent=41515"}],"wp:term":[{"taxonomy":"category","embeddable":true,"href":"http:\/\/cordobadirecto.com\/index.php\/wp-json\/wp\/v2\/categories?post=41515"},{"taxonomy":"post_tag","embeddable":true,"href":"http:\/\/cordobadirecto.com\/index.php\/wp-json\/wp\/v2\/tags?post=41515"}],"curies":[{"name":"wp","href":"https:\/\/api.w.org\/{rel}","templated":true}]}}