{"id":41519,"date":"2022-01-28T18:27:19","date_gmt":"2022-01-28T18:27:19","guid":{"rendered":"http:\/\/cordobadirecto.com\/index.php\/2022\/01\/28\/la-camara-de-comercio-de-cordoba-acompana-el-acuerdo-preliminar-con-el-fmi-la-voz\/"},"modified":"2022-01-28T18:27:19","modified_gmt":"2022-01-28T18:27:19","slug":"la-camara-de-comercio-de-cordoba-acompana-el-acuerdo-preliminar-con-el-fmi-la-voz","status":"publish","type":"post","link":"http:\/\/cordobadirecto.com\/index.php\/2022\/01\/28\/la-camara-de-comercio-de-cordoba-acompana-el-acuerdo-preliminar-con-el-fmi-la-voz\/","title":{"rendered":"La C\u00e1mara de Comercio de <b>C\u00f3rdoba<\/b> acompa\u00f1a el acuerdo preliminar con el FMI &#8211; La Voz"},"content":{"rendered":"<p>La Cac abog\u00f3 por un acuerdo para que la expansi\u00f3n <b>econ\u00f3mica<\/b> alcanzada en los \u00faltimos meses se consolide en el tiempo. <\/p>\n","protected":false},"excerpt":{"rendered":"<p>La Cac abog\u00f3 por un acuerdo para que la expansi\u00f3n econ\u00f3mica alcanzada en los \u00faltimos meses se consolide en el tiempo.<\/p>\n","protected":false},"author":1,"featured_media":0,"comment_status":"closed","ping_status":"closed","sticky":false,"template":"","format":"standard","meta":[],"categories":[40],"tags":[],"_links":{"self":[{"href":"http:\/\/cordobadirecto.com\/index.php\/wp-json\/wp\/v2\/posts\/41519"}],"collection":[{"href":"http:\/\/cordobadirecto.com\/index.php\/wp-json\/wp\/v2\/posts"}],"about":[{"href":"http:\/\/cordobadirecto.com\/index.php\/wp-json\/wp\/v2\/types\/post"}],"author":[{"embeddable":true,"href":"http:\/\/cordobadirecto.com\/index.php\/wp-json\/wp\/v2\/users\/1"}],"replies":[{"embeddable":true,"href":"http:\/\/cordobadirecto.com\/index.php\/wp-json\/wp\/v2\/comments?post=41519"}],"version-history":[{"count":0,"href":"http:\/\/cordobadirecto.com\/index.php\/wp-json\/wp\/v2\/posts\/41519\/revisions"}],"wp:attachment":[{"href":"http:\/\/cordobadirecto.com\/index.php\/wp-json\/wp\/v2\/media?parent=41519"}],"wp:term":[{"taxonomy":"category","embeddable":true,"href":"http:\/\/cordobadirecto.com\/index.php\/wp-json\/wp\/v2\/categories?post=41519"},{"taxonomy":"post_tag","embeddable":true,"href":"http:\/\/cordobadirecto.com\/index.php\/wp-json\/wp\/v2\/tags?post=41519"}],"curies":[{"name":"wp","href":"https:\/\/api.w.org\/{rel}","templated":true}]}}