{"id":41534,"date":"2022-01-28T14:22:00","date_gmt":"2022-01-28T14:22:00","guid":{"rendered":"http:\/\/cordobadirecto.com\/index.php\/2022\/01\/28\/el-parlamento-rechazo-nombrar-presidenta-a-la-titular-del-senado\/"},"modified":"2022-01-28T14:22:00","modified_gmt":"2022-01-28T14:22:00","slug":"el-parlamento-rechazo-nombrar-presidenta-a-la-titular-del-senado","status":"publish","type":"post","link":"http:\/\/cordobadirecto.com\/index.php\/2022\/01\/28\/el-parlamento-rechazo-nombrar-presidenta-a-la-titular-del-senado\/","title":{"rendered":"El Parlamento rechaz\u00f3 nombrar Presidenta a la titular del Senado"},"content":{"rendered":"<figure class=\"mb-3\"><img loading=\"lazy\" src=\"http:\/\/cordobadirecto.com\/wp-content\/uploads\/2022\/01\/el-parlamento-rechazo-nombrar-presidenta-a-la-titular-del-senado.jpg\" width=\"100%\" height=\"100%\" alt=\"Hubo cuatro intentos negativos del Parlamento para designar a una figura que suceda al actual mandatario Sergio Mattarella\"><figcaption> Hubo cuatro intentos negativos del Parlamento para designar a una figura que suceda al actual mandatario, Sergio Mattarella. <\/figcaption><\/figure>\n<p>La centroderecha italiana fracas\u00f3 este viernes en su intento por convertir a la titular del Senado, Maria Elisabetta Alberti Casellati, en la primera Presidenta de la historia del pa\u00eds y deber\u00e1 negociar con la centroizquierda para encontrar un nombre de com\u00fan acuerdo para que suceda al actual mandatario, Sergio Mattarella.<\/p>\n<p>Casellati hab\u00eda sido impulsada por las principales fuerzas de centroderecha que sin embargo no pudieron convencer a otros sectores y no alcanzaron los 505 votos necesarios que representan la mayor\u00eda simple de los 1.009 &#8220;grandes electores&#8221; que participan de la votaci\u00f3n.<\/p>\n<p>Su postulaci\u00f3n, que este viernes alcanz\u00f3 los 382 votos, fue la primera candidatura firme de la centroderecha en las votaciones que iniciaron el lunes y que, con la votaci\u00f3n de esta ma\u00f1ana, acumulan ya cinco rondas sin acuerdo entre los partidos pol\u00edticos.<\/p>\n<p>Tras no llegar a un acuerdo por Casellati,<strong> la &#8220;sesi\u00f3n conjunta&#8221; que busca elegir al sucesor de Mattarella volver\u00e1 a reunirse para votar a partir de las 17 de Italia (13 de Argentina) de este viernes.<\/strong><\/p>\n<p>El jueves, en un intento por medir fuerzas al ver que se demoraba la aparici\u00f3n de un candidato compartido con la centroizquierda, la centroderecha hab\u00eda dado la orden de la abstenci\u00f3n a sus votantes y alcanz\u00f3 433 abstenciones.<\/p>\n<p>Para poder ratificar a Casellati, las fuerzas de centroderecha necesitaban convencer a casi la mitad de los 140 grandes electores que se nuclean en partidos de centro o regionales, y que eran claves luego de la postura de la centroizquierda de rechazar la candidatura de la titular del Senado.<\/p>\n<p>A medida que se suceden las votaciones sin llegar a un acuerdo entre las fuerzas pol\u00edticas, vuelven a ganar fuerza las posibilidades de que los partidos que sostienen al premier Mario Draghi en el Gobierno (toda la centroizquierda y toda la centroderecha menos Hermanos de Italia) le pidan a Mattarella un &#8220;sacrificio&#8221; para aceptar un segundo mandato.<\/p>\n<p>De hecho, el senador y expremier Matteo Renzi, uno de los referentes de la centroizquierda, plante\u00f3 que para su sector &#8220;todav\u00eda est\u00e1 en la cancha&#8221; la hip\u00f3tesis de pedirle a Mattarella que acepte un segundo mandato, pese a las resistencias iniciales del actual mandatario.<\/p>\n<p>Mattarella, de 80 a\u00f1os, recibi\u00f3 el jueves 166 votos, en crecimiento frente a los 125 del mi\u00e9rcoles y los 39 del martes m\u00e1s all\u00e1 de su ya explicitada intenci\u00f3n de abandonar el cargo el pr\u00f3ximo jueves. Este viernes, el actual mandatario alcanz\u00f3 47 votos pese a la abstenci\u00f3n de las principales fuerzas de centroizquierda.<\/p>\n<p>La otra opci\u00f3n que vuelve a ser considerada por analistas y legisladores es la de un nuevo intento del premier Mario Draghi para superar los vetos que tiene de parte de la Liga y del Movimiento Cinco Estrellas para poder pasar del Palacio Chigi al del Quirinal.<\/p>\n<p>La sesi\u00f3n conjunta que re\u00fane a 6 senadores vitalicios de designaci\u00f3n presidencial, 321 senadores y 630 diputados elegidos en las elecciones de 2018 y 58 delegados enviados por las 20 regiones del pa\u00eds se re\u00fane en &#8220;sesi\u00f3n conjunta&#8221; desde el lunes y busca darle a Italia un nuevo jefe de Estado para los pr\u00f3ximos siete a\u00f1os.<\/p>\n<p>Seg\u00fan la Constituci\u00f3n, de todos modos, las atribuciones del Presidente son limitadas, concentradas en la firma de leyes y el \u00e1mbito protocolar, mientras que la gesti\u00f3n cotidiana la lleva adelante el Primer Ministro.<\/p>\n<p>En las primeras tres votaciones, el m\u00ednimo para ser elegido Presidente era de dos tercios (673 votos), mientras que a partir de la cuarta votaci\u00f3n y hasta que se llegue a un acuerdo el umbral es el de mayor\u00eda simple, 505 apoyos.<\/p>\n<p>Draghi, impulsado por sectores del centroizquierdista Partido Democr\u00e1tico y que aparec\u00eda como un candidato firme al inicio de las votaciones, perdi\u00f3 puestos en la carrera a la Presidencia luego de los vetos expl\u00edcitos que recibi\u00f3 de las dos fuerzas con mayor cantidad de electores, el Movimiento Cinco Estrellas y la Liga.<\/p>\n<p>De todos modos, su aprobada gesti\u00f3n al frente del Ejecutivo le da todav\u00eda chances para poder convertirse en el primer dirigente en pasar de forma directa del Palacio Chigi al Quirinal.<\/p>\n<p>El expresidente de Diputados Pierferdinando Casini, elogiado por los sectores de centro de todos los bloques y que este viernes alcanz\u00f3 los siete votos, es otra de las opciones que podr\u00eda ser compartido por todos los sectores en las pr\u00f3ximas votaciones.<\/p>\n<p>Adem\u00e1s del nombre que ocupar\u00e1 la Presidencia durante los pr\u00f3ximos siete a\u00f1os, la elecci\u00f3n del sucesor de Mattarella puede tener consecuencias sobre el Gobierno de Draghi, en su cargo desde febrero de 2021 en base a una designaci\u00f3n del actual mandatario.<\/p>\n<p>Con casi todos los partidos con representaci\u00f3n parlamentaria dentro de la coalici\u00f3n de Gobierno, Draghi plante\u00f3 a fin del a\u00f1o pasado que la intenci\u00f3n es que las fuerzas que lo sostienen puedan tambi\u00e9n converger en un candidato com\u00fan para la Presidencia y evitar as\u00ed una crisis pol\u00edtica.<\/p>\n<p><strong>Las votaciones continuar\u00e1n hasta que las distintas fuerzas del pa\u00eds alcancen un acuerdo por un nombre que logre los 505 votos necesarios.<\/strong> <\/p>\n","protected":false},"excerpt":{"rendered":"<p>Hubo cuatro intentos negativos del Parlamento para designar a una figura que suceda al actual mandatario, Sergio Mattarella. La centroderecha italiana fracas\u00f3 este viernes en su intento por convertir a la titular del Senado, Maria Elisabetta Alberti Casellati, en la primera Presidenta de la historia del pa\u00eds y deber\u00e1 negociar con la centroizquierda para encontrar [&hellip;]<\/p>\n","protected":false},"author":1,"featured_media":41535,"comment_status":"closed","ping_status":"closed","sticky":false,"template":"","format":"standard","meta":[],"categories":[24],"tags":[],"_links":{"self":[{"href":"http:\/\/cordobadirecto.com\/index.php\/wp-json\/wp\/v2\/posts\/41534"}],"collection":[{"href":"http:\/\/cordobadirecto.com\/index.php\/wp-json\/wp\/v2\/posts"}],"about":[{"href":"http:\/\/cordobadirecto.com\/index.php\/wp-json\/wp\/v2\/types\/post"}],"author":[{"embeddable":true,"href":"http:\/\/cordobadirecto.com\/index.php\/wp-json\/wp\/v2\/users\/1"}],"replies":[{"embeddable":true,"href":"http:\/\/cordobadirecto.com\/index.php\/wp-json\/wp\/v2\/comments?post=41534"}],"version-history":[{"count":0,"href":"http:\/\/cordobadirecto.com\/index.php\/wp-json\/wp\/v2\/posts\/41534\/revisions"}],"wp:featuredmedia":[{"embeddable":true,"href":"http:\/\/cordobadirecto.com\/index.php\/wp-json\/wp\/v2\/media\/41535"}],"wp:attachment":[{"href":"http:\/\/cordobadirecto.com\/index.php\/wp-json\/wp\/v2\/media?parent=41534"}],"wp:term":[{"taxonomy":"category","embeddable":true,"href":"http:\/\/cordobadirecto.com\/index.php\/wp-json\/wp\/v2\/categories?post=41534"},{"taxonomy":"post_tag","embeddable":true,"href":"http:\/\/cordobadirecto.com\/index.php\/wp-json\/wp\/v2\/tags?post=41534"}],"curies":[{"name":"wp","href":"https:\/\/api.w.org\/{rel}","templated":true}]}}