{"id":41536,"date":"2022-01-28T22:30:26","date_gmt":"2022-01-28T22:30:26","guid":{"rendered":"https:\/\/cordoba.gob.ar\/?p=19776"},"modified":"2022-01-28T22:30:26","modified_gmt":"2022-01-28T22:30:26","slug":"los-jardines-y-escuelas-municipales-recibiran-libros-de-texto-para-sus-estudiantes-durante-el-ciclo-lectivo-2022","status":"publish","type":"post","link":"http:\/\/cordobadirecto.com\/index.php\/2022\/01\/28\/los-jardines-y-escuelas-municipales-recibiran-libros-de-texto-para-sus-estudiantes-durante-el-ciclo-lectivo-2022\/","title":{"rendered":"Los jardines y escuelas municipales recibir\u00e1n libros de texto para sus estudiantes durante el Ciclo Lectivo 2022"},"content":{"rendered":"<div><img src=\"http:\/\/cordobadirecto.com\/wp-content\/uploads\/2022\/01\/los-jardines-y-escuelas-municipales-recibiran-libros-de-texto-para-sus-estudiantes-durante-el-ciclo-lectivo-2022.jpg\" class=\"ff-og-image-inserted\"><\/div>\n<ul>\n<li><strong>La Secretar\u00eda de Educaci\u00f3n se sum\u00f3 al Programa Nacional \u201cLibros para Aprender\u201d para que los alumnos de las instituciones municipales tengan acceso en igualdad de oportunidades a los textos que distribuir\u00e1 el Gobierno Nacional por intermedio de las Provincias.<\/strong><\/li>\n<\/ul>\n<hr>\n<p>En el marco de las pol\u00edticas de provisi\u00f3n de libros de textos, literatura y consulta que venimos llevando adelante desde el a\u00f1o 2020 la Secretar\u00eda de Educaci\u00f3n de la Municipalidad de C\u00f3rdoba, participar\u00e1 del Programa Libros para aprender<i>,<\/i> del Ministerio de Educaci\u00f3n de la Naci\u00f3n. En este sentido, se entregar\u00e1n de manera gradual y progresiva y de forma gratuita, libros de texto a los estudiantes de las escuelas y jardines que incluyen las asignaturas de Matem\u00e1tica, Lengua y una publicaci\u00f3n de \u00e1reas integradas (ciencias y tecnolog\u00eda) de acuerdo a la selecci\u00f3n hecha por cada jurisdicci\u00f3n, en nuestro caso por el Ministerio de Educaci\u00f3n de la Provincia de C\u00f3rdoba.<\/p>\n<p>El secretario de Educaci\u00f3n, Horacio Ferreyra, celebr\u00f3 esta decisi\u00f3n y afirm\u00f3 que <em>\u201cesta iniciativa fortalece las pol\u00edticas que venimos desarrollando desde la Municipalidad en materia de provisi\u00f3n de libros a nuestras instituciones. En los a\u00f1os 2020 y 2021 han recibido libros de literatura y consulta destinados a estudiantes y docentes y en una oportunidad han tenido la oportunidad de seleccionar en base a sus proyectos que libros adquirir para potenciar los aprendizajes en ciencias, matem\u00e1tica y tecnolog\u00eda. Este a\u00f1o y en el marco de este programa recibir\u00e1n libros de texto -por parte de la Naci\u00f3n- destinados a nuestros 16000 estudiantes y 1700 docentes en el marco del Programas Libros para aprender con el prop\u00f3sito de fortalecer y ampliar las posibilidades de aprendizaje en el contexto actual. De esta manera, los alumnos y alumnas de la municipalidad tendr\u00e1n acceso a estudiar con textos\u201d. <\/em><\/p>\n<p>A su vez valor\u00f3: <em>\u201cEl trabajo colaborativo realizado con el Ministerio Provincial para que nuestras escuelas y jardines municipales puedan ser incluidos en este programa, como as\u00ed tambi\u00e9n la disposici\u00f3n del Ministerio Nacional para garantizar el derecho a una educaci\u00f3n de calidad con igualdad de oportunidades\u201d.<\/em><\/p>\n<p>Cabe destacar que, durante el a\u00f1o 2021, gracias al trabajo mancomunado del Plan Nacional de Lecturas, la Biblioteca Nacional de Maestras y Maestros, el Ministerio de Educaci\u00f3n de la Provincia de C\u00f3rdoba, la Biblioteca Municipal Rosarito Vera Pe\u00f1aloza y la Secretar\u00eda de Educaci\u00f3n de la Municipalidad, se han distribuido 7000 ejemplares de libros de literatura y consulta. Adem\u00e1s, cada Jard\u00edn y Escuela pudieron realizar de manera descentralizada una selecci\u00f3n de libros seg\u00fan sus proyectos educativos, que el Municipio posteriormente adquiri\u00f3 y distribuy\u00f3 centralizadamente, aumentando de esta manera el acervo de las Bibliotecas Escolares y de esta manera el acceso a los libros para aprender.<\/p>\n<p>Al respecto, Susana Amancio subdirectora de Gesti\u00f3n Pedag\u00f3gica, sostuvo que <em>\u201cesta primera experiencia piloto de compra a partir de la selecci\u00f3n realizada por las instituciones, se repetir\u00e1 este a\u00f1o, porque la iniciativa ha sido altamente valorada por la comunidad y porque estamos convencidos que esta forma de vincular las decisiones centrales con las institucionales es clave, para dar mejores respuestas, m\u00e1s situadas y contextualizadas\u201d.<\/em><\/p>\n<p>El director de Gesti\u00f3n Educativa Luis Franchi <em>\u201cpuso en valor la iniciativa y sostuvo que hoy gracias al esfuerzo que venimos realizando desde la gesti\u00f3n municipal, nuestros alumnos, como as\u00ed tambi\u00e9n los docentes tendr\u00e1n en el 2022 la posibilidad de acceder a diversos recursos (digitales y en soporte papel) para potenciar los aprendizajes y recuperar los que no pudimos lograr, en virtud del contexto de pandemia\u201d.<\/em><\/p>\n<p>El secretario Horacio Ferreyra, finaliz\u00f3, agradeciendo a la Naci\u00f3n y la Provincia, por permitirnos como sistema educativo municipal ser parte de las pol\u00edticas educativas jurisdiccionales y federales. Nuestros estudiantes merecen lo mejor, la prespecialidad plena y la recuperaci\u00f3n de los saberes no alcanzados son nuestra meta, sin olvidarnos que a la educaci\u00f3n la hacemos entre todos, en comunidad, trabajando juntos a partir de un proyecto com\u00fan, como sostiene nuestro Intendente Mart\u00edn Llaryora\u201d.<\/p>\n<p><b>ACERCA DEL PROGRAMA <\/b><\/p>\n<p>Libros para aprender tiene como principal objetivo fortalecer el v\u00ednculo pedag\u00f3gico de&nbsp; ni\u00f1os con los libros, para lo cual se entregar\u00e1n textos para Matem\u00e1tica, Lengua y una publicaci\u00f3n de \u00e1reas integradas de acuerdo a la selecci\u00f3n hecha por cada jurisdicci\u00f3n. Tambi\u00e9n est\u00e1 prevista la entrega de materiales para docentes.<\/p>\n<p>Cada estudiante recibir\u00e1 el material de forma individual para que pueda llevarlo en pr\u00e9stamo de la escuela a su casa. De este modo, se optimizar\u00e1 el tiempo de trabajo en el aula y permitir\u00e1 la continuidad del trabajo pedag\u00f3gico en los hogares. As\u00ed, se facilitar\u00e1 el acompa\u00f1amiento por parte de las familias a las diferentes trayectorias educativas, respetando tiempos y estilos.<\/p>\n","protected":false},"excerpt":{"rendered":"<p>La Secretar\u00eda de Educaci\u00f3n se sum\u00f3 al Programa Nacional \u201cLibros para Aprender\u201d para que los alumnos de las instituciones municipales tengan acceso en igualdad de oportunidades a los textos que distribuir\u00e1 el Gobierno Nacional por intermedio de las Provincias. En el marco de las pol\u00edticas de provisi\u00f3n de libros de textos, literatura y consulta que [&hellip;]<\/p>\n","protected":false},"author":1,"featured_media":41537,"comment_status":"closed","ping_status":"closed","sticky":false,"template":"","format":"standard","meta":[],"categories":[44],"tags":[],"_links":{"self":[{"href":"http:\/\/cordobadirecto.com\/index.php\/wp-json\/wp\/v2\/posts\/41536"}],"collection":[{"href":"http:\/\/cordobadirecto.com\/index.php\/wp-json\/wp\/v2\/posts"}],"about":[{"href":"http:\/\/cordobadirecto.com\/index.php\/wp-json\/wp\/v2\/types\/post"}],"author":[{"embeddable":true,"href":"http:\/\/cordobadirecto.com\/index.php\/wp-json\/wp\/v2\/users\/1"}],"replies":[{"embeddable":true,"href":"http:\/\/cordobadirecto.com\/index.php\/wp-json\/wp\/v2\/comments?post=41536"}],"version-history":[{"count":0,"href":"http:\/\/cordobadirecto.com\/index.php\/wp-json\/wp\/v2\/posts\/41536\/revisions"}],"wp:featuredmedia":[{"embeddable":true,"href":"http:\/\/cordobadirecto.com\/index.php\/wp-json\/wp\/v2\/media\/41537"}],"wp:attachment":[{"href":"http:\/\/cordobadirecto.com\/index.php\/wp-json\/wp\/v2\/media?parent=41536"}],"wp:term":[{"taxonomy":"category","embeddable":true,"href":"http:\/\/cordobadirecto.com\/index.php\/wp-json\/wp\/v2\/categories?post=41536"},{"taxonomy":"post_tag","embeddable":true,"href":"http:\/\/cordobadirecto.com\/index.php\/wp-json\/wp\/v2\/tags?post=41536"}],"curies":[{"name":"wp","href":"https:\/\/api.w.org\/{rel}","templated":true}]}}