{"id":41538,"date":"2022-01-28T19:17:53","date_gmt":"2022-01-28T19:17:53","guid":{"rendered":"https:\/\/cordoba.gob.ar\/?p=19772"},"modified":"2022-01-28T19:17:53","modified_gmt":"2022-01-28T19:17:53","slug":"extienden-la-rehabilitacion-de-av-colon-totalizando-dos-kilometros-recuperados","status":"publish","type":"post","link":"http:\/\/cordobadirecto.com\/index.php\/2022\/01\/28\/extienden-la-rehabilitacion-de-av-colon-totalizando-dos-kilometros-recuperados\/","title":{"rendered":"Extienden la rehabilitaci\u00f3n de av. Col\u00f3n totalizando dos kil\u00f3metros recuperados"},"content":{"rendered":"<div><img src=\"http:\/\/cordobadirecto.com\/wp-content\/uploads\/2022\/01\/extienden-la-rehabilitacion-de-av-colon-totalizando-dos-kilometros-recuperados.jpg\" class=\"ff-og-image-inserted\"><\/div>\n<ul>\n<li><strong>La intervenci\u00f3n de la importante arteria ser\u00e1 finalmente entre el Bv. Guzm\u00e1n y la calle Rodr\u00edguez Pe\u00f1a.<\/strong><\/li>\n<li><strong>En la jornada se presenta un 85% de avance de obra.<\/strong><\/li>\n<\/ul>\n<hr>\n<p>La Secretar\u00eda de Desarrollo Urbano tom\u00f3 la decisi\u00f3n de ampliar la intervenci\u00f3n sobre la av. Col\u00f3n debido al alto nivel de deterioro que presenta la calzada en el sector oeste de La Ca\u00f1ada. Se suman 700 metros lineales a lo establecido, totalizando dos kil\u00f3metros de rehabilitaci\u00f3n en la importante arteria.<\/p>\n<p>De esta manera, la integralidad de la traza que atraviesa el barrio Centro quedar\u00e1 a nuevo, mejorando la conexi\u00f3n entre la zona oeste con barrio General Paz y arterias de alta transitabilidad como la Ca\u00f1ada, Av. General Paz, Av. Maip\u00fa, Bv. Chacabuco y Bv. Guzm\u00e1n.<\/p>\n<p>Con dos frentes de obra, hoy las tareas avanzan en el fresado entre Urquiza y Nicol\u00e1s Avellaneda y asfaltado en el tramo que conecta Sucre con la Ca\u00f1ada.<\/p>\n<p>La superficie de la av. Col\u00f3n era irregular producto de antiguos bacheos puntuales e intervenciones de mantenimiento de servicios domiciliarios que se fueron acumulando con el tiempo.<\/p>\n<p>En la jornada se presenta un 85% de avance de obra.<\/p>\n<p>Por medio del segundo Plan de Bacheo y Rehabilitaci\u00f3n, la Municipalidad de C\u00f3rdoba invierte $605 millones para la recuperaci\u00f3n de los tramos deteriorados de las principales arterias de la ciudad.<\/p>\n<p>Con m\u00e1s de 22 kil\u00f3metros lineales recuperados en 32 calles, actualmente se interviene, adem\u00e1s de la Av. Col\u00f3n, la calle Justo Jos\u00e9 de Urquiza en su paso por el barrio Alta C\u00f3rdoba.<\/p>\n","protected":false},"excerpt":{"rendered":"<p>La intervenci\u00f3n de la importante arteria ser\u00e1 finalmente entre el Bv. Guzm\u00e1n y la calle Rodr\u00edguez Pe\u00f1a. En la jornada se presenta un 85% de avance de obra. La Secretar\u00eda de Desarrollo Urbano tom\u00f3 la decisi\u00f3n de ampliar la intervenci\u00f3n sobre la av. Col\u00f3n debido al alto nivel de deterioro que presenta la calzada en [&hellip;]<\/p>\n","protected":false},"author":1,"featured_media":41539,"comment_status":"closed","ping_status":"closed","sticky":false,"template":"","format":"standard","meta":[],"categories":[44],"tags":[],"_links":{"self":[{"href":"http:\/\/cordobadirecto.com\/index.php\/wp-json\/wp\/v2\/posts\/41538"}],"collection":[{"href":"http:\/\/cordobadirecto.com\/index.php\/wp-json\/wp\/v2\/posts"}],"about":[{"href":"http:\/\/cordobadirecto.com\/index.php\/wp-json\/wp\/v2\/types\/post"}],"author":[{"embeddable":true,"href":"http:\/\/cordobadirecto.com\/index.php\/wp-json\/wp\/v2\/users\/1"}],"replies":[{"embeddable":true,"href":"http:\/\/cordobadirecto.com\/index.php\/wp-json\/wp\/v2\/comments?post=41538"}],"version-history":[{"count":0,"href":"http:\/\/cordobadirecto.com\/index.php\/wp-json\/wp\/v2\/posts\/41538\/revisions"}],"wp:featuredmedia":[{"embeddable":true,"href":"http:\/\/cordobadirecto.com\/index.php\/wp-json\/wp\/v2\/media\/41539"}],"wp:attachment":[{"href":"http:\/\/cordobadirecto.com\/index.php\/wp-json\/wp\/v2\/media?parent=41538"}],"wp:term":[{"taxonomy":"category","embeddable":true,"href":"http:\/\/cordobadirecto.com\/index.php\/wp-json\/wp\/v2\/categories?post=41538"},{"taxonomy":"post_tag","embeddable":true,"href":"http:\/\/cordobadirecto.com\/index.php\/wp-json\/wp\/v2\/tags?post=41538"}],"curies":[{"name":"wp","href":"https:\/\/api.w.org\/{rel}","templated":true}]}}