{"id":41677,"date":"2022-01-28T21:03:50","date_gmt":"2022-01-28T21:03:50","guid":{"rendered":"https:\/\/www.ole.com.ar\/autos\/aldinio-arranque-cordoba_0_33lXkVfC5o.html"},"modified":"2022-01-28T21:03:50","modified_gmt":"2022-01-28T21:03:50","slug":"aldinio-el-torneo-arrancara-en-cordoba","status":"publish","type":"post","link":"http:\/\/cordobadirecto.com\/index.php\/2022\/01\/28\/aldinio-el-torneo-arrancara-en-cordoba\/","title":{"rendered":"Aldinio: &#8220;El torneo arrancar\u00e1 en C\u00f3rdoba&#8221;"},"content":{"rendered":"<p><mark>\u201cEl campeonato de S\u00faper TC2000 comenzar\u00e1 como estaba anunciado, el 20 de febrero en C\u00f3rdoba\u201d<\/mark>, as\u00ed lo hizo Francisco Aldinio, presidente de AutoSports, a Carburando. El responsable de la empresa que tiene a su cargo a la categor\u00eda m\u00e1s tecnol\u00f3gica de la regi\u00f3n habl\u00f3 ante las versiones sobre un supuesto retraso en el inicio de la temporada 2022.<\/p>\n<div class=\"sp__SM\">\n<div class=\"content-new \">\n<span class=\"tit-mobile\">Mir\u00e1 tambi\u00e9n<\/span><\/p>\n<div class=\"mg\">\n<div class=\"wrap-figure\">\n<picture>\n<a href=\"https:\/\/www.ole.com.ar\/autos\/provens-correra-super-tc2000_0_lneTS67wsI.html\" target=\"_self\" rel=\"noopener\"><br \/>\n<img class=\"img-responsive\" alt=\"Pega el salto\" src=\"http:\/\/cordobadirecto.com\/wp-content\/uploads\/2022\/01\/aldinio-el-torneo-arrancara-en-cordoba.jpg\" loading=\"lazy\"><br \/>\n<\/a>\n<\/picture>\n<\/div>\n<\/div><\/div>\n<\/div>\n<p>\u201cDesde un primer momento, cuando finaliz\u00f3 el ejercicio 2021, se focaliz\u00f3 en un gran esfuerzo para que se cumpla con los objetivos planteados, entre ellos respetar el calendario. <mark>De hecho hay algunas estructuras, como el caso del equipo de Marcelo Ambrogio y el Puma Energy Honda Racing, que construyeron unidades que se estrenar\u00e1n en el aut\u00f3dromo Oscar Cabal\u00e9n\u201d, manifest\u00f3 Aldinio.<\/mark><\/p>\n<p>Los rumores sobre un supuesto retraso en el arranque del campeonato 2022 del S\u00faper TC2000 obedecen a una supuesta venta de la categor\u00eda m\u00e1s tecnol\u00f3gica por parte de AutoSports. <mark>\u201cEso no es as\u00ed. Desde la categor\u00eda estamos trabajando como es habitual para la organizaci\u00f3n de la fecha en C\u00f3rdoba y el resto de la temporada. Por eso avanzamos conjuntamente con los equipos, los clubes, los sponsors y aquellos que integran el ecosistema del S\u00faper TC2000\u201d.<\/mark><\/p>\n<p>En relaci\u00f3n a las versiones que se\u00f1alan un cambio de manos por parte de la categor\u00eda, Aldinio relat\u00f3: <mark>\u201cHay un inter\u00e9s real por la adquisici\u00f3n de las categor\u00edas. De hecho, se han acercado para interesarse en los activos de AutoSports. <\/mark>En caso de que exista una real intenci\u00f3n de compra por parte del sector interesado, y de venta, se conducir\u00e1 a una etapa de negociaci\u00f3n que llevar\u00e1 su tiempo, como es habitual en estos procesos, donde adem\u00e1s este tipo de gesti\u00f3n se desarrolla bajo las habituales normas de confidencialidad\u201d.<\/p>\n<p>Y resalt\u00f3: <mark>\u201cHoy est\u00e1n en una etapa preliminar de negociaciones, que llevar\u00e1 su tiempo en caso de concretarse la operaci\u00f3n\u201d.<\/mark><\/p>\n<p>A su vez, Aldinio agreg\u00f3 y fue contundente en sus palabras: <mark>\u201cIndependientemente del resultado de las conversaciones, confirmamos el calendario informado, la continuidad de las categor\u00edas del ecosistema AutoSports (S\u00faper TC2000, TC2000 y F\u00f3rmula 2.0) y la televisaci\u00f3n\u201d.<\/mark><\/p>\n<p><mark>De cara a la fecha que dar\u00e1 inici\u00f3 a la temporada, en el aut\u00f3dromo Oscar Cabal\u00e9n, la semana pr\u00f3xima la Comisi\u00f3n Deportiva Automovil\u00edstica (CDA) del Autom\u00f3vil Club Argentino (ACA) har\u00e1 el precintado y sorteo de los motores Oreca<\/mark>, sobre los que se trabaj\u00f3 con la revisi\u00f3n y an\u00e1lisis de cada uno de los impulsores.<\/p>\n<p>La flamante unidad Renault del equipo de Ambrogio ser\u00e1 utilizada por Leonel Pern\u00eda. <mark>La escuadra con sede en Villa Carlos Paz, que mantuvo el plantel de ingenieros, renov\u00f3 el v\u00ednculo con Mat\u00edas Milla y sum\u00f3 al joven Ignacio Montenegro. En los pr\u00f3ximos d\u00edas se dar\u00e1 a conocer quien manejar\u00e1 la cuarta unidad.<\/mark><\/p>\n<p>Por el lado del Puma Energy Honda Racing, <mark>Facundo Ardusso hab\u00eda renov\u00f3 el v\u00ednculo con el equipo que dirige t\u00e9cnicamente Juan Manuel Silva y seguir\u00e1 como compa\u00f1ero de Fabi\u00e1n Yannantuoni.<\/mark> Tambi\u00e9n se aguarda el anuncio del piloto de la tercera butaca.<\/p>\n<p><mark>Agust\u00edn Canapino tratar\u00e1 de retener el N\u00b0 1 con el equipo Chevrolet YPF. A su lado estar\u00e1 el experimentado ladero Berni Llaver,<\/mark> mientras el equipo trabaja en las mejoras aerodin\u00e1micas de sus unidades. De hecho cuenta con otros dos cascos que tambi\u00e9n saltar\u00edan a la pista.<\/p>\n<p><mark>Por otra parte, una nueva estructura llega a la categor\u00eda y se trata del FS Motorsports que tendr\u00e1 a su cargo dos de los Fiat Cronos que construy\u00f3 Ulises Armellini.<\/mark> Los dos veh\u00edculos ser\u00e1n tendr\u00e1n la atenci\u00f3n del equipo que dirige Federico Suarez Salvia y la semana pr\u00f3xima anunciar\u00e1 sus pilotos.<\/p>\n<p><mark>Por el lado de Toyota Gazoo Racing, Juli\u00e1n Santero, vencedor de la \u00faltima fecha de 2021, manejar\u00e1 el Corolla, acompa\u00f1ado por la gran figura que emergi\u00f3 de la F\u00f3rmula 2.0 y del TC2000, el joven Jorge Barrio.<\/mark> De esta forma, el equipo que conduce Dar\u00edo Ramonda, con m\u00e1s de 20 a\u00f1os en la categor\u00eda, buscar\u00e1 repetir los logros obtenidos en este tiempo.<\/p>\n<p><mark>A su vez, el Toyota Gazoo Racing Junior, sum\u00f3 a sus filas al joven Eugenio Provens, quien tuvo su paso por el TC2000, tambi\u00e9n con un Corolla.<\/mark> El equipo que tiene sede en Humboldt Santa Fe y que alista Claudio Pfening anunciar\u00e1 muy pronto quien ser\u00e1 el piloto que acompa\u00f1e a Provens. La estructura que tambi\u00e9n mantiene su staff t\u00e9cnico, contar\u00e1 nuevamente con el asesoramiento del equipo oficial.<\/p>\n<div class=\"sp__SM\">\n<div class=\"content-new \">\n<span class=\"tit-mobile\">Mir\u00e1 tambi\u00e9n<\/span><\/p>\n<div class=\"mg\">\n<div class=\"wrap-figure\">\n<picture>\n<a href=\"https:\/\/www.ole.com.ar\/autos\/viene-halo-formula-renault_0_FeWWfNnqvz.html\" target=\"_self\" rel=\"noopener\"><br \/>\n<img class=\"img-responsive\" alt=\"Se viene el Halo\" src=\"http:\/\/cordobadirecto.com\/wp-content\/uploads\/2022\/01\/aldinio-el-torneo-arrancara-en-cordoba-1.jpg\" loading=\"lazy\"><br \/>\n<\/a>\n<\/picture>\n<\/div>\n<\/div><\/div>\n<\/div>\n<p><mark>El JM Motorsport trabaj\u00f3 fuertemente en el Chevrolet Cruze de Nicol\u00e1s Traut para arrancar la temporada de la mejor manera.<\/mark> El equipo con sede en el barrio de Mataderos y que seguir\u00e1 haciendo TC2000, hizo un trabajo pormenorizado en la unidad y apuesta a tener una buena temporada.<\/p>\n<p><mark>Dos autos que se sumar\u00e1n desde la segunda fecha, el 13 de marzo en Rosario<\/mark>: un Chevrolet Cruze que construye el equipo Riva Racing, y el tercer Fiat Cronos que ser\u00e1 atendido por una estructura de TC2000.<\/p>\n<div class=\"entry-tags\">\n<h2>TEMAS QUE APARECEN EN ESTA NOTA<\/h2>\n<\/p><\/div>\n","protected":false},"excerpt":{"rendered":"<p>\u201cEl campeonato de S\u00faper TC2000 comenzar\u00e1 como estaba anunciado, el 20 de febrero en C\u00f3rdoba\u201d, as\u00ed lo hizo Francisco Aldinio, presidente de AutoSports, a Carburando. El responsable de la empresa que tiene a su cargo a la categor\u00eda m\u00e1s tecnol\u00f3gica de la regi\u00f3n habl\u00f3 ante las versiones sobre un supuesto retraso en el inicio de [&hellip;]<\/p>\n","protected":false},"author":1,"featured_media":41678,"comment_status":"closed","ping_status":"closed","sticky":false,"template":"","format":"standard","meta":[],"categories":[21],"tags":[],"_links":{"self":[{"href":"http:\/\/cordobadirecto.com\/index.php\/wp-json\/wp\/v2\/posts\/41677"}],"collection":[{"href":"http:\/\/cordobadirecto.com\/index.php\/wp-json\/wp\/v2\/posts"}],"about":[{"href":"http:\/\/cordobadirecto.com\/index.php\/wp-json\/wp\/v2\/types\/post"}],"author":[{"embeddable":true,"href":"http:\/\/cordobadirecto.com\/index.php\/wp-json\/wp\/v2\/users\/1"}],"replies":[{"embeddable":true,"href":"http:\/\/cordobadirecto.com\/index.php\/wp-json\/wp\/v2\/comments?post=41677"}],"version-history":[{"count":0,"href":"http:\/\/cordobadirecto.com\/index.php\/wp-json\/wp\/v2\/posts\/41677\/revisions"}],"wp:featuredmedia":[{"embeddable":true,"href":"http:\/\/cordobadirecto.com\/index.php\/wp-json\/wp\/v2\/media\/41678"}],"wp:attachment":[{"href":"http:\/\/cordobadirecto.com\/index.php\/wp-json\/wp\/v2\/media?parent=41677"}],"wp:term":[{"taxonomy":"category","embeddable":true,"href":"http:\/\/cordobadirecto.com\/index.php\/wp-json\/wp\/v2\/categories?post=41677"},{"taxonomy":"post_tag","embeddable":true,"href":"http:\/\/cordobadirecto.com\/index.php\/wp-json\/wp\/v2\/tags?post=41677"}],"curies":[{"name":"wp","href":"https:\/\/api.w.org\/{rel}","templated":true}]}}