{"id":41701,"date":"2022-01-28T18:05:30","date_gmt":"2022-01-28T18:05:30","guid":{"rendered":"https:\/\/cordoba.gob.ar\/?p=19755"},"modified":"2022-01-28T18:05:30","modified_gmt":"2022-01-28T18:05:30","slug":"el-botanico-vuelve-a-abrir-sus-puertas-en-horario-nocturno-veni-a-descubrirlo-a-la-luz-de-la-luna","status":"publish","type":"post","link":"http:\/\/cordobadirecto.com\/index.php\/2022\/01\/28\/el-botanico-vuelve-a-abrir-sus-puertas-en-horario-nocturno-veni-a-descubrirlo-a-la-luz-de-la-luna\/","title":{"rendered":"El Bot\u00e1nico vuelve a abrir sus puertas en horario nocturno: ven\u00ed a descubrirlo a la luz de la luna"},"content":{"rendered":"<div><img src=\"http:\/\/cordobadirecto.com\/wp-content\/uploads\/2022\/01\/el-botanico-vuelve-a-abrir-sus-puertas-en-horario-nocturno-veni-a-descubrirlo-a-la-luz-de-la-luna.jpg\" class=\"ff-og-image-inserted\"><\/div>\n<ul>\n<li><strong>Ser\u00e1 hoy, a partir de las 21 hs, con entrada libre y gratuita.<\/strong><\/li>\n<li><strong>Se realizar\u00e1 un recorrido guiado por 9 paseos del Jard\u00edn y habr\u00e1 cinco shows en vivo.<\/strong><\/li>\n<li><strong>Los asistentes deben llevar linterna, repelente, zapatillas y ropa c\u00f3moda.<\/strong><\/li>\n<\/ul>\n<hr>\n<p>En el marco de las propuestas de verano que la Municipalidad de C\u00f3rdoba lleva adelante para vecinos y turistas, el Jard\u00edn Bot\u00e1nico de la ciudad ofrecer\u00e1 una nueva edici\u00f3n de la \u201cCaminata Nocturna \u201c.<\/p>\n<p>El evento es gratuito y se desarrollar\u00e1 a partir de la hora 21 en el predio ubicado en calle Francisco Yunyent 5491 de barrio Quebrada de las Rosas.<\/p>\n<p>En sus seis hect\u00e1reas el bot\u00e1nico cuenta con distintos paseos, todos muy bien sectorizados, los que podr\u00e1n ser recorridos y disfrutados con la gu\u00eda de bi\u00f3logos de la instituci\u00f3n, quienes acompa\u00f1ar\u00e1n a los presentes durante una hora y media.<\/p>\n<p>A diferencia de la primera caminata, la noche del viernes sumar\u00e1 cinco shows de excelentes artistas y grupos cordobeses, Marlene Suchy, Diego Guzm\u00e1n, C\u00f3digo Musica, Gran Tr\u00edo de cuerdas y Gypdy Diablo que animar\u00e1n la noche para el disfrute de los visitantes.<\/p>\n<p>Los concurrentes deber\u00e1n estar en el Jard\u00edn minutos previos al horario de inicio, sin realizar inscripci\u00f3n previa, con linternas y repelente, a la vez que se les solicita que al ingresar y durante todo el paseo lo hagan utilizando tapabocas y manteniendo el distanciamiento social.<\/p>\n<p>Esta actividad es posible gracias a las obras de recuperaci\u00f3n del Jard\u00edn Bot\u00e1nico que la Municipalidad de C\u00f3rdoba ejecut\u00f3 entre 2020-21. Entre ellas, se destaca la puesta en valor del Paseo de la Selva Subtropical y la instalaci\u00f3n de un sistema de iluminaci\u00f3n de los paseos con m\u00e1s de 50 luces LED solares, entre otros.<\/p>\n<p>Quienes asistan podr\u00e1n hacer los siguientes recorridos:<\/p>\n<p>\u2013 Paseo de la Huerta Org\u00e1nica:<br \/>Representa una forma de cultivo de alimentos respetuosa con el ambiente, que combina tradici\u00f3n, innovaci\u00f3n y ciencia. Desde este enfoque se favorecen las relaciones entre sus componentes bi\u00f3ticos y abi\u00f3ticos para promover la alimentaci\u00f3n segura y de buena calidad para todos los que participan del proceso.<\/p>\n<p>\u2013 Paseo de la Flora Nativa:<br \/>Se pueden observar ejemplares de nuestro monte que ofrecen refugio para la fauna y ayudan a retener agua de lluvia, enriqueciendo la tierra y sus nutrientes. La regi\u00f3n del espinal, pertenece a un clima templado y seco, por ello la vegetaci\u00f3n presenta adaptaciones de hojas peque\u00f1as o ausentes y espinas.<\/p>\n<p>-Paseo de las Flores:<br \/>Un lugar donde deleitarse con los colores, formas y aromas, de las flores, conociendo que su funci\u00f3n principal es la reproducci\u00f3n de la planta ya que a partir de ellas se forman los frutos. Para lo que necesitan de la ayuda de numerosos insectos y algunas aves polinizadoras.<\/p>\n<p>\u2013 Paseo de las Palmeras:<br \/>A diferencia de otras plantas las palmeras tienen un tronco principal y sus ramificaciones donde nacen hojas grandes con forma de abanico o pluma, de donde deriva su potencial ornamental.<\/p>\n<p>\u2013 Paseo de los \u00c1rboles Urbanos<br \/>Un recorrido por el arbolado p\u00fablico que es un patrimonio de la comunidad, ya que aporta muchos beneficios al purificar el aire, absorber ruidos, atenuar las temperaturas, proteger de los vientos y brindar refugio a la fauna.<\/p>\n<p>\u2013 Paseo de la Selva Subtropical<br \/>Cuenta con una gran variedad de plantas. Este paseo busca representar la riqueza de la riqueza en diversidad de especies selv\u00e1ticas de distintos or\u00edgenes.<\/p>\n<p>-Paseo de las Con\u00edferas<br \/>Se denomina con\u00edfera a plantas que poseen cono o pi\u00f1as, con crecimiento le\u00f1oso de tallos ramificados, hojas peque\u00f1as como escamas o lineares. Posee gran resistencia y se adaptan a todo tipo de jardines, contiene sustancias resinosas de uso tradicional e industrial.<\/p>\n<p>-Paseo de las Arom\u00e1ticas<br \/>Aqu\u00ed se hallan plantas cuyas cualidades arom\u00e1ticas se aprecian en hojas, flores, frutos, ra\u00edces o semillas. Los aceites esenciales presentes en estas plantas pueden ser empleados para cosm\u00e9tica, alimentos o diversos tratamientos medicinales.<\/p>\n<p>-Paseo de Gram\u00edneas<br \/>Estas especies son de una gran riqueza de especies del reino vegetal, plantas que se cultivan en todo el mundo empleadas como forraje y alimentos en la industria.<\/p>\n","protected":false},"excerpt":{"rendered":"<p>Ser\u00e1 hoy, a partir de las 21 hs, con entrada libre y gratuita. Se realizar\u00e1 un recorrido guiado por 9 paseos del Jard\u00edn y habr\u00e1 cinco shows en vivo. Los asistentes deben llevar linterna, repelente, zapatillas y ropa c\u00f3moda. En el marco de las propuestas de verano que la Municipalidad de C\u00f3rdoba lleva adelante para [&hellip;]<\/p>\n","protected":false},"author":1,"featured_media":41702,"comment_status":"closed","ping_status":"closed","sticky":false,"template":"","format":"standard","meta":[],"categories":[44],"tags":[],"_links":{"self":[{"href":"http:\/\/cordobadirecto.com\/index.php\/wp-json\/wp\/v2\/posts\/41701"}],"collection":[{"href":"http:\/\/cordobadirecto.com\/index.php\/wp-json\/wp\/v2\/posts"}],"about":[{"href":"http:\/\/cordobadirecto.com\/index.php\/wp-json\/wp\/v2\/types\/post"}],"author":[{"embeddable":true,"href":"http:\/\/cordobadirecto.com\/index.php\/wp-json\/wp\/v2\/users\/1"}],"replies":[{"embeddable":true,"href":"http:\/\/cordobadirecto.com\/index.php\/wp-json\/wp\/v2\/comments?post=41701"}],"version-history":[{"count":0,"href":"http:\/\/cordobadirecto.com\/index.php\/wp-json\/wp\/v2\/posts\/41701\/revisions"}],"wp:featuredmedia":[{"embeddable":true,"href":"http:\/\/cordobadirecto.com\/index.php\/wp-json\/wp\/v2\/media\/41702"}],"wp:attachment":[{"href":"http:\/\/cordobadirecto.com\/index.php\/wp-json\/wp\/v2\/media?parent=41701"}],"wp:term":[{"taxonomy":"category","embeddable":true,"href":"http:\/\/cordobadirecto.com\/index.php\/wp-json\/wp\/v2\/categories?post=41701"},{"taxonomy":"post_tag","embeddable":true,"href":"http:\/\/cordobadirecto.com\/index.php\/wp-json\/wp\/v2\/tags?post=41701"}],"curies":[{"name":"wp","href":"https:\/\/api.w.org\/{rel}","templated":true}]}}