{"id":4188,"date":"2021-04-05T17:24:30","date_gmt":"2021-04-05T17:24:30","guid":{"rendered":"https:\/\/puntoapunto.com.ar\/?p=275581"},"modified":"2021-04-05T17:24:30","modified_gmt":"2021-04-05T17:24:30","slug":"venta-de-usados-crecio-en-marzo-6503-interanual-y-mejoran-las-proyecciones","status":"publish","type":"post","link":"http:\/\/cordobadirecto.com\/index.php\/2021\/04\/05\/venta-de-usados-crecio-en-marzo-6503-interanual-y-mejoran-las-proyecciones\/","title":{"rendered":"Venta de usados: creci\u00f3 en marzo 65,03% interanual y mejoran las proyecciones"},"content":{"rendered":"<p><!-- image --><\/p>\n<div class=\"td-post-featured-image\"><a href=\"http:\/\/cordobadirecto.com\/wp-content\/uploads\/2021\/04\/venta-de-usados-crecio-en-marzo-6503-interanual-y-mejoran-las-proyecciones-4.jpg\" data-caption><img loading=\"lazy\" width=\"696\" height=\"393\" class=\"entry-thumb td-modal-image\" src=\"http:\/\/cordobadirecto.com\/wp-content\/uploads\/2021\/04\/venta-de-usados-crecio-en-marzo-6503-interanual-y-mejoran-las-proyecciones.jpg\" srcset=\"http:\/\/cordobadirecto.com\/wp-content\/uploads\/2021\/04\/venta-de-usados-crecio-en-marzo-6503-interanual-y-mejoran-las-proyecciones.jpg 696w, http:\/\/cordobadirecto.com\/wp-content\/uploads\/2021\/04\/venta-de-usados-crecio-en-marzo-6503-interanual-y-mejoran-las-proyecciones-1.jpg 300w, http:\/\/cordobadirecto.com\/wp-content\/uploads\/2021\/04\/venta-de-usados-crecio-en-marzo-6503-interanual-y-mejoran-las-proyecciones-2.jpg 768w, http:\/\/cordobadirecto.com\/wp-content\/uploads\/2021\/04\/venta-de-usados-crecio-en-marzo-6503-interanual-y-mejoran-las-proyecciones-3.jpg 744w, http:\/\/cordobadirecto.com\/wp-content\/uploads\/2021\/04\/venta-de-usados-crecio-en-marzo-6503-interanual-y-mejoran-las-proyecciones-4.jpg 930w\" sizes=\"(max-width: 696px) 100vw, 696px\" alt title=\"Usados2\"><\/a><\/div>\n<p> <!-- content --><\/p>\n<div class=\"td-a-rec td-a-rec-id-content_top tdi_66_e60 td_block_template_10\">\n<div class=\"g g-34\">\n<div class=\"g-single a-299\"><a class=\"gofollow\" data-track=\"Mjk5LDM0LDEsNjA=\" href=\"http:\/\/www.grupocanter.com.ar\/landing\/blanqueo\/pap\/?utm_source=Punto%20a%20Punto&amp;utm_medium=Banners&amp;utm_campaign=Blanqueo&amp;utm_term=950x187\"><img src=\"http:\/\/cordobadirecto.com\/wp-content\/uploads\/2021\/04\/venta-de-usados-crecio-en-marzo-6503-interanual-y-mejoran-las-proyecciones.gif\"><\/a><\/div>\n<\/div>\n<\/div>\n<p>De acuerdo a un informe elaborado por la <a href=\"https:\/\/cca.org.ar\/\">C\u00e1mara del Comercio Automotor<\/a> (CCA), las operaciones de compraventa de veh\u00edculos usados en el mercado local alcanzaron las 156.793 unidades en marzo.<\/p>\n<p>Tal cifra representa una suba del 65,03% respecto de igual per\u00edodo de 2020, mes en el que comenzaron las medidas para frenar el avance de la pandemia. Respecto a febrero pasado, las ventas de veh\u00edculos usados crecieron 25,25%, preci\u00f3 la entidad.<\/p>\n<p>De esta forma, en el primer trimestre del a\u00f1o se concretaron un total de 414.501 operaciones, lo que implic\u00f3 un alza de 11,10% en comparaci\u00f3n con el mismo per\u00edodo de 2020.<\/p>\n<p>En dialogo con T\u00e9lam, el secretario de la CAA, Alejandro Lamas, dijo que \u201cno tiene sentido comparar el crecimiento del 65,03% en las ventas de autos usados durante marzo con igual mes de 2020 porque en este \u00faltimo fue el comienzo de la pandemia\u201d, pero destac\u00f3 el crecimiento registrado respecto a febrero pasado.<\/p>\n<p>\u201cEs importante en cambio mirar el aumento del 25,25% comparado con febrero y sobre todo si buscamos en los archivos y encontramos que el mes pasado supero el volumen de comercializaci\u00f3n con marzo del 2013 (143.980 veh\u00edculos) que fue el mejor a\u00f1o de ventas de la historia (1.855.032 unidades)\u201d, se\u00f1al\u00f3.<\/p>\n<h5 readability=\"23\"><strong>Camino a la recuperaci\u00f3n del sector<\/strong><\/p>\n<p>En esa l\u00ednea, asegur\u00f3 que \u201csi la tendencia se consolida estar\u00edamos entrando en una senda de recuperaci\u00f3n muy interesante\u201d.<\/p>\n<p>Lamas expres\u00f3 tambi\u00e9n que \u201ces importante detallar varios puntos: uno es que el valor del d\u00f3lar no es el mismo que meses anteriores, adem\u00e1s de que no se ha normalizado y por el contrario se est\u00e1 profundizando la demora en la entrega de autos 0km\u201d.<\/p>\n<p>\u201cSumado a esto, a ra\u00edz de este problema los precios de los autos usados no encuentran un techo, y pese a que los consumidores quedaron atrapados en hacer frente a los pagos de servicios p\u00fablicos y al aumento desmedido del costo de vida en general, con sueldos que quedaron ampliamente relegados, la compra va en aumento\u201d, acot\u00f3.<\/p>\n<p>Tambi\u00e9n afirm\u00f3 que \u201clas operaciones se siguen realizando entregando el usados y efectivo o efectivo directamente porque la financiaci\u00f3n sigue siendo prohibitiva\u201d.<\/p>\n<p>Pese a esos datos, el directivo sostuvo que desde la entidad miran \u201ccon un prudente optimismo el camino de la ansiada recuperaci\u00f3n, en la medida que el gobierno nacional no decrete cierres de comercios a causa de la pandemia\u201d.<\/p>\n<\/h5>\n<h5><strong>El ranking de los 10 modelos usados m\u00e1s vendidos&nbsp;<\/strong><\/h5>\n<ul>\n<li>VW Gol Trend: (10.421 unidades)<\/li>\n<li>Chevrolet Corsa y Classic (6.044)<\/li>\n<li>Renault Clio (4.452)<\/li>\n<li>Toyota Hilux (4.439)<\/li>\n<li>Fiat Palio (3.755)<\/li>\n<li>Ford Fiesta (3.568)<\/li>\n<li>Ford EcoSport (2.951)<\/li>\n<li>Ford Ka (3.190)<\/li>\n<li>Ford Ranger (3.143)<\/li>\n<li>Ford EcoSport (3.113)<\/li>\n<li>Ford Focus (2.990)<\/li>\n<\/ul>\n<p>En tanto, las \u00fanicas provincias que registraron bajas durante el primer trimestre del a\u00f1o fueron Formosa (-19,94%); Catamarca (-7,71%); Santa Cruz (-6,29%); y Neuqu\u00e9n (-1,53%).<\/p>\n<p>En cambio, explicaron el aumento y mostraron un crecimiento en la venta de autos usados en este primer trimestre: Tierra del Fuego (21,99%); Santiago del Estero (20,79%); CABA (20,29%); Buenos Aires (13,39%); La Pampa (12,22%); La Rioja (11,97%); Chubut (11,86%); <strong>C\u00f3rdoba (11,62%)<\/strong>; Entre R\u00edos (10,41%); Santa Fe (10,34%) y Chaco (9,38%), entre otros distritos.<\/p>\n<p>No tags for this post. <!-- A generated by theme --> <!-- end A --> <\/p>\n","protected":false},"excerpt":{"rendered":"<p>De acuerdo a un informe elaborado por la C\u00e1mara del Comercio Automotor (CCA), las operaciones de compraventa de veh\u00edculos usados en el mercado local alcanzaron las 156.793 unidades en marzo. Tal cifra representa una suba del 65,03% respecto de igual per\u00edodo de 2020, mes en el que comenzaron las medidas para frenar el avance de [&hellip;]<\/p>\n","protected":false},"author":1,"featured_media":4189,"comment_status":"closed","ping_status":"closed","sticky":false,"template":"","format":"standard","meta":[],"categories":[25],"tags":[],"_links":{"self":[{"href":"http:\/\/cordobadirecto.com\/index.php\/wp-json\/wp\/v2\/posts\/4188"}],"collection":[{"href":"http:\/\/cordobadirecto.com\/index.php\/wp-json\/wp\/v2\/posts"}],"about":[{"href":"http:\/\/cordobadirecto.com\/index.php\/wp-json\/wp\/v2\/types\/post"}],"author":[{"embeddable":true,"href":"http:\/\/cordobadirecto.com\/index.php\/wp-json\/wp\/v2\/users\/1"}],"replies":[{"embeddable":true,"href":"http:\/\/cordobadirecto.com\/index.php\/wp-json\/wp\/v2\/comments?post=4188"}],"version-history":[{"count":0,"href":"http:\/\/cordobadirecto.com\/index.php\/wp-json\/wp\/v2\/posts\/4188\/revisions"}],"wp:featuredmedia":[{"embeddable":true,"href":"http:\/\/cordobadirecto.com\/index.php\/wp-json\/wp\/v2\/media\/4189"}],"wp:attachment":[{"href":"http:\/\/cordobadirecto.com\/index.php\/wp-json\/wp\/v2\/media?parent=4188"}],"wp:term":[{"taxonomy":"category","embeddable":true,"href":"http:\/\/cordobadirecto.com\/index.php\/wp-json\/wp\/v2\/categories?post=4188"},{"taxonomy":"post_tag","embeddable":true,"href":"http:\/\/cordobadirecto.com\/index.php\/wp-json\/wp\/v2\/tags?post=4188"}],"curies":[{"name":"wp","href":"https:\/\/api.w.org\/{rel}","templated":true}]}}