{"id":41895,"date":"2022-01-28T12:53:44","date_gmt":"2022-01-28T12:53:44","guid":{"rendered":"https:\/\/es.digitaltrends.com\/?p=914431"},"modified":"2022-01-28T12:53:44","modified_gmt":"2022-01-28T12:53:44","slug":"sorprenden-a-actriz-de-ant-man-y-lost-en-un-mitin-antivacunas","status":"publish","type":"post","link":"http:\/\/cordobadirecto.com\/index.php\/2022\/01\/28\/sorprenden-a-actriz-de-ant-man-y-lost-en-un-mitin-antivacunas\/","title":{"rendered":"Sorprenden a actriz de Ant-Man y Lost en un mitin antivacunas"},"content":{"rendered":"<p>Pese a la evidencia cient\u00edfica, a\u00fan hay muchas personas que se oponen a las <a href=\"https:\/\/es.digitaltrends.com\/salud\/me-infecte-dos-veces-con-covid-una-de-ellas-con-omicron\/\">vacunas<\/a> anti-COVID-19.<\/p>\n<p>El problema es que a veces estas personas son celebridades que cuentan con millones de seguidores en todo el mundo.<\/p>\n<p>La \u00faltima personalidad que ha hecho noticia por esta postura es la actriz Evangeline Lilly, conocida por sus papeles en la serie <em>Lost<\/em> y en la saga de pel\u00edculas de <a href=\"https:\/\/es.digitaltrends.com\/entretenimiento\/loki-nuevo-trailer-guardianes-del-tiempo-kang-el-conquistador\/\">Marvel<\/a>&nbsp;<em>Ant-Man<\/em>.<\/p>\n<figure id=\"attachment_914432\" aria-describedby=\"caption-attachment-914432\" class=\"wp-caption alignnone\"><img src=\"http:\/\/cordobadirecto.com\/wp-content\/uploads\/2022\/01\/sorprenden-a-actriz-de-ant-man-y-lost-en-un-mitin-antivacunas.gif\" data-dt-lazy-src=\"https:\/\/icdn.dtcn.com\/image\/digitaltrends_es\/world-premiere-of-walt-disney-studios-motion-pictures-avengers-endgame-arrivals-720x720.jpg\" onerror=\"dti_load_error(this)\" class=\" size-large wp-image-914432 dt-lazy-load dt-lazy-pending\" alt=\"La imagen muestra a la actriz Evangeline Lilly.\"><figcaption id=\"caption-attachment-914432\" class=\"wp-caption-text\"><span class=\"credit\">Getty Images<\/span><\/figcaption><\/figure>\n<p>En su cuenta de <a href=\"https:\/\/es.digitaltrends.com\/sociales\/instagram-publicaciones-colaborativas-collabs\/\">Instagram<\/a>, la canadiense reconoci\u00f3 que el pasado fin de semana particip\u00f3 de una manifestaci\u00f3n en contra de la obligatoriedad de las vacunas que se llev\u00f3 a cabo en el National Mall de Washington.<\/p>\n<blockquote class=\"h-lazy-embed\" data-instgrm-captioned data-instgrm-permalink=\"https:\/\/www.instagram.com\/p\/CZPQ4hlLFCl\/?utm_source=ig_embed&amp;amp;utm_campaign=loading\" data-instgrm-version=\"14\" data-initial-classes=\"instagram-media\" data-embed-name=\"instagram\" data-sdk-src=\"\/\/platform.instagram.com\/en_US\/embeds.js\"><\/blockquote>\n<p>Lilly comparti\u00f3 una serie de fotograf\u00edas en su cuenta de Instagram donde se ve\u00eda a los manifestantes y los carteles que portaban. En la publicaci\u00f3n, la actriz escribi\u00f3: \u201cNadie deber\u00eda ser forzado a inyectar su cuerpo con nada, contra su voluntad o bajo amenaza\u201d, a\u00f1adiendo que ella estaba a favor de la \u201csoberan\u00eda corporal\u201d.<\/p>\n<p>Por supuesto, sus seguidores reaccionaron a esta publicaci\u00f3n y se manifestaron en contra de la postura de la actriz, tach\u00e1ndola de irresponsable.<\/p>\n<p>Muchos le recordaron la actitud de Letitia Wright, quien tambi\u00e9n se ha manifestado en contra de las vacunas, lo que podr\u00eda dejarla fuera de la pr\u00f3xima <a href=\"https:\/\/es.digitaltrends.com\/entretenimiento\/mejores-peliculas-peacock\/\">pel\u00edcula<\/a> de <em>Black Panther<\/em>.<\/p>\n<h2>M\u00e1s pol\u00e9micas<\/h2>\n<p>Esta no es la primera vez que Evangeline Lilly relativiza la gravedad de la pandemia. Cuando reci\u00e9n se conocieron los primeros casos, la actriz dijo que la enfermedad en realidad era solo una gripe.<\/p>\n<p>Sin embargo, cuando se supo m\u00e1s sobre el coronavirus y el n\u00famero de contagios y fallecimientos aument\u00f3, la canadiense se vio forzada a pedir disculpas por sus declaraciones.<\/p>\n<h4 class=\"h-editors-recs-title\"> Recomendaciones del editor\t<\/h4>\n<p> <span id=\"publisher-md\" itemprop=\"publisher\" itemscope itemtype=\"https:\/\/schema.org\/Organization\"> <span itemprop=\"url\" itemtype=\"https:\/\/schema.org\/Url\" content=\"https:\/\/es.digitaltrends.com\"> <span itemprop=\"logo\" itemscope itemtype=\"https:\/\/schema.org\/ImageObject\"> <meta itemprop=\"url\" content=\"https:\/\/cdn.dtcn.com\/dt\/dt-logo-small.png\"> <meta itemprop=\"width\" content=\"0\"> <meta itemprop=\"height\" content=\"0\"> <\/span> <meta itemprop=\"name\" content=\"Digital Trends Espa\u00f1ol\"> <\/span> <span itemprop=\"image\" itemscope itemtype=\"https:\/\/schema.org\/ImageObject\"> <meta itemprop=\"url\" content=\"https:\/\/icdn.dtcn.com\/image\/digitaltrends_es\/world-premiere-of-walt-disney-studios-motion-pictures-avengers-endgame-arrivals.jpg\"> <\/span> <\/span><\/p>\n","protected":false},"excerpt":{"rendered":"<p>Pese a la evidencia cient\u00edfica, a\u00fan hay muchas personas que se oponen a las vacunas anti-COVID-19. El problema es que a veces estas personas son celebridades que cuentan con millones de seguidores en todo el mundo. La \u00faltima personalidad que ha hecho noticia por esta postura es la actriz Evangeline Lilly, conocida por sus papeles [&hellip;]<\/p>\n","protected":false},"author":1,"featured_media":41896,"comment_status":"closed","ping_status":"closed","sticky":false,"template":"","format":"standard","meta":[],"categories":[18],"tags":[],"_links":{"self":[{"href":"http:\/\/cordobadirecto.com\/index.php\/wp-json\/wp\/v2\/posts\/41895"}],"collection":[{"href":"http:\/\/cordobadirecto.com\/index.php\/wp-json\/wp\/v2\/posts"}],"about":[{"href":"http:\/\/cordobadirecto.com\/index.php\/wp-json\/wp\/v2\/types\/post"}],"author":[{"embeddable":true,"href":"http:\/\/cordobadirecto.com\/index.php\/wp-json\/wp\/v2\/users\/1"}],"replies":[{"embeddable":true,"href":"http:\/\/cordobadirecto.com\/index.php\/wp-json\/wp\/v2\/comments?post=41895"}],"version-history":[{"count":0,"href":"http:\/\/cordobadirecto.com\/index.php\/wp-json\/wp\/v2\/posts\/41895\/revisions"}],"wp:featuredmedia":[{"embeddable":true,"href":"http:\/\/cordobadirecto.com\/index.php\/wp-json\/wp\/v2\/media\/41896"}],"wp:attachment":[{"href":"http:\/\/cordobadirecto.com\/index.php\/wp-json\/wp\/v2\/media?parent=41895"}],"wp:term":[{"taxonomy":"category","embeddable":true,"href":"http:\/\/cordobadirecto.com\/index.php\/wp-json\/wp\/v2\/categories?post=41895"},{"taxonomy":"post_tag","embeddable":true,"href":"http:\/\/cordobadirecto.com\/index.php\/wp-json\/wp\/v2\/tags?post=41895"}],"curies":[{"name":"wp","href":"https:\/\/api.w.org\/{rel}","templated":true}]}}