{"id":42080,"date":"2022-01-31T20:58:45","date_gmt":"2022-01-31T20:58:45","guid":{"rendered":"https:\/\/cordoba.gob.ar\/?p=19830"},"modified":"2022-01-31T20:58:45","modified_gmt":"2022-01-31T20:58:45","slug":"con-hormigon-el-municipio-recupera-un-tramo-de-alto-transito-en-federico-brandsen","status":"publish","type":"post","link":"http:\/\/cordobadirecto.com\/index.php\/2022\/01\/31\/con-hormigon-el-municipio-recupera-un-tramo-de-alto-transito-en-federico-brandsen\/","title":{"rendered":"Con hormig\u00f3n, el Municipio recupera un tramo de alto tr\u00e1nsito en Federico Brandsen"},"content":{"rendered":"<div><img src=\"http:\/\/cordobadirecto.com\/wp-content\/uploads\/2022\/02\/con-hormigon-el-municipio-recupera-un-tramo-de-alto-transito-en-federico-brandsen.jpg\" class=\"ff-og-image-inserted\"><\/div>\n<ul>\n<li><strong>Hasta finalizar los trabajos se efect\u00faa corte total de calzada y desv\u00edo de tr\u00e1nsito.<\/strong><\/li>\n<\/ul>\n<hr>\n<p>La Municipalidad de C\u00f3rdoba interviene con material de hormig\u00f3n la calle Federico Brandsen, en el tramo comprendido entre Av. Castro Barros y Mart\u00edn Garc\u00eda.<\/p>\n<p>Se trata de una traza con alto nivel de deterioro, por donde confluye gran caudal de tr\u00e1fico.<\/p>\n<p>El frente de obra que actuar\u00e1 se desprende de los trabajos de recuperaci\u00f3n \u00edntegra de la calle Mart\u00edn Garc\u00eda, en los dos kil\u00f3metros lineales que la conforman. Las tareas se encuentran con un 85% de avance.<\/p>\n<p>DESV\u00cdO DE TRANSPORTE<\/p>\n<p>Las l\u00edneas 24, 25 y 28 en sentido al centro continuar\u00e1n de la siguiente manera: Federico Brandsen \u2013 Tom\u00e1s Guido \u2013 Europa \u2013 Coronel Olmedo \u2013 Dumesnil \u2013 Santa Fe \u2013 su ruta.<\/p>\n<p>L\u00ednea 36 al centro: Federico Brandsen \u2013 Tom\u00e1s Guido \u2013 Cornelio Zelaya \u2013 Castro Barros \u2013 su ruta.<\/p>\n<p>L\u00ednea 83 del centro: Castro Barros \u2013 Jos\u00e9 Mat\u00edas Zapiola \u2013 Paso de Uspallata \u2013 Obispo Guiti\u00e9rrez de Ceballos \u2013 Castro Barros \u2013 Neuqu\u00e9n \u2013 Bialet Mass\u00e9 \u2013 su ruta.<\/p>\n","protected":false},"excerpt":{"rendered":"<p>Hasta finalizar los trabajos se efect\u00faa corte total de calzada y desv\u00edo de tr\u00e1nsito. La Municipalidad de C\u00f3rdoba interviene con material de hormig\u00f3n la calle Federico Brandsen, en el tramo comprendido entre Av. Castro Barros y Mart\u00edn Garc\u00eda. Se trata de una traza con alto nivel de deterioro, por donde confluye gran caudal de tr\u00e1fico. [&hellip;]<\/p>\n","protected":false},"author":1,"featured_media":42081,"comment_status":"closed","ping_status":"closed","sticky":false,"template":"","format":"standard","meta":[],"categories":[44],"tags":[],"_links":{"self":[{"href":"http:\/\/cordobadirecto.com\/index.php\/wp-json\/wp\/v2\/posts\/42080"}],"collection":[{"href":"http:\/\/cordobadirecto.com\/index.php\/wp-json\/wp\/v2\/posts"}],"about":[{"href":"http:\/\/cordobadirecto.com\/index.php\/wp-json\/wp\/v2\/types\/post"}],"author":[{"embeddable":true,"href":"http:\/\/cordobadirecto.com\/index.php\/wp-json\/wp\/v2\/users\/1"}],"replies":[{"embeddable":true,"href":"http:\/\/cordobadirecto.com\/index.php\/wp-json\/wp\/v2\/comments?post=42080"}],"version-history":[{"count":0,"href":"http:\/\/cordobadirecto.com\/index.php\/wp-json\/wp\/v2\/posts\/42080\/revisions"}],"wp:featuredmedia":[{"embeddable":true,"href":"http:\/\/cordobadirecto.com\/index.php\/wp-json\/wp\/v2\/media\/42081"}],"wp:attachment":[{"href":"http:\/\/cordobadirecto.com\/index.php\/wp-json\/wp\/v2\/media?parent=42080"}],"wp:term":[{"taxonomy":"category","embeddable":true,"href":"http:\/\/cordobadirecto.com\/index.php\/wp-json\/wp\/v2\/categories?post=42080"},{"taxonomy":"post_tag","embeddable":true,"href":"http:\/\/cordobadirecto.com\/index.php\/wp-json\/wp\/v2\/tags?post=42080"}],"curies":[{"name":"wp","href":"https:\/\/api.w.org\/{rel}","templated":true}]}}