{"id":4234,"date":"2021-04-06T11:48:10","date_gmt":"2021-04-06T11:48:10","guid":{"rendered":"https:\/\/puntoapunto.com.ar\/?p=275640"},"modified":"2021-04-06T11:48:10","modified_gmt":"2021-04-06T11:48:10","slug":"como-es-el-pil-que-schiaretti-lanzo-para-los-call-centers","status":"publish","type":"post","link":"http:\/\/cordobadirecto.com\/index.php\/2021\/04\/06\/como-es-el-pil-que-schiaretti-lanzo-para-los-call-centers\/","title":{"rendered":"C\u00f3mo es el PIL que Schiaretti lanz\u00f3 para los Call Centers"},"content":{"rendered":"<p><!-- image --><\/p>\n<div class=\"td-post-featured-image\"><a href=\"http:\/\/cordobadirecto.com\/wp-content\/uploads\/2021\/04\/como-es-el-pil-que-schiaretti-lanzo-para-los-call-centers.jpg\" data-caption><img loading=\"lazy\" width=\"626\" height=\"417\" class=\"entry-thumb td-modal-image\" src=\"http:\/\/cordobadirecto.com\/wp-content\/uploads\/2021\/04\/como-es-el-pil-que-schiaretti-lanzo-para-los-call-centers.jpg\" srcset=\"http:\/\/cordobadirecto.com\/wp-content\/uploads\/2021\/04\/como-es-el-pil-que-schiaretti-lanzo-para-los-call-centers.jpg 626w, http:\/\/cordobadirecto.com\/wp-content\/uploads\/2021\/04\/como-es-el-pil-que-schiaretti-lanzo-para-los-call-centers-1.jpg 300w, http:\/\/cordobadirecto.com\/wp-content\/uploads\/2021\/04\/como-es-el-pil-que-schiaretti-lanzo-para-los-call-centers-2.jpg 150w\" sizes=\"(max-width: 626px) 100vw, 626px\" alt title=\"gente-trabajando-call-center_23-2148094790\"><\/a><\/div>\n<p> <!-- content --><\/p>\n<div class=\"td-a-rec td-a-rec-id-content_top tdi_66_262 td_block_template_10\">\n<div class=\"g g-34\">\n<div class=\"g-single a-299\"><a class=\"gofollow\" data-track=\"Mjk5LDM0LDEsNjA=\" href=\"http:\/\/www.grupocanter.com.ar\/landing\/blanqueo\/pap\/?utm_source=Punto%20a%20Punto&amp;utm_medium=Banners&amp;utm_campaign=Blanqueo&amp;utm_term=950x187\"><img src=\"http:\/\/cordobadirecto.com\/wp-content\/uploads\/2021\/04\/como-es-el-pil-que-schiaretti-lanzo-para-los-call-centers.gif\"><\/a><\/div>\n<\/div>\n<\/div>\n<p>El gobernador Juan Schiaretti, junto a la ministra de Promoci\u00f3n del Empleo y de la Econom\u00eda Familiar, Laura Jure,&nbsp;<strong>present\u00f3 el Programa de Inserci\u00f3n Laboral (PIL) en <a href=\"https:\/\/puntoapunto.com.ar\/tag\/centros-de-contacto\/\" class=\"st_tag internal_tag\" rel=\"tag\" title=\"Posts tagged with Centros de Contacto\">Centros de Contacto<\/a> y Procesos de Negocios.<\/strong><\/p>\n<p>Esta acci\u00f3n, que estar\u00e1 coordinada por el Ministerio de Promoci\u00f3n del Empleo y de la Econom\u00eda Familiar,&nbsp;<strong>tiene como objetivo generar nuevas oportunidades de empleo, en busca de mejorar la competitividad del sector.<\/strong><\/p>\n<p>\u201cEn el Programa de Inserci\u00f3n Laboral que ya llevamos en varios sectores y con el que hoy estamos poniendo en marcha, son<strong> 3.600 nuevos empleos<\/strong>, sea porque se incorpora nueva gente o porque consolidamos algunos empleos en sistemas. Estos empleos est\u00e1n en <strong><a href=\"https:\/\/puntoapunto.com.ar\/tag\/maquinaria\/\" class=\"st_tag internal_tag\" rel=\"tag\" title=\"Posts tagged with maquinaria\">maquinaria<\/a> agr\u00edcola, en nuevas tecnolog\u00edas, en comercio exterior, en comercio electr\u00f3nico y ahora en centros de contacto<\/strong>. Y seguiremos con los diversos sectores productivos y econ\u00f3micos de C\u00f3rdoba, implementando este programa para que cada vez generemos m\u00e1s empleo genuino\u201d, agreg\u00f3.<\/p>\n<p><strong>El PIL permitir\u00e1 incorporar, mediante entrenamiento laboral, a 500 personas en Centros de Contacto<\/strong>. Y elevar las habilidades y competencias en ingl\u00e9s y nuevas tecnolog\u00edas de 500 trabajadores que se desempe\u00f1an actualmente en las empresas del rubro, mejorando la oferta exportadora de servicios <a href=\"https:\/\/puntoapunto.com.ar\/tag\/profesionales\/\" class=\"st_tag internal_tag\" rel=\"tag\" title=\"Posts tagged with Profesionales\">profesionales<\/a> con acciones de inteligencia comercial.<\/p>\n<h5><strong>Cu\u00e1les son los requisitos<\/strong><\/h5>\n<p>Los requisitos para ser parte de esta iniciativa es residir en la provincia de C\u00f3rdoba y tener el secundario completo. La asignaci\u00f3n est\u00edmulo ser\u00e1 de $12.000.<\/p>\n<p>Las <a href=\"https:\/\/puntoapunto.com.ar\/tag\/inscripciones\/\" class=\"st_tag internal_tag\" rel=\"tag\" title=\"Posts tagged with inscripciones\">inscripciones<\/a> ya est\u00e1n abiertas en el sitio https:\/\/empleoyfamilia.cba.gov.ar\/<\/p>\n<h5><strong>Entrenamiento laboral<\/strong><\/h5>\n<p>Las capacitaciones y las pr\u00e1cticas iniciar\u00e1n el 3 de mayo. Incluir\u00e1 capacitaci\u00f3n te\u00f3rica, de 160 horas, durante tres meses; y la pr\u00e1ctica laboral con mentoreo de 20 horas semanales, de manera virtual y presencial en las empresas por 12 meses, con modalidad Contrato por Tiempo Indeterminado a partir del mes 10.<\/p>\n<h5><strong>Capacitaci\u00f3n para empleados<\/strong><\/h5>\n<p>\u2022 &nbsp;Ingl\u00e9s. Ser\u00e1 dictada por la Escuela de Lenguas (UNC) con un cupo de 200 personas en dos m\u00f3dulos: inicial e intermedio, con un total de 120 horas.<\/p>\n<p>\u2022 Nuevas tecnolog\u00edas. Incluir\u00e1 programaci\u00f3n, an\u00e1lisis de datos, habilidades digitales, manejo de redes, experiencia del cliente, metodolog\u00edas \u00e1giles, etc. Ser\u00e1 coordinado con <a href=\"https:\/\/puntoapunto.com.ar\/tag\/universidades\/\" class=\"st_tag internal_tag\" rel=\"tag\" title=\"Posts tagged with Universidades\">universidades<\/a> o recursos de las empresas, con un cupo total de 300 personas total.<\/p>\n<h5><strong>Cronograma.<\/strong><\/h5>\n<p><strong>5 al 26 de abril: <\/strong>Per\u00edodo de inscripci\u00f3n.<\/p>\n<p><strong>26 a 29 de abril: <\/strong><a href=\"https:\/\/puntoapunto.com.ar\/tag\/verificacion\/\" class=\"st_tag internal_tag\" rel=\"tag\" title=\"Posts tagged with verificaci\u00f3n\">Verificaci\u00f3n<\/a> de cumplimiento de requisitos de los postulantes y&nbsp; &nbsp; &nbsp;notificaci\u00f3n a los beneficiarios del programa el resultado de la evaluaci\u00f3n de datos.<\/p>\n<p><strong>3 de mayo: <\/strong>Inicio del programa.<\/p>\n<p>No tags for this post. <!-- A generated by theme --> <!-- end A --> <\/p>\n","protected":false},"excerpt":{"rendered":"<p>El gobernador Juan Schiaretti, junto a la ministra de Promoci\u00f3n del Empleo y de la Econom\u00eda Familiar, Laura Jure,&nbsp;present\u00f3 el Programa de Inserci\u00f3n Laboral (PIL) en Centros de Contacto y Procesos de Negocios. Esta acci\u00f3n, que estar\u00e1 coordinada por el Ministerio de Promoci\u00f3n del Empleo y de la Econom\u00eda Familiar,&nbsp;tiene como objetivo generar nuevas oportunidades [&hellip;]<\/p>\n","protected":false},"author":1,"featured_media":4235,"comment_status":"closed","ping_status":"closed","sticky":false,"template":"","format":"standard","meta":[],"categories":[25],"tags":[],"_links":{"self":[{"href":"http:\/\/cordobadirecto.com\/index.php\/wp-json\/wp\/v2\/posts\/4234"}],"collection":[{"href":"http:\/\/cordobadirecto.com\/index.php\/wp-json\/wp\/v2\/posts"}],"about":[{"href":"http:\/\/cordobadirecto.com\/index.php\/wp-json\/wp\/v2\/types\/post"}],"author":[{"embeddable":true,"href":"http:\/\/cordobadirecto.com\/index.php\/wp-json\/wp\/v2\/users\/1"}],"replies":[{"embeddable":true,"href":"http:\/\/cordobadirecto.com\/index.php\/wp-json\/wp\/v2\/comments?post=4234"}],"version-history":[{"count":0,"href":"http:\/\/cordobadirecto.com\/index.php\/wp-json\/wp\/v2\/posts\/4234\/revisions"}],"wp:featuredmedia":[{"embeddable":true,"href":"http:\/\/cordobadirecto.com\/index.php\/wp-json\/wp\/v2\/media\/4235"}],"wp:attachment":[{"href":"http:\/\/cordobadirecto.com\/index.php\/wp-json\/wp\/v2\/media?parent=4234"}],"wp:term":[{"taxonomy":"category","embeddable":true,"href":"http:\/\/cordobadirecto.com\/index.php\/wp-json\/wp\/v2\/categories?post=4234"},{"taxonomy":"post_tag","embeddable":true,"href":"http:\/\/cordobadirecto.com\/index.php\/wp-json\/wp\/v2\/tags?post=4234"}],"curies":[{"name":"wp","href":"https:\/\/api.w.org\/{rel}","templated":true}]}}