{"id":4238,"date":"2021-04-06T11:05:35","date_gmt":"2021-04-06T11:05:35","guid":{"rendered":"http:\/\/www.bbc.com\/mundo\/noticias-america-latina-56645187"},"modified":"2021-04-06T11:05:35","modified_gmt":"2021-04-06T11:05:35","slug":"crisis-en-apure-y-arauca-5-claves-para-entender-la-escalada-de-violencia-en-la-otra-frontera-entre-colombia-y-venezuela","status":"publish","type":"post","link":"http:\/\/cordobadirecto.com\/index.php\/2021\/04\/06\/crisis-en-apure-y-arauca-5-claves-para-entender-la-escalada-de-violencia-en-la-otra-frontera-entre-colombia-y-venezuela\/","title":{"rendered":"Crisis en Apure y Arauca: 5 claves para entender la escalada de violencia en &#8220;la otra frontera&#8221; entre Colombia y Venezuela"},"content":{"rendered":"<div dir=\"ltr\" class=\"e1j2237y6 bbc-q4ibpr e57qer20\">\n<div class=\"bbc-1atl7vu e1c9i7u14\">\n<ul role=\"list\" class=\"bbc-cdrraw e1c9i7u12\">\n<li role=\"listitem\" class=\"bbc-1a3w4ok e1c9i7u11\">Daniel Pardo<\/li>\n<li role=\"listitem\" class=\"bbc-1p92jtu e1c9i7u10\">Corresponsal de BBC Mundo en Colombia<\/li>\n<\/ul>\n<\/div>\n<\/div>\n<p><time datetime=\"2021-04-06\" class=\"bbc-14xtggo e4zesg50\">5 horas<\/time><\/p>\n<div dir=\"ltr\" class=\"bbc-1ka88fa e57qer20\">\n<figure class=\"bbc-1qdcvv9 e6bmn90\">\n<div dir=\"ltr\" class=\"bbc-172p16q e57qer20\">\n<div dir=\"ltr\" class=\"bbc-189y18v e57qer20\">\n<div data-e2e=\"image-placeholder\" class=\"bbc-1k5hvrj e1whu0\"><img srcset=\"http:\/\/cordobadirecto.com\/wp-content\/uploads\/2021\/04\/crisis-en-apure-y-arauca-5-claves-para-entender-la-escalada-de-violencia-en-la-otra-frontera-entre-colombia-y-venezuela-7.jpg 240w, http:\/\/cordobadirecto.com\/wp-content\/uploads\/2021\/04\/crisis-en-apure-y-arauca-5-claves-para-entender-la-escalada-de-violencia-en-la-otra-frontera-entre-colombia-y-venezuela-8.jpg 320w, http:\/\/cordobadirecto.com\/wp-content\/uploads\/2021\/04\/crisis-en-apure-y-arauca-5-claves-para-entender-la-escalada-de-violencia-en-la-otra-frontera-entre-colombia-y-venezuela-9.jpg 480w, http:\/\/cordobadirecto.com\/wp-content\/uploads\/2021\/04\/crisis-en-apure-y-arauca-5-claves-para-entender-la-escalada-de-violencia-en-la-otra-frontera-entre-colombia-y-venezuela-10.jpg 624w, http:\/\/cordobadirecto.com\/wp-content\/uploads\/2021\/04\/crisis-en-apure-y-arauca-5-claves-para-entender-la-escalada-de-violencia-en-la-otra-frontera-entre-colombia-y-venezuela-11.jpg 800w\" alt=\"Ejercito colombiano\" src=\"http:\/\/cordobadirecto.com\/wp-content\/uploads\/2021\/04\/crisis-en-apure-y-arauca-5-claves-para-entender-la-escalada-de-violencia-en-la-otra-frontera-entre-colombia-y-venezuela.jpg\" width=\"976\" class=\"bbc-fat2bc e1enwo3v0\"><\/p>\n<p role=\"text\" class=\"bbc-1s1cxbv etq3yw90\"><span class=\"bbc-1gnhmg2 e1yt7oin0\">Fuente de la imagen, <\/span><span lang=\"en-GB\">AFP<\/span><\/p>\n<\/div>\n<\/div>\n<div dir=\"ltr\" class=\"bbc-3edg7g e57qer20\" readability=\"6.5\"><figcaption dir=\"ltr\" class=\"bbc-1t9zlwf eede9f50\" readability=\"3\"><span class=\"bbc-1gnhmg2 e1yt7oin0\">Pie de foto, <\/span><\/p>\n<p>Es la primera vez que se produce una escalada de tensi\u00f3n entre el ej\u00e9rcito venezolano y un grupo armado colombiano.<\/p>\n<\/figcaption><\/div>\n<\/div>\n<\/figure>\n<\/div>\n<div dir=\"ltr\" class=\"bbc-19j92fr e57qer20\" readability=\"10\">\n<p dir=\"ltr\" class=\"bbc-bm53ic e1cc2ql70\"><b>En el lado colombiano hay cada vez m\u00e1s albergues, carpas y desplazados. Y en el lado venezolano hay cada vez m\u00e1s tanques, minas y soldados. <\/b><\/p>\n<\/div>\n<div dir=\"ltr\" class=\"bbc-19j92fr e57qer20\" readability=\"9\">\n<p dir=\"ltr\" class=\"bbc-bm53ic e1cc2ql70\">En dos semanas al menos 5.000 personas (<b>casi la mitad de ellos ni\u00f1os<\/b>) cruzaron al municipio colombiano de Arauquita despu\u00e9s de que se intensificara un conflicto entre el ej\u00e9rcito venezolano y un grupo disidente de la guerrilla colombiana. <\/p>\n<\/div>\n<div dir=\"ltr\" class=\"bbc-19j92fr e57qer20\" readability=\"8\">\n<p dir=\"ltr\" class=\"bbc-bm53ic e1cc2ql70\">Ha habido bombardeos, han allanado hogares y los desplazados denuncian ejecuciones extrajudiciales. <\/p>\n<\/div>\n<div dir=\"ltr\" class=\"bbc-19j92fr e57qer20\" readability=\"8\">\n<p dir=\"ltr\" class=\"bbc-bm53ic e1cc2ql70\">Pero la opacidad abunda: no se sabe cu\u00e1ntos heridos ni fallecidos ha dejado la crisis ni qui\u00e9nes son realmente los protagonistas ni sus intereses. <\/p>\n<\/div>\n<div dir=\"ltr\" class=\"bbc-19j92fr e57qer20\" readability=\"14\">\n<p dir=\"ltr\" class=\"bbc-bm53ic e1cc2ql70\">Esta frontera de 2.200 kil\u00f3metros est\u00e1 acostumbrada al conflicto<b>, pero<\/b><b> este<\/b><b> no se suele producir en las regiones de Arauca, en Colombia, y Apure, en Venezuela<\/b>, parte de lo que en ambos pa\u00edses se conoce como &#8220;los llanos&#8221;. <\/p>\n<\/div>\n<div dir=\"ltr\" class=\"bbc-19j92fr e57qer20\" readability=\"9\">\n<p dir=\"ltr\" class=\"bbc-bm53ic e1cc2ql70\">Zonas fronterizas como C\u00facuta y la Guajira suelen tener recibir m\u00e1s atenci\u00f3n. De hecho, los araucanos suelen hablar de &#8220;la otra frontera&#8221; para referirse a su tierra. <\/p>\n<\/div>\n<div dir=\"ltr\" class=\"bbc-19j92fr e57qer20\" readability=\"9\">\n<p dir=\"ltr\" class=\"bbc-bm53ic e1cc2ql70\">Durante la crisis actual los gobiernos de Bogot\u00e1 y Caracas se han acusado m\u00fatuamente de &#8220;abandonar la frontera&#8221;. Disienten en el diagn\u00f3stico del problema y no hablan entre ellos desde que se rompieron las relaciones bilaterales hace dos a\u00f1os. <\/p>\n<\/div>\n<div dir=\"ltr\" class=\"bbc-19j92fr e57qer20\" readability=\"9\">\n<p dir=\"ltr\" class=\"bbc-bm53ic e1cc2ql70\">Pero coindicen en al menos un calificativo: el de &#8220;terroristas&#8221; para describir a quienes luchan contra el ej\u00e9rcito venezolano. Pero para unos son terroristas de izquierda y para otros, de derecha. <\/p>\n<\/div>\n<div dir=\"ltr\" class=\"bbc-1ka88fa e57qer20\">\n<figure class=\"bbc-1qdcvv9 e6bmn90\">\n<div dir=\"ltr\" class=\"bbc-172p16q e57qer20\">\n<div dir=\"ltr\" class=\"bbc-189y18v e57qer20\">\n<div data-e2e=\"image-placeholder\" class=\"bbc-1k5hvrj e1whu0\"><noscript><img srcset=\"http:\/\/cordobadirecto.com\/wp-content\/uploads\/2021\/04\/crisis-en-apure-y-arauca-5-claves-para-entender-la-escalada-de-violencia-en-la-otra-frontera-entre-colombia-y-venezuela-12.jpg 240w, http:\/\/cordobadirecto.com\/wp-content\/uploads\/2021\/04\/crisis-en-apure-y-arauca-5-claves-para-entender-la-escalada-de-violencia-en-la-otra-frontera-entre-colombia-y-venezuela-13.jpg 320w, http:\/\/cordobadirecto.com\/wp-content\/uploads\/2021\/04\/crisis-en-apure-y-arauca-5-claves-para-entender-la-escalada-de-violencia-en-la-otra-frontera-entre-colombia-y-venezuela-14.jpg 480w, http:\/\/cordobadirecto.com\/wp-content\/uploads\/2021\/04\/crisis-en-apure-y-arauca-5-claves-para-entender-la-escalada-de-violencia-en-la-otra-frontera-entre-colombia-y-venezuela-15.jpg 624w, http:\/\/cordobadirecto.com\/wp-content\/uploads\/2021\/04\/crisis-en-apure-y-arauca-5-claves-para-entender-la-escalada-de-violencia-en-la-otra-frontera-entre-colombia-y-venezuela-16.jpg 800w\" alt=\"Albergue en Arauquita\" src=\"http:\/\/cordobadirecto.com\/wp-content\/uploads\/2021\/04\/crisis-en-apure-y-arauca-5-claves-para-entender-la-escalada-de-violencia-en-la-otra-frontera-entre-colombia-y-venezuela-1.jpg\" width=\"976\" class=\"bbc-fat2bc e1enwo3v0\"><\/noscript><\/p>\n<p role=\"text\" class=\"bbc-1s1cxbv etq3yw90\"><span class=\"bbc-1gnhmg2 e1yt7oin0\">Fuente de la imagen, <\/span><span lang=\"en-GB\">AFP<\/span><\/p>\n<\/div>\n<\/div>\n<div dir=\"ltr\" class=\"bbc-3edg7g e57qer20\" readability=\"7\"><figcaption dir=\"ltr\" class=\"bbc-1t9zlwf eede9f50\" readability=\"4\"><span class=\"bbc-1gnhmg2 e1yt7oin0\">Pie de foto, <\/span><\/p>\n<p>El coliseo, el colegio y la cancha de futbol de Arauquita son algunos de los espacios tomados por la crisis migratoria.<\/p>\n<\/figcaption><\/div>\n<\/div>\n<\/figure>\n<\/div>\n<p><h2 id=\"1-Qu\u00e9-est\u00e1-pasando-\" tabindex=\"-1\" class=\"bbc-l3e97o e14hemmw0\">1. \u00bfQu\u00e9 est\u00e1 pasando? <\/h2>\n<\/p>\n<div dir=\"ltr\" class=\"bbc-19j92fr e57qer20\" readability=\"11\">\n<p dir=\"ltr\" class=\"bbc-bm53ic e1cc2ql70\">El 21 de marzo los residentes de La Victoria, un municipio fronterizo venezolano, oyeron bombardeos y se vieron forzados a dejar sus casas de repente y cruzar el r\u00edo hacia el municipio colombiano de La Arauquita. <\/p>\n<\/div>\n<div dir=\"ltr\" class=\"bbc-19j92fr e57qer20\" readability=\"7\">\n<p dir=\"ltr\" class=\"bbc-bm53ic e1cc2ql70\">Desde entonces los enfrentamientos y los desplazamientos no han cesado. <\/p>\n<\/div>\n<div dir=\"ltr\" class=\"bbc-19j92fr e57qer20\" readability=\"9\">\n<p dir=\"ltr\" class=\"bbc-bm53ic e1cc2ql70\">A la zona llegaron las unidades de las<b> Fuerzas de Acciones Especiales<\/b> (FAES), un poderoso comando de la Polic\u00eda Nacional Bolivariana de Venezuela. <\/p>\n<\/div>\n<div dir=\"ltr\" class=\"bbc-19j92fr e57qer20\" readability=\"9\">\n<p dir=\"ltr\" class=\"bbc-bm53ic e1cc2ql70\">Caracas asegura que ha detenido a 31 personas, destruido nueve campamentos y desactivado seis artefactos explosivos.<\/p>\n<\/div>\n<div dir=\"ltr\" class=\"bbc-19j92fr e57qer20\" readability=\"11\">\n<p dir=\"ltr\" class=\"bbc-bm53ic e1cc2ql70\">El gobierno de Nicol\u00e1s Maduro dice que est\u00e1 enfrentando a un grupo armado colombiano que cuenta con la &#8220;protecci\u00f3n y tolerancia&#8221; de Bogot\u00e1. Los desplazados, aseguran, son colombianos que quieren volver a su pa\u00eds. <\/p>\n<\/div>\n<div dir=\"ltr\" class=\"bbc-19j92fr e57qer20\" readability=\"11\">\n<p dir=\"ltr\" class=\"bbc-bm53ic e1cc2ql70\">Este lunes el ministro de Defensa venezolano, Vladimir Padrino, anunci\u00f3 que crear\u00e1 una zona especial de defensa<b> para &#8220;garantizar la paz y la integridad territorial&#8221; <\/b>de Venezuela ante &#8220;un plan imperial para balcanizar al pa\u00eds&#8221; promovido &#8220;por Estados Unidos con el apoyo de Colombia&#8221;.<\/p>\n<\/div>\n<div dir=\"ltr\" class=\"bbc-19j92fr e57qer20\" readability=\"8\">\n<p dir=\"ltr\" class=\"bbc-bm53ic e1cc2ql70\">Padrino lleg\u00f3 a asegurar hace unos d\u00edas que &#8220;las incursiones en el espacio geogr\u00e1fico venezolano deben considerarse como una agresi\u00f3n auspiciada por Iv\u00e1n Duque&#8221;.<\/p>\n<\/div>\n<div dir=\"ltr\" class=\"bbc-19j92fr e57qer20\" readability=\"7\">\n<p dir=\"ltr\" class=\"bbc-bm53ic e1cc2ql70\">Medios venezolanos afines a gobierno califican a los irregulares armados de &#8220;narco-mercenarios&#8221;.<\/p>\n<\/div>\n<div dir=\"ltr\" class=\"bbc-19j92fr e57qer20\" readability=\"11\">\n<p dir=\"ltr\" class=\"bbc-bm53ic e1cc2ql70\">Bogot\u00e1, por su parte, argumenta que a Maduro le est\u00e1 pasando factura <b>su complicidad<\/b> con guerrilleros y que ha concentrado sus gestiones en asistir a los miles de desplazados que llegaron a Arauquita. <\/p>\n<\/div>\n<div dir=\"ltr\" class=\"bbc-19j92fr e57qer20\" readability=\"9\">\n<p dir=\"ltr\" class=\"bbc-bm53ic e1cc2ql70\">La ONG Human Rights Watch y medios locales han dado a conocer testimonios de desplazados que aseguran que sus familiares fueron ejecutados extrajudicialmente para presentarlos como bajas guerrilleras. <\/p>\n<\/div>\n<div dir=\"ltr\" class=\"bbc-19j92fr e57qer20\" readability=\"7\">\n<p dir=\"ltr\" class=\"bbc-bm53ic e1cc2ql70\">Caracas niega esta versi\u00f3n. <\/p>\n<\/div>\n<div dir=\"ltr\" class=\"bbc-1ka88fa e57qer20\">\n<figure class=\"bbc-1qdcvv9 e6bmn90\">\n<div dir=\"ltr\" class=\"bbc-172p16q e57qer20\">\n<div dir=\"ltr\" class=\"bbc-189y18v e57qer20\">\n<div data-e2e=\"image-placeholder\" class=\"bbc-1k5hvrj e1whu0\"><noscript><img srcset=\"http:\/\/cordobadirecto.com\/wp-content\/uploads\/2021\/04\/crisis-en-apure-y-arauca-5-claves-para-entender-la-escalada-de-violencia-en-la-otra-frontera-entre-colombia-y-venezuela-17.jpg 240w, http:\/\/cordobadirecto.com\/wp-content\/uploads\/2021\/04\/crisis-en-apure-y-arauca-5-claves-para-entender-la-escalada-de-violencia-en-la-otra-frontera-entre-colombia-y-venezuela-18.jpg 320w, http:\/\/cordobadirecto.com\/wp-content\/uploads\/2021\/04\/crisis-en-apure-y-arauca-5-claves-para-entender-la-escalada-de-violencia-en-la-otra-frontera-entre-colombia-y-venezuela-19.jpg 480w, http:\/\/cordobadirecto.com\/wp-content\/uploads\/2021\/04\/crisis-en-apure-y-arauca-5-claves-para-entender-la-escalada-de-violencia-en-la-otra-frontera-entre-colombia-y-venezuela-20.jpg 624w, http:\/\/cordobadirecto.com\/wp-content\/uploads\/2021\/04\/crisis-en-apure-y-arauca-5-claves-para-entender-la-escalada-de-violencia-en-la-otra-frontera-entre-colombia-y-venezuela-21.jpg 800w\" alt=\"La Victoria.\" src=\"http:\/\/cordobadirecto.com\/wp-content\/uploads\/2021\/04\/crisis-en-apure-y-arauca-5-claves-para-entender-la-escalada-de-violencia-en-la-otra-frontera-entre-colombia-y-venezuela-2.jpg\" width=\"976\" class=\"bbc-fat2bc e1enwo3v0\"><\/noscript><\/p>\n<p role=\"text\" class=\"bbc-1s1cxbv etq3yw90\"><span class=\"bbc-1gnhmg2 e1yt7oin0\">Fuente de la imagen, <\/span><span lang=\"en-GB\">AFP<\/span><\/p>\n<\/div>\n<\/div>\n<div dir=\"ltr\" class=\"bbc-3edg7g e57qer20\" readability=\"6\"><figcaption dir=\"ltr\" class=\"bbc-1t9zlwf eede9f50\" readability=\"2\"><span class=\"bbc-1gnhmg2 e1yt7oin0\">Pie de foto, <\/span><\/p>\n<p>As\u00ed qued\u00f3 el pueblo venezolano de La Victoria.<\/p>\n<\/figcaption><\/div>\n<\/div>\n<\/figure>\n<\/div>\n<p><h2 id=\"2-D\u00f3nde-est\u00e1-ocurriendo-\" tabindex=\"-1\" class=\"bbc-l3e97o e14hemmw0\">2. \u00bfD\u00f3nde est\u00e1 ocurriendo? <\/h2>\n<\/p>\n<div dir=\"ltr\" class=\"bbc-19j92fr e57qer20\" readability=\"10\">\n<p dir=\"ltr\" class=\"bbc-bm53ic e1cc2ql70\">Esta zona fronteriza, conocida como el &#8220;piedemonte llanero&#8221; por estar entre las cordilleras y la sabana tropical, ha sido durante a\u00f1os un paso clave para las rutas del narcotr\u00e1fico. <\/p>\n<\/div>\n<div dir=\"ltr\" class=\"bbc-19j92fr e57qer20\" readability=\"12\">\n<p dir=\"ltr\" class=\"bbc-bm53ic e1cc2ql70\">Aunque el control de la zona lo ejerci\u00f3 el <b>Ej\u00e9rcito de Liberaci\u00f3n Nacional (ELN)<\/b> desde los a\u00f1os 80, hoy tambi\u00e9n hay presencia de al menos dos grupos distintos -y, probablemente, rivales- de las disidencias de las Fuerzas Armadas Revolucionarias de Colombia (FARC). <\/p>\n<\/div>\n<div dir=\"ltr\" class=\"bbc-19j92fr e57qer20\" readability=\"7\">\n<p dir=\"ltr\" class=\"bbc-bm53ic e1cc2ql70\">Venezuela siempre ha negado que &#8220;d\u00e9 refugio&#8221; a guerrilleros colombianos.<\/p>\n<\/div>\n<div dir=\"ltr\" class=\"bbc-19j92fr e57qer20\" readability=\"7\">\n<p dir=\"ltr\" class=\"bbc-bm53ic e1cc2ql70\">Nicol\u00e1s Maduro atribuye su presencia al &#8220;descontrol&#8221; del conflicto en Colombia. <\/p>\n<\/div>\n<div dir=\"ltr\" class=\"bbc-19j92fr e57qer20\" readability=\"14\">\n<p dir=\"ltr\" class=\"bbc-bm53ic e1cc2ql70\">Jorge Mantilla, experto en frontera y seguridad, asegura &#8220;que las guerrillas colombianas, los grupos armados y las autoridades venezolanas&#8221; hab\u00edan logrado mantener la paz gracias &#8220;<b>a arreglos, a veces t\u00e1citos, de repartici\u00f3n de rentas y control territorial<\/b>&#8220;.<\/p>\n<\/div>\n<div dir=\"ltr\" class=\"bbc-19j92fr e57qer20\" readability=\"11\">\n<p dir=\"ltr\" class=\"bbc-bm53ic e1cc2ql70\">Y ahora, seg\u00fan Mantilla, quien trabaja en una tesis doctoral en la Universidad de Illinois sobre el crimen en esta frontera, esa paz se vio alterada por la disidencia de las FARC.<\/p>\n<\/div>\n<div dir=\"ltr\" class=\"bbc-1ka88fa e57qer20\">\n<figure class=\"bbc-1qdcvv9 e6bmn90\">\n<div dir=\"ltr\" class=\"bbc-172p16q e57qer20\">\n<div dir=\"ltr\" class=\"bbc-189y18v e57qer20\">\n<div data-e2e=\"image-placeholder\" class=\"bbc-1k5hvrj e1whu0\"><noscript><img srcset=\"http:\/\/cordobadirecto.com\/wp-content\/uploads\/2021\/04\/crisis-en-apure-y-arauca-5-claves-para-entender-la-escalada-de-violencia-en-la-otra-frontera-entre-colombia-y-venezuela-22.jpg 240w, http:\/\/cordobadirecto.com\/wp-content\/uploads\/2021\/04\/crisis-en-apure-y-arauca-5-claves-para-entender-la-escalada-de-violencia-en-la-otra-frontera-entre-colombia-y-venezuela-23.jpg 320w, http:\/\/cordobadirecto.com\/wp-content\/uploads\/2021\/04\/crisis-en-apure-y-arauca-5-claves-para-entender-la-escalada-de-violencia-en-la-otra-frontera-entre-colombia-y-venezuela-24.jpg 480w, http:\/\/cordobadirecto.com\/wp-content\/uploads\/2021\/04\/crisis-en-apure-y-arauca-5-claves-para-entender-la-escalada-de-violencia-en-la-otra-frontera-entre-colombia-y-venezuela-25.jpg 624w, http:\/\/cordobadirecto.com\/wp-content\/uploads\/2021\/04\/crisis-en-apure-y-arauca-5-claves-para-entender-la-escalada-de-violencia-en-la-otra-frontera-entre-colombia-y-venezuela-26.jpg 800w\" alt=\"Albergue en Arauquita\" src=\"http:\/\/cordobadirecto.com\/wp-content\/uploads\/2021\/04\/crisis-en-apure-y-arauca-5-claves-para-entender-la-escalada-de-violencia-en-la-otra-frontera-entre-colombia-y-venezuela-3.jpg\" width=\"976\" class=\"bbc-fat2bc e1enwo3v0\"><\/noscript><\/p>\n<p role=\"text\" class=\"bbc-1s1cxbv etq3yw90\"><span class=\"bbc-1gnhmg2 e1yt7oin0\">Fuente de la imagen, <\/span><span lang=\"en-GB\">AFP<\/span><\/p>\n<\/div>\n<\/div>\n<div dir=\"ltr\" class=\"bbc-3edg7g e57qer20\" readability=\"6\"><figcaption dir=\"ltr\" class=\"bbc-1t9zlwf eede9f50\" readability=\"2\"><span class=\"bbc-1gnhmg2 e1yt7oin0\">Pie de foto, <\/span><\/p>\n<p>El 40% de la poblaci\u00f3n migrante en esta crisis son ni\u00f1os.<\/p>\n<\/figcaption><\/div>\n<\/div>\n<\/figure>\n<\/div>\n<p><h2 id=\"3-Qui\u00e9nes-se-enfrentan\" tabindex=\"-1\" class=\"bbc-l3e97o e14hemmw0\">3. \u00bfQui\u00e9nes se enfrentan?<\/h2>\n<\/p>\n<div dir=\"ltr\" class=\"bbc-19j92fr e57qer20\" readability=\"10\">\n<p dir=\"ltr\" class=\"bbc-bm53ic e1cc2ql70\">Ese actor que al parecer busca recomponer el control de la zona se hace llamar &#8220;<b>Frente D\u00e9cimo de las FARC<\/b>&#8220;, dirigido por &#8220;alias Ferley&#8221; y que ha adquirido mayor capacidad militar y econ\u00f3mica durante los \u00faltimos meses. <\/p>\n<\/div>\n<div dir=\"ltr\" class=\"bbc-19j92fr e57qer20\" readability=\"12\">\n<p dir=\"ltr\" class=\"bbc-bm53ic e1cc2ql70\">En 2016, las FARC firmaron, con el apoyo log\u00edstico de Venezuela, un acuerdo de paz con el Estado colombiano. Pero varios grupos dentro de la misma guerrilla se opusieron al acuerdo o se rearmaron poco despu\u00e9s de la firma. <\/p>\n<\/div>\n<div dir=\"ltr\" class=\"bbc-19j92fr e57qer20\" readability=\"9\">\n<p dir=\"ltr\" class=\"bbc-bm53ic e1cc2ql70\">Hoy las diferentes disidencias de las FARC tienen distintas expresiones, intereses y territorios de control. <\/p>\n<\/div>\n<div dir=\"ltr\" class=\"bbc-19j92fr e57qer20\" readability=\"11\">\n<p dir=\"ltr\" class=\"bbc-bm53ic e1cc2ql70\">El gobierno venezolano siempre ha negado cualquier pacto con las guerrillas colombianas, pero Mantilla sostiene que &#8220;ahora se ha producido una tensi\u00f3n entre los arreglos locales que pueden tener el Frente D\u00e9cimo con los componentes regionales del ej\u00e9rcito venezolano y los arreglos nacionales que pueden tener el gobierno nacional en Caracas con la Segunda Marquetalia (otra disidencia)&#8221;. <\/p>\n<\/div>\n<div dir=\"ltr\" class=\"bbc-1ka88fa e57qer20\">\n<figure class=\"bbc-1qdcvv9 e6bmn90\">\n<div dir=\"ltr\" class=\"bbc-172p16q e57qer20\">\n<div dir=\"ltr\" class=\"bbc-189y18v e57qer20\">\n<div data-e2e=\"image-placeholder\" class=\"bbc-1k5hvrj e1whu0\"><noscript><img srcset=\"http:\/\/cordobadirecto.com\/wp-content\/uploads\/2021\/04\/crisis-en-apure-y-arauca-5-claves-para-entender-la-escalada-de-violencia-en-la-otra-frontera-entre-colombia-y-venezuela-27.jpg 240w, http:\/\/cordobadirecto.com\/wp-content\/uploads\/2021\/04\/crisis-en-apure-y-arauca-5-claves-para-entender-la-escalada-de-violencia-en-la-otra-frontera-entre-colombia-y-venezuela-28.jpg 320w, http:\/\/cordobadirecto.com\/wp-content\/uploads\/2021\/04\/crisis-en-apure-y-arauca-5-claves-para-entender-la-escalada-de-violencia-en-la-otra-frontera-entre-colombia-y-venezuela-29.jpg 480w, http:\/\/cordobadirecto.com\/wp-content\/uploads\/2021\/04\/crisis-en-apure-y-arauca-5-claves-para-entender-la-escalada-de-violencia-en-la-otra-frontera-entre-colombia-y-venezuela-30.jpg 624w, http:\/\/cordobadirecto.com\/wp-content\/uploads\/2021\/04\/crisis-en-apure-y-arauca-5-claves-para-entender-la-escalada-de-violencia-en-la-otra-frontera-entre-colombia-y-venezuela-31.jpg 800w\" alt=\"Crisis migrantes Arauca\" src=\"http:\/\/cordobadirecto.com\/wp-content\/uploads\/2021\/04\/crisis-en-apure-y-arauca-5-claves-para-entender-la-escalada-de-violencia-en-la-otra-frontera-entre-colombia-y-venezuela-4.jpg\" width=\"976\" class=\"bbc-fat2bc e1enwo3v0\"><\/noscript><\/p>\n<p role=\"text\" class=\"bbc-1s1cxbv etq3yw90\"><span class=\"bbc-1gnhmg2 e1yt7oin0\">Fuente de la imagen, <\/span><span lang=\"en-GB\">AFP<\/span><\/p>\n<\/div>\n<\/div>\n<div dir=\"ltr\" class=\"bbc-3edg7g e57qer20\" readability=\"7\"><figcaption dir=\"ltr\" class=\"bbc-1t9zlwf eede9f50\" readability=\"4\"><span class=\"bbc-1gnhmg2 e1yt7oin0\">Pie de foto, <\/span><\/p>\n<p>El piedemonte llanero es una regi\u00f3n que comparten dos pa\u00edses, pero la frontera entre Arauquiita y Victoria est\u00e1 marcada por un r\u00edo.<\/p>\n<\/figcaption><\/div>\n<\/div>\n<\/figure>\n<\/div>\n<p><h2 id=\"4-Por-qu\u00e9-ahora\" tabindex=\"-1\" class=\"bbc-l3e97o e14hemmw0\">4. \u00bfPor qu\u00e9 ahora?<\/h2>\n<\/p>\n<div dir=\"ltr\" class=\"bbc-19j92fr e57qer20\" readability=\"9\">\n<p dir=\"ltr\" class=\"bbc-bm53ic e1cc2ql70\"><b>La situaci\u00f3n se da en un momento en <\/b><b>el <\/b><b>que <\/b><b>la gesti\u00f3n del<\/b><b> orden p\u00fablico en Colombia se<\/b><b> est\u00e1 complicando<\/b>: decenas de miles de personas han sido desplazadas en otras regiones del pa\u00eds y las masacres y asesinatos de l\u00edderes sociales siguen dominando el escenario. <\/p>\n<\/div>\n<div dir=\"ltr\" class=\"bbc-19j92fr e57qer20\" readability=\"12\">\n<p dir=\"ltr\" class=\"bbc-bm53ic e1cc2ql70\">Aunque el gobierno de Iv\u00e1n Duque defiende la baja de homicidios en 2020 y su implementaci\u00f3n del acuerdo de paz, la oposici\u00f3n ha calificado de insuficiente su agenda de paz, con el resultado de que la violencia se ha agudizado, el conflicto se ha fragmentado y la producci\u00f3n de coca ha aumentado. <\/p>\n<\/div>\n<div dir=\"ltr\" class=\"bbc-19j92fr e57qer20\" readability=\"7\">\n<p dir=\"ltr\" class=\"bbc-bm53ic e1cc2ql70\">En abril Duque espera reactivar las fumigaciones con glifosato en cultivos il\u00edcitos. <\/p>\n<\/div>\n<div dir=\"ltr\" class=\"bbc-19j92fr e57qer20\" readability=\"9\">\n<p dir=\"ltr\" class=\"bbc-bm53ic e1cc2ql70\">Son todos elementos que pueden explicar por qu\u00e9 ahora algunos grupos armados est\u00e1n moviendo sus fichas en un momento de reactivaci\u00f3n de las econom\u00edas ilegales alrededor del mundo tras la pandemia. <\/p>\n<\/div>\n<div dir=\"ltr\" class=\"bbc-1ka88fa e57qer20\">\n<figure class=\"bbc-1qdcvv9 e6bmn90\">\n<div dir=\"ltr\" class=\"bbc-172p16q e57qer20\">\n<div dir=\"ltr\" class=\"bbc-189y18v e57qer20\">\n<div data-e2e=\"image-placeholder\" class=\"bbc-1k5hvrj e1whu0\"><noscript><img srcset=\"http:\/\/cordobadirecto.com\/wp-content\/uploads\/2021\/04\/crisis-en-apure-y-arauca-5-claves-para-entender-la-escalada-de-violencia-en-la-otra-frontera-entre-colombia-y-venezuela-32.jpg 240w, http:\/\/cordobadirecto.com\/wp-content\/uploads\/2021\/04\/crisis-en-apure-y-arauca-5-claves-para-entender-la-escalada-de-violencia-en-la-otra-frontera-entre-colombia-y-venezuela-33.jpg 320w, http:\/\/cordobadirecto.com\/wp-content\/uploads\/2021\/04\/crisis-en-apure-y-arauca-5-claves-para-entender-la-escalada-de-violencia-en-la-otra-frontera-entre-colombia-y-venezuela-34.jpg 480w, http:\/\/cordobadirecto.com\/wp-content\/uploads\/2021\/04\/crisis-en-apure-y-arauca-5-claves-para-entender-la-escalada-de-violencia-en-la-otra-frontera-entre-colombia-y-venezuela-35.jpg 624w, http:\/\/cordobadirecto.com\/wp-content\/uploads\/2021\/04\/crisis-en-apure-y-arauca-5-claves-para-entender-la-escalada-de-violencia-en-la-otra-frontera-entre-colombia-y-venezuela-36.jpg 800w\" alt=\"Crisis migrantes Arauca\" src=\"http:\/\/cordobadirecto.com\/wp-content\/uploads\/2021\/04\/crisis-en-apure-y-arauca-5-claves-para-entender-la-escalada-de-violencia-en-la-otra-frontera-entre-colombia-y-venezuela-5.jpg\" width=\"976\" class=\"bbc-fat2bc e1enwo3v0\"><\/noscript><\/p>\n<p role=\"text\" class=\"bbc-1s1cxbv etq3yw90\"><span class=\"bbc-1gnhmg2 e1yt7oin0\">Fuente de la imagen, <\/span><span lang=\"en-GB\">AFP<\/span><\/p>\n<\/div>\n<\/div>\n<div dir=\"ltr\" class=\"bbc-3edg7g e57qer20\" readability=\"7\"><figcaption dir=\"ltr\" class=\"bbc-1t9zlwf eede9f50\" readability=\"4\"><span class=\"bbc-1gnhmg2 e1yt7oin0\">Pie de foto, <\/span><\/p>\n<p>Seg\u00fan el gobierno venezolano, cuatro militares murieron en combates. Es el \u00fanico dato de fallecidos que se ha dado.<\/p>\n<\/figcaption><\/div>\n<\/div>\n<\/figure>\n<\/div>\n<p><h2 id=\"5-Cu\u00e1l-puede-ser-el-desenlace\" tabindex=\"-1\" class=\"bbc-l3e97o e14hemmw0\">5. \u00bfCu\u00e1l puede ser el desenlace?<\/h2>\n<\/p>\n<div dir=\"ltr\" class=\"bbc-19j92fr e57qer20\" readability=\"8\">\n<p dir=\"ltr\" class=\"bbc-bm53ic e1cc2ql70\">Mantilla asegura que para que baje la tensi\u00f3n pueden ocurrir dos cosas: <b>o que se vuelva al statu quo de no agresi\u00f3n o que uno de los grupos se imponga sobre el otro<\/b>.<\/p>\n<\/div>\n<div dir=\"ltr\" class=\"bbc-19j92fr e57qer20\" readability=\"11\">\n<p dir=\"ltr\" class=\"bbc-bm53ic e1cc2ql70\">El ELN, una guerrilla que algunos hoy consideran &#8220;binacional&#8221;, es probablemente el actor ilegal de mayor poder militar en la zona y lo que ocurra depender\u00e1 de si entran a luchar contra las disidencias en defensa de su territorio o de la revoluci\u00f3n bolivariana. <\/p>\n<\/div>\n<div dir=\"ltr\" class=\"bbc-19j92fr e57qer20\" readability=\"12\">\n<p dir=\"ltr\" class=\"bbc-bm53ic e1cc2ql70\">Est\u00e1 por ver, adem\u00e1s, qu\u00e9 har\u00e1 Caracas para demostrar que, <b>como ha sostenido por a\u00f1os<\/b>, no tolera la presencia de grupos armados ilegales y lucha contra el narcotr\u00e1fico.<\/p>\n<\/div>\n<div dir=\"ltr\" class=\"bbc-19j92fr e57qer20\" readability=\"8\">\n<p dir=\"ltr\" class=\"bbc-bm53ic e1cc2ql70\">A la ecuaci\u00f3n se a\u00f1ade que el gobierno de Iv\u00e1n Duque no reconoce a Maduro como presidente y que no hay canales de comunicaci\u00f3n entre las autoridades de ambos pa\u00edses. <\/p>\n<\/div>\n<div dir=\"ltr\" class=\"bbc-19j92fr e57qer20\" readability=\"9\">\n<p dir=\"ltr\" class=\"bbc-bm53ic e1cc2ql70\">Adem\u00e1s, lo que ocurre en Colombia y Venezuela suele estar en el radar de las grandes potencias: Estados Unidos por un lado y China y Rusia por el otro. <\/p>\n<\/div>\n<div dir=\"ltr\" class=\"bbc-19j92fr e57qer20\" readability=\"8\">\n<p dir=\"ltr\" class=\"bbc-bm53ic e1cc2ql70\">De ambos lados de la frontera, no parece una situaci\u00f3n f\u00e1cil de controlar. <\/p>\n<\/div>\n<div dir=\"ltr\" class=\"bbc-1ka88fa e57qer20\">\n<figure class=\"bbc-1qdcvv9 e6bmn90\">\n<div dir=\"ltr\" class=\"bbc-172p16q e57qer20\">\n<div dir=\"ltr\" class=\"bbc-189y18v e57qer20\">\n<div data-e2e=\"image-placeholder\" class=\"bbc-367mqz e1whu0\"><noscript><img srcset=\"http:\/\/cordobadirecto.com\/wp-content\/uploads\/2021\/04\/crisis-en-apure-y-arauca-5-claves-para-entender-la-escalada-de-violencia-en-la-otra-frontera-entre-colombia-y-venezuela-37.jpg 240w, http:\/\/cordobadirecto.com\/wp-content\/uploads\/2021\/04\/crisis-en-apure-y-arauca-5-claves-para-entender-la-escalada-de-violencia-en-la-otra-frontera-entre-colombia-y-venezuela-38.jpg 320w, http:\/\/cordobadirecto.com\/wp-content\/uploads\/2021\/04\/crisis-en-apure-y-arauca-5-claves-para-entender-la-escalada-de-violencia-en-la-otra-frontera-entre-colombia-y-venezuela-39.jpg 464w\" alt=\"l\u00ednea\" src=\"http:\/\/cordobadirecto.com\/wp-content\/uploads\/2021\/04\/crisis-en-apure-y-arauca-5-claves-para-entender-la-escalada-de-violencia-en-la-otra-frontera-entre-colombia-y-venezuela-6.jpg\" width=\"464\" class=\"bbc-fat2bc e1enwo3v0\"><\/noscript><\/div>\n<\/div>\n<\/div>\n<\/figure>\n<\/div>\n<div dir=\"ltr\" class=\"bbc-19j92fr e57qer20\" readability=\"8\">\n<p dir=\"ltr\" class=\"bbc-bm53ic e1cc2ql70\"><i class=\"bbc-h1y5j7 ewc4zcb0\">Ahora puedes recibir notificaciones de BBC News Mundo. Descarga la nueva versi\u00f3n de nuestra app y act\u00edvalas para no perderte nuestro mejor contenido.<\/i><\/p>\n<\/div>\n","protected":false},"excerpt":{"rendered":"<p>Daniel Pardo Corresponsal de BBC Mundo en Colombia 5 horas Fuente de la imagen, AFP Pie de foto, Es la primera vez que se produce una escalada de tensi\u00f3n entre el ej\u00e9rcito venezolano y un grupo armado colombiano. En el lado colombiano hay cada vez m\u00e1s albergues, carpas y desplazados. Y en el lado venezolano [&hellip;]<\/p>\n","protected":false},"author":1,"featured_media":4239,"comment_status":"closed","ping_status":"closed","sticky":false,"template":"","format":"standard","meta":[],"categories":[24],"tags":[],"_links":{"self":[{"href":"http:\/\/cordobadirecto.com\/index.php\/wp-json\/wp\/v2\/posts\/4238"}],"collection":[{"href":"http:\/\/cordobadirecto.com\/index.php\/wp-json\/wp\/v2\/posts"}],"about":[{"href":"http:\/\/cordobadirecto.com\/index.php\/wp-json\/wp\/v2\/types\/post"}],"author":[{"embeddable":true,"href":"http:\/\/cordobadirecto.com\/index.php\/wp-json\/wp\/v2\/users\/1"}],"replies":[{"embeddable":true,"href":"http:\/\/cordobadirecto.com\/index.php\/wp-json\/wp\/v2\/comments?post=4238"}],"version-history":[{"count":0,"href":"http:\/\/cordobadirecto.com\/index.php\/wp-json\/wp\/v2\/posts\/4238\/revisions"}],"wp:featuredmedia":[{"embeddable":true,"href":"http:\/\/cordobadirecto.com\/index.php\/wp-json\/wp\/v2\/media\/4239"}],"wp:attachment":[{"href":"http:\/\/cordobadirecto.com\/index.php\/wp-json\/wp\/v2\/media?parent=4238"}],"wp:term":[{"taxonomy":"category","embeddable":true,"href":"http:\/\/cordobadirecto.com\/index.php\/wp-json\/wp\/v2\/categories?post=4238"},{"taxonomy":"post_tag","embeddable":true,"href":"http:\/\/cordobadirecto.com\/index.php\/wp-json\/wp\/v2\/tags?post=4238"}],"curies":[{"name":"wp","href":"https:\/\/api.w.org\/{rel}","templated":true}]}}