{"id":4243,"date":"2021-04-06T15:18:00","date_gmt":"2021-04-06T15:18:00","guid":{"rendered":"http:\/\/cordobadirecto.com\/index.php\/2021\/04\/06\/arrestaron-a-un-famoso-comediante-incluido-en-lista-negra-de-la-junta-militar-golpista\/"},"modified":"2021-04-06T15:18:00","modified_gmt":"2021-04-06T15:18:00","slug":"arrestaron-a-un-famoso-comediante-incluido-en-lista-negra-de-la-junta-militar-golpista","status":"publish","type":"post","link":"http:\/\/cordobadirecto.com\/index.php\/2021\/04\/06\/arrestaron-a-un-famoso-comediante-incluido-en-lista-negra-de-la-junta-militar-golpista\/","title":{"rendered":"Arrestaron a un famoso comediante incluido en lista negra de la junta militar golpista"},"content":{"rendered":"<div class=\"image\" id=\"image\" readability=\"9\"> <img src=\"http:\/\/cordobadirecto.com\/wp-content\/uploads\/2021\/04\/arrestaron-a-un-famoso-comediante-incluido-en-lista-negra-de-la-junta-militar-golpista.jpg\" alt=\"Zarganar, de 60 a\u00f1os, es un humorista c\u00e1ustico\" title=\"Zarganar, de 60 a\u00f1os, es un humorista c\u00e1ustico\"><\/p>\n<p>Zarganar, de 60 a\u00f1os, es un humorista c\u00e1ustico<\/p>\n<\/div>\n<p>Las autoridades de Myanmar arrestaron al comediante m\u00e1s famoso del pa\u00eds, dos d\u00edas despu\u00e9s de publicar una &#8220;lista negra&#8221; de artistas e intelectuales que apoyan la ola de protestas prodemocr\u00e1ticas que se producen en el pa\u00eds desde el golpe de Estado. perpetrado en febrero, ferozmente reprimidas y con un saldo de centenares de muertos.<\/p>\n<p>El comediante Zarganar fue sacado de su casa en Yang\u00f3n por polic\u00edas y soldados que llegaron en dos veh\u00edculos del Ej\u00e9rcito, denunci\u00f3 el tambi\u00e9n comediante Ngepyawkyaw en su perfil de Facebook, inform\u00f3 la agencia de noticias AFP.<\/p>\n<p>Zarganar, de 60 a\u00f1os, es un humorista c\u00e1ustico y de lengua filosa que fue detenido varias veces desde que particip\u00f3 activamente en un fallido levantamiento popular de 1988 contra una dictadura militar anterior. Tambi\u00e9n es conocido por su trabajo social, especialmente en la organizaci\u00f3n de asistencia para las v\u00edctimas del cicl\u00f3n Nargis en 2008.<\/p>\n<p>Su arresto se produce dos d\u00edas despu\u00e9s de que la junta militar que gobierna de facto el pa\u00eds desde el 1 de febrero publicara una lista de 60 artistas a los que acusa de &#8220;difundir noticias que afectan la estabilidad del Estado&#8221;, un delito que tiene una pena de hasta tres a\u00f1os de prisi\u00f3n.<\/p>\n<blockquote readability=\"6\">\n<p>En el pa\u00eds siguen las protestas y muchos manifestantes y activistas contin\u00faan siendo arrestados todos los d\u00edas<span class=\"comilla\">\u201d<\/span><\/p>\n<\/blockquote>\n<p>Al d\u00eda siguiente esta lista fue ampliada, mientras la junta apela a la represi\u00f3n y la violencia para neutralizar una imponente ola de protestas callejeras contra el golpe. No qued\u00f3 claro de qu\u00e9 se ha acusado a Zarganar, cuyo nombre real es Maung Thura.<\/p>\n<p>En el pa\u00eds siguen las protestas y muchos manifestantes y activistas contin\u00faan siendo arrestados todos los d\u00edas, seg\u00fan denuncias en redes sociales.<\/p>\n<p>En Mandalay, la segunda ciudad m\u00e1s grande del pa\u00eds, las fuerzas de seguridad utilizaron granadas paralizantes y dispararon armas de fuego para interrumpir una marcha de trabajadores m\u00e9dicos.<\/p>\n<p>Al menos 570 manifestantes y transe\u00fantes, incluidos 47 ni\u00f1os, murieron en la represi\u00f3n desde el golpe de Estado, seg\u00fan la Asociaci\u00f3n de Asistencia para Presos Pol\u00edticos (AAPP), una ONG local.<\/p>\n<blockquote readability=\"7\">\n<p>El golpe de Estado y la represi\u00f3n han provocado la indignaci\u00f3n y las sanciones de las potencias mundiales, y han llevado a varias empresas internacionales a suspender sus negocios con Myanmar<span class=\"comilla\">\u201d<\/span><\/p>\n<\/blockquote>\n<p>Tambi\u00e9n, manifestantes derramaron pintura roja en las calles de Yang\u00f3n para protestar contra la sangrienta represi\u00f3n de la junta militar, mientras una campa\u00f1a de recaudaci\u00f3n de fondos en l\u00ednea para apoyar el movimiento se acerca los 10 millones de d\u00f3lares.<\/p>\n<p>Diez grupos rebeldes integrados por minor\u00edas \u00e9tnicas de Myanmar manifestaron su apoyo al movimiento de protesta el fin de semana, avivando los temores de que el pa\u00eds pueda caer en un conflicto civil m\u00e1s amplio, en un &#8220;ba\u00f1o de sangre&#8221;, seg\u00fan advirti\u00f3 la ONU.<\/p>\n<p>El golpe de Estado y la represi\u00f3n han provocado la indignaci\u00f3n y las sanciones de las potencias mundiales, y han llevado a varias empresas internacionales a suspender sus negocios con Myanmar.<\/p>\n<p>Pero la presi\u00f3n a\u00fan no ha hecho mella en los generales, que han dado pocas muestras de dar un paso atr\u00e1s en sus esfuerzos por reprimir las protestas. <\/p>\n","protected":false},"excerpt":{"rendered":"<p>Zarganar, de 60 a\u00f1os, es un humorista c\u00e1ustico Las autoridades de Myanmar arrestaron al comediante m\u00e1s famoso del pa\u00eds, dos d\u00edas despu\u00e9s de publicar una &#8220;lista negra&#8221; de artistas e intelectuales que apoyan la ola de protestas prodemocr\u00e1ticas que se producen en el pa\u00eds desde el golpe de Estado. perpetrado en febrero, ferozmente reprimidas y [&hellip;]<\/p>\n","protected":false},"author":1,"featured_media":4244,"comment_status":"closed","ping_status":"closed","sticky":false,"template":"","format":"standard","meta":[],"categories":[24],"tags":[],"_links":{"self":[{"href":"http:\/\/cordobadirecto.com\/index.php\/wp-json\/wp\/v2\/posts\/4243"}],"collection":[{"href":"http:\/\/cordobadirecto.com\/index.php\/wp-json\/wp\/v2\/posts"}],"about":[{"href":"http:\/\/cordobadirecto.com\/index.php\/wp-json\/wp\/v2\/types\/post"}],"author":[{"embeddable":true,"href":"http:\/\/cordobadirecto.com\/index.php\/wp-json\/wp\/v2\/users\/1"}],"replies":[{"embeddable":true,"href":"http:\/\/cordobadirecto.com\/index.php\/wp-json\/wp\/v2\/comments?post=4243"}],"version-history":[{"count":0,"href":"http:\/\/cordobadirecto.com\/index.php\/wp-json\/wp\/v2\/posts\/4243\/revisions"}],"wp:featuredmedia":[{"embeddable":true,"href":"http:\/\/cordobadirecto.com\/index.php\/wp-json\/wp\/v2\/media\/4244"}],"wp:attachment":[{"href":"http:\/\/cordobadirecto.com\/index.php\/wp-json\/wp\/v2\/media?parent=4243"}],"wp:term":[{"taxonomy":"category","embeddable":true,"href":"http:\/\/cordobadirecto.com\/index.php\/wp-json\/wp\/v2\/categories?post=4243"},{"taxonomy":"post_tag","embeddable":true,"href":"http:\/\/cordobadirecto.com\/index.php\/wp-json\/wp\/v2\/tags?post=4243"}],"curies":[{"name":"wp","href":"https:\/\/api.w.org\/{rel}","templated":true}]}}