{"id":4253,"date":"2021-04-06T04:36:12","date_gmt":"2021-04-06T04:36:12","guid":{"rendered":"https:\/\/notepeines.com.ar\/?p=2360"},"modified":"2021-04-06T04:36:12","modified_gmt":"2021-04-06T04:36:12","slug":"el-sentido-recuerdo-de-carlos-busqued-por-eugenia-almeida","status":"publish","type":"post","link":"http:\/\/cordobadirecto.com\/index.php\/2021\/04\/06\/el-sentido-recuerdo-de-carlos-busqued-por-eugenia-almeida\/","title":{"rendered":"El sentido recuerdo de Carlos Busqued, por Eugenia Almeida"},"content":{"rendered":"<div><img src=\"http:\/\/cordobadirecto.com\/wp-content\/uploads\/2021\/04\/el-sentido-recuerdo-de-carlos-busqued-por-eugenia-almeida.jpg\" class=\"ff-og-image-inserted\"><\/div>\n<p>Para Leer<\/p>\n<p>El sentido recuerdo de Carlos Busqued, por Eugenia Almeida<\/p>\n<p><em>En medio de la acongojante muerte del escritor de 50 a\u00f1os, su colega cordobesa lo recuerda, desde las v\u00edsceras, el \u00fanico lugar desde el que expres\u00f3 sus ideas.<\/em><\/p>\n<p>Se trata de un hecho que gener\u00f3 un gran sacud\u00f3n gener\u00f3 en el mundo del arte.<\/p>\n<p>En las \u00faltimas horas de marzo, se conoci\u00f3 la noticia: en un accidente dom\u00e9stico, falleci\u00f3 <strong>Carlos Busqued<\/strong>. Chaque\u00f1o de nacimiento, vivi\u00f3 m\u00e1s de un cuarto de siglo en C\u00f3rdoba y era parte de su cultura.<\/p>\n<figure class=\"wp-block-embed is-type-rich is-provider-soundcloud wp-block-embed-soundcloud wp-embed-aspect-4-3 wp-has-aspect-ratio\"><\/figure>\n<p>Fue en el programa radial <strong>Mir\u00e1 Quien Habla<\/strong>, de FM 102.3 de C\u00f3rdoba, que la reconocida escritora Eugenia Almeida habl\u00f3 de su par, <a href=\"https:\/\/notepeines.com.ar\/ciclo-escribir-como-contar-la-particular-historia-de-un-asesino-serial\/\">tr\u00e1gicamente fallecido en los \u00faltimos d\u00edas de marzo de 2020<\/a>.<\/p>\n<p>De modo sentido, emiti\u00f3 incr\u00e9dula al aire los conceptos que le sal\u00edan.<\/p>\n","protected":false},"excerpt":{"rendered":"<p>Para Leer El sentido recuerdo de Carlos Busqued, por Eugenia Almeida En medio de la acongojante muerte del escritor de 50 a\u00f1os, su colega cordobesa lo recuerda, desde las v\u00edsceras, el \u00fanico lugar desde el que expres\u00f3 sus ideas. Se trata de un hecho que gener\u00f3 un gran sacud\u00f3n gener\u00f3 en el mundo del arte. [&hellip;]<\/p>\n","protected":false},"author":1,"featured_media":4254,"comment_status":"open","ping_status":"closed","sticky":false,"template":"","format":"standard","meta":[],"categories":[19],"tags":[],"_links":{"self":[{"href":"http:\/\/cordobadirecto.com\/index.php\/wp-json\/wp\/v2\/posts\/4253"}],"collection":[{"href":"http:\/\/cordobadirecto.com\/index.php\/wp-json\/wp\/v2\/posts"}],"about":[{"href":"http:\/\/cordobadirecto.com\/index.php\/wp-json\/wp\/v2\/types\/post"}],"author":[{"embeddable":true,"href":"http:\/\/cordobadirecto.com\/index.php\/wp-json\/wp\/v2\/users\/1"}],"replies":[{"embeddable":true,"href":"http:\/\/cordobadirecto.com\/index.php\/wp-json\/wp\/v2\/comments?post=4253"}],"version-history":[{"count":0,"href":"http:\/\/cordobadirecto.com\/index.php\/wp-json\/wp\/v2\/posts\/4253\/revisions"}],"wp:featuredmedia":[{"embeddable":true,"href":"http:\/\/cordobadirecto.com\/index.php\/wp-json\/wp\/v2\/media\/4254"}],"wp:attachment":[{"href":"http:\/\/cordobadirecto.com\/index.php\/wp-json\/wp\/v2\/media?parent=4253"}],"wp:term":[{"taxonomy":"category","embeddable":true,"href":"http:\/\/cordobadirecto.com\/index.php\/wp-json\/wp\/v2\/categories?post=4253"},{"taxonomy":"post_tag","embeddable":true,"href":"http:\/\/cordobadirecto.com\/index.php\/wp-json\/wp\/v2\/tags?post=4253"}],"curies":[{"name":"wp","href":"https:\/\/api.w.org\/{rel}","templated":true}]}}