{"id":4263,"date":"2021-04-06T20:51:26","date_gmt":"2021-04-06T20:51:26","guid":{"rendered":"http:\/\/cordobadirecto.com\/index.php\/2021\/04\/06\/la-tv-publica-estrena-un-documental-sobre-la-lucha-del-personal-de-salud-en-la-pandemia\/"},"modified":"2021-04-06T20:51:26","modified_gmt":"2021-04-06T20:51:26","slug":"la-tv-publica-estrena-un-documental-sobre-la-lucha-del-personal-de-salud-en-la-pandemia","status":"publish","type":"post","link":"http:\/\/cordobadirecto.com\/index.php\/2021\/04\/06\/la-tv-publica-estrena-un-documental-sobre-la-lucha-del-personal-de-salud-en-la-pandemia\/","title":{"rendered":"La TV P\u00fablica estrena un documental sobre la lucha del personal de salud en la pandemia"},"content":{"rendered":"<div class=\"image\" id=\"image\" readability=\"7\"> <img src=\"http:\/\/cordobadirecto.com\/wp-content\/uploads\/2021\/04\/la-tv-publica-estrena-un-documental-sobre-la-lucha-del-personal-de-salud-en-la-pandemia.jpg\" alt=\"El trabajo en los centros de salud es el tema del documental. \" title=\"El trabajo en los centros de salud es el tema del documental. \"><\/p>\n<p>El trabajo en los centros de salud es el tema del documental. <\/p>\n<\/div>\n<p>El estreno del documental <strong>&#8220;Primera l\u00ednea de fuego. Honor y gratitud&#8221;, segundo largometraje en solitario de la investigadora Sara Silvia Kochen<\/strong> que re\u00fane testimonios de profesionales que asisten en forma directa a pacientes con Covid-19 en el pa\u00eds, <strong>podr\u00e1 verse este mi\u00e9rcoles, a las 23, en la TV P\u00fablica<\/strong> y en el marco del D\u00eda Mundial de la Salud.<\/p>\n<p><strong>&#8220;B\u00e1sicamente me interes\u00f3 mostrar a toda la comunidad un trabajo que no es reconocido ni valorado, que es el que despliegan las y los trabajadores de la salud y que se hace mucho m\u00e1s notorio en un contexto de pandemia&#8221;<\/strong>, se\u00f1ala Kochen durante una entrevista con T\u00e9lam.<\/p>\n<p> <iframe width=\"560\" height=\"315\" src=\"https:\/\/www.youtube.com\/embed\/KUDQH2ZG-1Q?wmode=transparent&amp;showinfo=0&amp;autohide=1&amp;rel=0\" frameborder=\"0\" allowfullscreen>[embedded content]<\/iframe> <\/p>\n<p>Primera L\u00ednea de Fuego<\/p>\n<p>Kochen es <strong>vicedirectora de la Unidad Ejecutora de Estudios en Neurociencias y Sistemas Complejos (ENyS, Conicet-HEC-UNAJ), investigadora principal del Conicet y m\u00e9dica neur\u00f3loga<\/strong>, adem\u00e1s de documentalista, rol desde el que realiz\u00f3 el premiado <strong>&#8220;Sara M\u00e9ndez&#8221;<\/strong>, acerca de la vida de la militante uruguaya, secuestrada durante la dictadura militar argentina y separada de su hijo Sim\u00f3n, con quien pudo reencontrarse 26 a\u00f1os despu\u00e9s, y el mediometraje <strong>&#8220;Cannabis medicinal&#8221;<\/strong>, junto a Emiliano Serra.<\/p>\n<p>&#8220;Trabajo dirigiendo la unidad de neurociencia en el Hospital El Cruce, de Florencio Varela, pero con la pandemia -relata- me involucr\u00e9 en el manejo epidemiol\u00f3gico de los datos y eso me hizo estar mucho m\u00e1s cerca de una situaci\u00f3n en la que hab\u00eda que estar y estar con todo. Y me pareci\u00f3 importante contarlo en una pel\u00edcula y decid\u00ed que el testimonio de las personas en la primera l\u00ednea de fuego quede plasmado en un documental&#8221;.<\/p>\n<p><strong>&#8220;Primera l\u00ednea de fuego. Honor y gratitud&#8221; se emitir\u00e1 este mi\u00e9rcoles a las 23, a trav\u00e9s de la pantalla estatal<\/strong> en el marco de una programaci\u00f3n especial de la televisora por el D\u00eda Mundial de la Salud.<\/p>\n<p>En el contexto de la pandemia y m\u00e1s all\u00e1 de la jornada espec\u00edfica de ma\u00f1ana, la Televisi\u00f3n P\u00fablica est\u00e1 abordando el tema sanitario en sus ciclos &#8220;Quedate en casa: salud&#8221; (a las 9 con la conducci\u00f3n de Natalia Paratore) y anoche y esta noche, desde las 23, se repiten los dos cap\u00edtulos del documental &#8220;Pandemia en Argentina&#8221;, con la producci\u00f3n general de Jorge Omar Devoto, la direcci\u00f3n de Leonardo Anolles y el guion de Omar Quiroga.<\/p>\n<blockquote readability=\"6\">\n<p>&#8220;No deja de asombramos que como sociedad no seamos capaces de cumplir con m\u00ednimos cuidados y por tanto no te importe la vida propia ni la de los dem\u00e1s.&#8221;<span class=\"comilla\">\u201d<\/span><\/p>\n<p><span> Sara Silvia Kochen<\/span><\/p>\n<\/blockquote>\n<p> Durante la jornada de ma\u00f1ana y adem\u00e1s del estreno del filme de Kochen, la tem\u00e1tica de la salud y del coronavirus estar\u00e1 presente en &#8220;Ma\u00f1anas P\u00fablicas&#8221; (donde Gabriel Corrado y Mariela Fern\u00e1ndez recibir\u00e1n a la autora de la pel\u00edcula), en &#8220;Todos estamos conectados&#8221;, &#8220;Altavoz&#8221;, y en una emisi\u00f3n especial de &#8220;Desiguales&#8221; que Luli Trujillo y Pablo Caruso comandar\u00e1n desde las 22.<\/p>\n<p><strong>T\u00e9lam: \u00bfPuede pensarse a &#8220;Primera l\u00ednea de fuego&#8221; como una respuesta a que se terminaron los aplausos de las 21 y a que nos cuidamos menos de contagiarnos de coronavirus?<\/strong><\/p>\n<p>Sara Silvia Kochen: No tuvo que ver que no hubieron m\u00e1s aplausos, porque eso se sab\u00eda que iba a durar poco. Pero evidentemente no deja de asombramos que como sociedad no seamos capaces de cumplir con m\u00ednimos cuidados y por tanto no te importe la vida propia ni la de los dem\u00e1s.<\/p>\n<p><strong>T: \u00bfC\u00f3mo lleg\u00e1s a este estreno del mi\u00e9rcoles en la TV P\u00fablica? \u00bfQu\u00e9 significa mostrar tu segundo filme a todo el pa\u00eds?<\/strong><\/p>\n<p>SSK: La ofrec\u00ed all\u00ed por una cuesti\u00f3n \u00e9tica, ideol\u00f3gica, filos\u00f3fica si quer\u00e9s. Cuando termin\u00e9 el documental contact\u00e9 a la se\u00f1ora Rosario Lufrano y ella me deriv\u00f3 con la gente que se ocupa de la programaci\u00f3n y lo colocaron en el D\u00eda Mundial de la Salud y sent\u00ed una alegr\u00eda y una satisfacci\u00f3n por tener por segunda vez un documental m\u00edo en ese lugar.<\/p>\n<div class=\"image\" id=\"image\" readability=\"7\"> <img src=\"http:\/\/cordobadirecto.com\/wp-content\/uploads\/2021\/04\/la-tv-publica-estrena-un-documental-sobre-la-lucha-del-personal-de-salud-en-la-pandemia-1.jpg\" alt=\"La directora registra la lucha de los profesionales contra la Covid 19.\" title=\"La directora registra la lucha de los profesionales contra la Covid 19.\"><\/p>\n<p>La directora registra la lucha de los profesionales contra la Covid 19.<\/p>\n<\/div>\n<p><strong>T: \u00bfSent\u00eds que adem\u00e1s de tu autor\u00eda hay puntos de conexi\u00f3n entre &#8220;Sara Mendez&#8221; y &#8220;Primera l\u00ednea de fuego&#8221;?<\/strong><\/p>\n<p>SSK: Tienen en com\u00fan que hay cosas que es importantes saberlas y para eso no hay nada como el cine. Para contarlas, para que la gente se entere, lo valore y lo respete.<\/p>\n<p><strong>T: \u00bfDe qu\u00e9 manera conviven la cient\u00edfica e investigadora con la cineasta?<\/strong><\/p>\n<p>SSK: En un momento conviv\u00edan medio en secreto. En mi vida de m\u00e9dica e investigadora soy Silvia y me llam\u00e9 Sara cuando hice el primer documental. Pero ahora me un\u00ed y soy Sara Silvia para este documental.<\/p>\n<p><strong>T: En el mismo sentido \u00bfHay algunas ideas y motivaciones que se expresen en todas tus actividades?<\/strong><\/p>\n<p>SSK: La pasi\u00f3n, el compromiso con lo que hago, la ilusi\u00f3n, la utop\u00eda, los sue\u00f1os y en alg\u00fan lugar nunca abandonar los deseos de vivir en un mundo mejor. <\/p>\n","protected":false},"excerpt":{"rendered":"<p>El trabajo en los centros de salud es el tema del documental. El estreno del documental &#8220;Primera l\u00ednea de fuego. Honor y gratitud&#8221;, segundo largometraje en solitario de la investigadora Sara Silvia Kochen que re\u00fane testimonios de profesionales que asisten en forma directa a pacientes con Covid-19 en el pa\u00eds, podr\u00e1 verse este mi\u00e9rcoles, a [&hellip;]<\/p>\n","protected":false},"author":1,"featured_media":4264,"comment_status":"closed","ping_status":"closed","sticky":false,"template":"","format":"standard","meta":[],"categories":[20],"tags":[],"_links":{"self":[{"href":"http:\/\/cordobadirecto.com\/index.php\/wp-json\/wp\/v2\/posts\/4263"}],"collection":[{"href":"http:\/\/cordobadirecto.com\/index.php\/wp-json\/wp\/v2\/posts"}],"about":[{"href":"http:\/\/cordobadirecto.com\/index.php\/wp-json\/wp\/v2\/types\/post"}],"author":[{"embeddable":true,"href":"http:\/\/cordobadirecto.com\/index.php\/wp-json\/wp\/v2\/users\/1"}],"replies":[{"embeddable":true,"href":"http:\/\/cordobadirecto.com\/index.php\/wp-json\/wp\/v2\/comments?post=4263"}],"version-history":[{"count":0,"href":"http:\/\/cordobadirecto.com\/index.php\/wp-json\/wp\/v2\/posts\/4263\/revisions"}],"wp:featuredmedia":[{"embeddable":true,"href":"http:\/\/cordobadirecto.com\/index.php\/wp-json\/wp\/v2\/media\/4264"}],"wp:attachment":[{"href":"http:\/\/cordobadirecto.com\/index.php\/wp-json\/wp\/v2\/media?parent=4263"}],"wp:term":[{"taxonomy":"category","embeddable":true,"href":"http:\/\/cordobadirecto.com\/index.php\/wp-json\/wp\/v2\/categories?post=4263"},{"taxonomy":"post_tag","embeddable":true,"href":"http:\/\/cordobadirecto.com\/index.php\/wp-json\/wp\/v2\/tags?post=4263"}],"curies":[{"name":"wp","href":"https:\/\/api.w.org\/{rel}","templated":true}]}}