{"id":42632,"date":"2022-02-03T21:22:37","date_gmt":"2022-02-03T21:22:37","guid":{"rendered":"https:\/\/puntoapunto.com.ar\/?p=321162"},"modified":"2022-02-03T21:22:37","modified_gmt":"2022-02-03T21:22:37","slug":"emprendedores-cordobeses-vendieron-1-7-m-en-el-festival-de-cosquin","status":"publish","type":"post","link":"http:\/\/cordobadirecto.com\/index.php\/2022\/02\/03\/emprendedores-cordobeses-vendieron-1-7-m-en-el-festival-de-cosquin\/","title":{"rendered":"Emprendedores cordobeses vendieron $1.7 M en el Festival de Cosqu\u00edn"},"content":{"rendered":"<p><strong>C\u00f3rdoba Emprendedora<\/strong>&nbsp;acerc\u00f3 doce marcas locales para que pudieran <strong>exponer sus productos en el tradicional Festival Nacional de Folklore de Cosqu\u00edn.<\/strong><\/p>\n<p>Durante 9 noches, este espacio exclusivo estuvo ubicado en la Plaza San Mart\u00edn, en donde pasaron miles de turistas y visitantes, que descubrieron originalidad en<strong> marroquiner\u00eda, indumentaria de beb\u00e9s, velas arom\u00e1ticas, cer\u00e1mica, deco hogar, mates, portamacetas y calzado.<\/strong><\/p>\n<p>\u201cVender 180 pares de alpargatas en unos d\u00edas es un \u00e9xito para nuestro negocio\u201d, cuenta Eugenia Peralta, de La Calera, quien lleva adelante La Luisa Calzado desde hace tres a\u00f1os. \u201cFue \u2013 agrega- una experiencia maravillosa. No solo ayud\u00f3 en lo econ\u00f3mico, sino que tambi\u00e9n me sent\u00ed acompa\u00f1ada, compartiendo todo esto con otros emprendedores\u201d.<\/p>\n<p>Nelson Gim\u00e9nez ha sido artesano por m\u00e1s de 20 a\u00f1os. Con la pandemia, la f\u00e1brica en la que trabajaba cerr\u00f3, se qued\u00f3 sin empleo y se dedic\u00f3 por completo a su proyecto Taller Gran Guardia. Hoy crea mates, productos de cuero, joyer\u00eda y plater\u00eda y vende por redes sociales. \u201cMe sugirieron postularme para estar en este evento, lo hice y me fue muy bien. Llev\u00e9 variedad de art\u00edculos y lo vend\u00ed todo. He feriado siempre, pero esta vez sobrepas\u00f3 todas mis expectativas\u201d, comparte.<\/p>\n<p>La propuesta fue por dem\u00e1s positiva: <strong>los emprendedores facturaron $1.701.560, comercializando m\u00e1s de 1800 productos en total.<\/strong><\/p>\n<h4><img loading=\"lazy\" class=\"wp-image-321163 aligncenter\" src=\"http:\/\/cordobadirecto.com\/wp-content\/uploads\/2022\/02\/emprendedores-cordobeses-vendieron-1-7-m-en-el-festival-de-cosquin.jpg\" alt width=\"771\" height=\"514\" srcset=\"http:\/\/cordobadirecto.com\/wp-content\/uploads\/2022\/02\/emprendedores-cordobeses-vendieron-1-7-m-en-el-festival-de-cosquin.jpg 300w, http:\/\/cordobadirecto.com\/wp-content\/uploads\/2022\/02\/emprendedores-cordobeses-vendieron-1-7-m-en-el-festival-de-cosquin-1.jpg 1024w, http:\/\/cordobadirecto.com\/wp-content\/uploads\/2022\/02\/emprendedores-cordobeses-vendieron-1-7-m-en-el-festival-de-cosquin-2.jpg 768w, http:\/\/cordobadirecto.com\/wp-content\/uploads\/2022\/02\/emprendedores-cordobeses-vendieron-1-7-m-en-el-festival-de-cosquin-3.jpg 1536w, http:\/\/cordobadirecto.com\/wp-content\/uploads\/2022\/02\/emprendedores-cordobeses-vendieron-1-7-m-en-el-festival-de-cosquin-4.jpg 2048w, http:\/\/cordobadirecto.com\/wp-content\/uploads\/2022\/02\/emprendedores-cordobeses-vendieron-1-7-m-en-el-festival-de-cosquin-5.jpg 750w, http:\/\/cordobadirecto.com\/wp-content\/uploads\/2022\/02\/emprendedores-cordobeses-vendieron-1-7-m-en-el-festival-de-cosquin-6.jpg 1140w\" sizes=\"(max-width: 771px) 100vw, 771px\"><\/h4>\n<h4>Proyectos listos para despegar<\/h4>\n<p>La generaci\u00f3n de espacios comerciales en eventos convocantes es uno de los prop\u00f3sitos que busca C\u00f3rdoba Emprendedora. A trav\u00e9s de esta acci\u00f3n, quienes participan logran dar a conocer sus marcas, aumentar sus ventas, alcanzar otros p\u00fablicos y crear redes de trabajo.<\/p>\n<p>\u201c<strong>En nuestra provincia hay mucho talento y creatividad.<\/strong> Que los emprendimientos cordobeses puedan ser parte les da visibilidad y les permite contactarse directamente con el cliente, especialmente cuando solo tienen canales comerciales online\u201d, indica <strong>Laura Jure<\/strong>, ministra de Promoci\u00f3n del Empleo y de la Econom\u00eda Familiar y presidenta de la Fundaci\u00f3n Banco de C\u00f3rdoba, desde donde se impulsa la experiencia.<\/p>\n<p>Solo en el primer a\u00f1o del programa provincial, cerca de<strong> 500 emprendedores y emprendedoras expusieron en alguna de estas \u201cvidrieras de lujo\u201d como la Expo Navidad del Paseo del Buen Pastor, la Feria Internacional de Artesan\u00edas y el C\u00f3rdoba Shopping.<\/strong><\/p>\n<p>M\u00e1s informaci\u00f3n de C\u00f3rdoba Emprendedora en empleoyfamilia.cba.gov.ar<\/p>\n","protected":false},"excerpt":{"rendered":"<p>C\u00f3rdoba Emprendedora&nbsp;acerc\u00f3 doce marcas locales para que pudieran exponer sus productos en el tradicional Festival Nacional de Folklore de Cosqu\u00edn. Durante 9 noches, este espacio exclusivo estuvo ubicado en la Plaza San Mart\u00edn, en donde pasaron miles de turistas y visitantes, que descubrieron originalidad en marroquiner\u00eda, indumentaria de beb\u00e9s, velas arom\u00e1ticas, cer\u00e1mica, deco hogar, mates, [&hellip;]<\/p>\n","protected":false},"author":1,"featured_media":42633,"comment_status":"closed","ping_status":"closed","sticky":false,"template":"","format":"standard","meta":[],"categories":[25],"tags":[],"_links":{"self":[{"href":"http:\/\/cordobadirecto.com\/index.php\/wp-json\/wp\/v2\/posts\/42632"}],"collection":[{"href":"http:\/\/cordobadirecto.com\/index.php\/wp-json\/wp\/v2\/posts"}],"about":[{"href":"http:\/\/cordobadirecto.com\/index.php\/wp-json\/wp\/v2\/types\/post"}],"author":[{"embeddable":true,"href":"http:\/\/cordobadirecto.com\/index.php\/wp-json\/wp\/v2\/users\/1"}],"replies":[{"embeddable":true,"href":"http:\/\/cordobadirecto.com\/index.php\/wp-json\/wp\/v2\/comments?post=42632"}],"version-history":[{"count":0,"href":"http:\/\/cordobadirecto.com\/index.php\/wp-json\/wp\/v2\/posts\/42632\/revisions"}],"wp:featuredmedia":[{"embeddable":true,"href":"http:\/\/cordobadirecto.com\/index.php\/wp-json\/wp\/v2\/media\/42633"}],"wp:attachment":[{"href":"http:\/\/cordobadirecto.com\/index.php\/wp-json\/wp\/v2\/media?parent=42632"}],"wp:term":[{"taxonomy":"category","embeddable":true,"href":"http:\/\/cordobadirecto.com\/index.php\/wp-json\/wp\/v2\/categories?post=42632"},{"taxonomy":"post_tag","embeddable":true,"href":"http:\/\/cordobadirecto.com\/index.php\/wp-json\/wp\/v2\/tags?post=42632"}],"curies":[{"name":"wp","href":"https:\/\/api.w.org\/{rel}","templated":true}]}}