{"id":42640,"date":"2022-02-03T20:44:00","date_gmt":"2022-02-03T20:44:00","guid":{"rendered":"http:\/\/cordobadirecto.com\/index.php\/2022\/02\/03\/turquia-se-ofrecio-a-organizar-una-cumbre-entre-rusia-y-ucrania\/"},"modified":"2022-02-03T20:44:00","modified_gmt":"2022-02-03T20:44:00","slug":"turquia-se-ofrecio-a-organizar-una-cumbre-entre-rusia-y-ucrania","status":"publish","type":"post","link":"http:\/\/cordobadirecto.com\/index.php\/2022\/02\/03\/turquia-se-ofrecio-a-organizar-una-cumbre-entre-rusia-y-ucrania\/","title":{"rendered":"Turqu\u00eda se ofreci\u00f3 a organizar una cumbre entre Rusia y Ucrania"},"content":{"rendered":"<figure class=\"mb-3\"><img loading=\"lazy\" src=\"http:\/\/cordobadirecto.com\/wp-content\/uploads\/2022\/02\/turquia-se-ofrecio-a-organizar-una-cumbre-entre-rusia-y-ucrania.jpg\" width=\"100%\" height=\"100%\" alt=\"Ucrania Kiev Recep Tayyip Erdogan Mevlut Cavusoglu Volodymyr Zelensky y Dmytro Kuleba AFP\"><figcaption> Ucrania. Kiev. Recep. Tayyip Erdogan, Mevlut Cavusoglu, Volodymyr Zelensky y Dmytro Kuleba AFP <\/figcaption><\/figure>\n<p>El presidente turco, Recep Tayyip Erdogan, renov\u00f3 el jueves en Kiev su oferta de organizar una cumbre entre Rusia y Ucrania y se sum\u00f3 as\u00ed a las iniciativas diplom\u00e1ticas lanzadas por los europeos para evitar un conflicto armado.<\/p>\n<p>&#8220;Turqu\u00eda est\u00e1 dispuesta a poner de su parte para resolver la crisis entre dos pa\u00edses amigos, que son sus vecinos en el mar Negro&#8221;, dijo Erdogan ante la prensa tras haber sido recibido en la capital ucraniana por el presidente Volodimir Zelenski. &#8220;Confirmo mi disposici\u00f3n a recibir a los l\u00edderes de Rusia y Ucrania&#8221;, se\u00f1al\u00f3.<\/p>\n<p>Agradeci\u00e9ndole el gesto, el mandatario ucraniano se declar\u00f3 &#8220;dispuesto a hacer cuanto sea posible, en todas las plataformas y en todos los formatos&#8221; para instaurar la paz en Ucrania.<\/p>\n<p>&#8220;Poco importa d\u00f3nde podamos poner fin a la guerra, lo que cuenta es que todo el mundo est\u00e9 sinceramente dispuesto a ello&#8221;, a\u00f1adi\u00f3 Zelenski, seg\u00fan consign\u00f3 la agencia AFP.<\/p>\n<p>El dirigente turco aprovech\u00f3 su pertenencia a la OTAN y sus buenas relaciones con Kiev, con quien firm\u00f3 un acuerdo de libre comercio el jueves, para proponer su mediaci\u00f3n. Antes de partir hacia Kiev, le reiter\u00f3 el mismo ofrecimiento a Vladimir Putin, sugiriendo que el presidente ruso podr\u00eda hacer una parada en Turqu\u00eda a su regreso de la ceremonia de apertura de los Juegos Ol\u00edmpicos de Invierno de Pek\u00edn, el viernes.<\/p>\n<p>Ante el despliegue de cerca de 100.000 soldados rusos a lo largo de las fronteras con Ucrania, que -seg\u00fan la OTAN y las potencias occidentales- hacen temer una invasi\u00f3n, Estados Unidos intensific\u00f3 el mi\u00e9rcoles la presi\u00f3n con el env\u00edo de 3.000 efectivos m\u00e1s al este de Europa.<\/p>\n<figure class=\"mb-3\"><img loading=\"lazy\" src=\"http:\/\/cordobadirecto.com\/wp-content\/uploads\/2022\/02\/turquia-se-ofrecio-a-organizar-una-cumbre-entre-rusia-y-ucrania-1.jpg\" width=\"100%\" height=\"100%\" alt=\"Cerca de 100000 soldados rusos en las fronteras con Ucrania Estados Unidos intensific la presin y envo 3000 efectivos Foto Archivo\"><figcaption> Cerca de 100.000 soldados rusos en las fronteras con Ucrania. Estados Unidos intensific\u00f3 la presi\u00f3n y env\u00edo 3.000 efectivos. Foto Archivo. <\/figcaption><\/figure>\n<p>Estas tropas se suman a los 8.500 efectivos que est\u00e1n en estado de alerta desde fines de enero para poder ser desplegados en caso de necesidad como fuerza de reacci\u00f3n r\u00e1pida de la OTAN.<\/p>\n<p>Occidente acusa a Rusia de concentrar decenas de miles de soldados en las fronteras de Ucrania desde fines de 2021 para preparar una posible invasi\u00f3n. Rusia niega cualquier movimiento de este tipo y asegura que solo quiere garantizar su seguridad.<\/p>\n<p>Por su parte, los europeos, que ya advirtieron de severas sanciones econ\u00f3micas en caso de ataque, est\u00e1n intensificando los contactos para una desescalada, con visitas casi diarias a Kiev de l\u00edderes occidentales y altos diplom\u00e1ticos y llamadas a Putin.<\/p>\n<p>El presidente franc\u00e9s, Emmanuel Macron, tiene previsto mantener el jueves&nbsp;conversaciones telef\u00f3nicas con los l\u00edderes ruso, ucraniano y polaco y est\u00e1 considerando una visita a Mosc\u00fa, al igual que el canciller alem\u00e1n, Olaf Scholz.<\/p>\n<p>Francia y Alemania tambi\u00e9n intentan reactivar el proceso de paz en el este de Ucrania, donde Kiev lleva ocho a\u00f1os luchando contra los separatistas prorrusos apoyados por Mosc\u00fa.<\/p>\n<p>El fin de semana, Erdogan hab\u00eda dicho que no quer\u00eda una guerra entre Rusia y Ucrania, que consider\u00f3 &#8220;ser\u00eda un mal presagio para la regi\u00f3n&#8221; y abog\u00f3 por una &#8220;soluci\u00f3n pac\u00edfica&#8221;.<\/p>\n<p>La semana pasada, el presidente turco hab\u00eda renovado sus ofertas de mediaci\u00f3n y argument\u00f3: &#8220;Al reunir a los dos l\u00edderes en nuestro pa\u00eds, podemos allanar el camino para el retorno de la paz&#8221;.<\/p>\n<p>Por el momento, Putin agradeci\u00f3 a su hom\u00f3logo turco su invitaci\u00f3n, pero dijo que responder\u00e1 &#8220;cuando la pandemia y su agenda lo permitan&#8221;.<\/p>\n<figure class=\"mb-3\"><img loading=\"lazy\" src=\"http:\/\/cordobadirecto.com\/wp-content\/uploads\/2022\/02\/turquia-se-ofrecio-a-organizar-una-cumbre-entre-rusia-y-ucrania-2.jpg\" width=\"100%\" height=\"100%\" alt=\"Vladimir Putin Foto Archivo AFP \"><figcaption> Vladimir Putin. Foto Archivo AFP. <\/figcaption><\/figure>\n<p>Ucrania es uno de los temas sensibles entre Rusia y Turqu\u00eda, que apoya la pertenencia de Kiev a la OTAN y se opuso firmemente a la anexi\u00f3n de Crimea por parte de Mosc\u00fa en 2014, en nombre de la protecci\u00f3n de su minor\u00eda t\u00e1rtara de habla turca.<\/p>\n<p>Putin culpa a Erdogan de suministrar a Kiev drones armados utilizados contra los separatistas prorrusos en el este de Ucrania.<\/p>\n<p>Washington rechaza estas exigencias, proponiendo a cambio que los rivales se comprometan a no desplegar activos militares ofensivos en Ucrania, que Mosc\u00fa inspeccione algunas de las infraestructuras militares que le preocupan en Europa y que ambos pa\u00edses acuerden medidas de control de armamento.<\/p>\n<p>Estados Unidos anunci\u00f3 en la v\u00edspera que reforzar\u00e1 el flanco oriental de la OTAN con el despliegue de 1.000 soldados de Alemania a Rumania y el env\u00edo de otros 2.000 principalmente a Polonia.<\/p>\n<p>&#8220;Estas fuerzas no van a luchar en Ucrania&#8221;, que no forma parte de la OTAN, dijo el portavoz del Departamento de Defensa estadounidense, John Kirby, quien asegur\u00f3 que se trata de un despliegue temporal.<\/p>\n<p>El Gobierno ruso critic\u00f3 la medida e inst\u00f3 el jueves&nbsp;a Estados Unidos a dejar de avivar la crisis.<\/p>\n<p>&#8220;Estamos pidiendo a nuestros socios estadounidenses que dejen de alimentar las tensiones&#8221;, dijo el vocero del Kremlin, Dmitri Peskov, que consider\u00f3 que la decisi\u00f3n de Washington solo &#8220;empeora&#8221; la situaci\u00f3n y la &#8220;preocupaci\u00f3n de Rusia (&#8230;) est\u00e1 perfectamente justificada&#8221;.<\/p>\n","protected":false},"excerpt":{"rendered":"<p>Ucrania. Kiev. Recep. Tayyip Erdogan, Mevlut Cavusoglu, Volodymyr Zelensky y Dmytro Kuleba AFP El presidente turco, Recep Tayyip Erdogan, renov\u00f3 el jueves en Kiev su oferta de organizar una cumbre entre Rusia y Ucrania y se sum\u00f3 as\u00ed a las iniciativas diplom\u00e1ticas lanzadas por los europeos para evitar un conflicto armado. &#8220;Turqu\u00eda est\u00e1 dispuesta a [&hellip;]<\/p>\n","protected":false},"author":1,"featured_media":42641,"comment_status":"closed","ping_status":"closed","sticky":false,"template":"","format":"standard","meta":[],"categories":[24],"tags":[],"_links":{"self":[{"href":"http:\/\/cordobadirecto.com\/index.php\/wp-json\/wp\/v2\/posts\/42640"}],"collection":[{"href":"http:\/\/cordobadirecto.com\/index.php\/wp-json\/wp\/v2\/posts"}],"about":[{"href":"http:\/\/cordobadirecto.com\/index.php\/wp-json\/wp\/v2\/types\/post"}],"author":[{"embeddable":true,"href":"http:\/\/cordobadirecto.com\/index.php\/wp-json\/wp\/v2\/users\/1"}],"replies":[{"embeddable":true,"href":"http:\/\/cordobadirecto.com\/index.php\/wp-json\/wp\/v2\/comments?post=42640"}],"version-history":[{"count":0,"href":"http:\/\/cordobadirecto.com\/index.php\/wp-json\/wp\/v2\/posts\/42640\/revisions"}],"wp:featuredmedia":[{"embeddable":true,"href":"http:\/\/cordobadirecto.com\/index.php\/wp-json\/wp\/v2\/media\/42641"}],"wp:attachment":[{"href":"http:\/\/cordobadirecto.com\/index.php\/wp-json\/wp\/v2\/media?parent=42640"}],"wp:term":[{"taxonomy":"category","embeddable":true,"href":"http:\/\/cordobadirecto.com\/index.php\/wp-json\/wp\/v2\/categories?post=42640"},{"taxonomy":"post_tag","embeddable":true,"href":"http:\/\/cordobadirecto.com\/index.php\/wp-json\/wp\/v2\/tags?post=42640"}],"curies":[{"name":"wp","href":"https:\/\/api.w.org\/{rel}","templated":true}]}}