{"id":4289,"date":"2021-04-07T06:23:31","date_gmt":"2021-04-07T06:23:31","guid":{"rendered":"https:\/\/puntoapunto.com.ar\/?p=275725"},"modified":"2021-04-07T06:23:31","modified_gmt":"2021-04-07T06:23:31","slug":"la-oposicion-desorientada-y-sin-postura-uniforme-sobre-las-paso","status":"publish","type":"post","link":"http:\/\/cordobadirecto.com\/index.php\/2021\/04\/07\/la-oposicion-desorientada-y-sin-postura-uniforme-sobre-las-paso\/","title":{"rendered":"La oposici\u00f3n desorientada y sin postura uniforme sobre las Paso"},"content":{"rendered":"<p><!-- image --><\/p>\n<div class=\"td-post-featured-image\"><a href=\"http:\/\/cordobadirecto.com\/wp-content\/uploads\/2021\/04\/la-oposicion-desorientada-y-sin-postura-uniforme-sobre-las-paso-9.jpg\" data-caption><img loading=\"lazy\" width=\"696\" height=\"522\" class=\"entry-thumb td-modal-image\" src=\"http:\/\/cordobadirecto.com\/wp-content\/uploads\/2021\/04\/la-oposicion-desorientada-y-sin-postura-uniforme-sobre-las-paso.jpg\" srcset=\"http:\/\/cordobadirecto.com\/wp-content\/uploads\/2021\/04\/la-oposicion-desorientada-y-sin-postura-uniforme-sobre-las-paso.jpg 696w, http:\/\/cordobadirecto.com\/wp-content\/uploads\/2021\/04\/la-oposicion-desorientada-y-sin-postura-uniforme-sobre-las-paso-1.jpg 300w, http:\/\/cordobadirecto.com\/wp-content\/uploads\/2021\/04\/la-oposicion-desorientada-y-sin-postura-uniforme-sobre-las-paso-2.jpg 1024w, http:\/\/cordobadirecto.com\/wp-content\/uploads\/2021\/04\/la-oposicion-desorientada-y-sin-postura-uniforme-sobre-las-paso-3.jpg 768w, http:\/\/cordobadirecto.com\/wp-content\/uploads\/2021\/04\/la-oposicion-desorientada-y-sin-postura-uniforme-sobre-las-paso-4.jpg 150w, http:\/\/cordobadirecto.com\/wp-content\/uploads\/2021\/04\/la-oposicion-desorientada-y-sin-postura-uniforme-sobre-las-paso-5.jpg 1068w, http:\/\/cordobadirecto.com\/wp-content\/uploads\/2021\/04\/la-oposicion-desorientada-y-sin-postura-uniforme-sobre-las-paso-6.jpg 560w, http:\/\/cordobadirecto.com\/wp-content\/uploads\/2021\/04\/la-oposicion-desorientada-y-sin-postura-uniforme-sobre-las-paso-7.jpg 80w, http:\/\/cordobadirecto.com\/wp-content\/uploads\/2021\/04\/la-oposicion-desorientada-y-sin-postura-uniforme-sobre-las-paso-8.jpg 265w, http:\/\/cordobadirecto.com\/wp-content\/uploads\/2021\/04\/la-oposicion-desorientada-y-sin-postura-uniforme-sobre-las-paso-9.jpg 1072w\" sizes=\"(max-width: 696px) 100vw, 696px\" alt title=\"macri mestre negri bell ville\"><\/a><\/div>\n<p> <!-- content --><\/p>\n<div class=\"td-a-rec td-a-rec-id-content_top tdi_66_404 td_block_template_10\">\n<div class=\"g g-34\">\n<div class=\"g-single a-299\"><a class=\"gofollow\" data-track=\"Mjk5LDM0LDEsNjA=\" href=\"http:\/\/www.grupocanter.com.ar\/landing\/blanqueo\/pap\/?utm_source=Punto%20a%20Punto&amp;utm_medium=Banners&amp;utm_campaign=Blanqueo&amp;utm_term=950x187\"><img src=\"http:\/\/cordobadirecto.com\/wp-content\/uploads\/2021\/04\/la-oposicion-desorientada-y-sin-postura-uniforme-sobre-las-paso.gif\"><\/a><\/div>\n<\/div>\n<\/div>\n<p>\u201cLas Paso pueden ser un verdadero problema para el radicalismo. Hoy, es todo un kilombo\u201d, con esa frase un dirigente hist\u00f3rico de la <a href=\"https:\/\/puntoapunto.com.ar\/tag\/ucr\/\" class=\"st_tag internal_tag\" rel=\"tag\" title=\"Posts tagged with UCR\">UCR<\/a> pint\u00f3 el panorama de lo que est\u00e1 sucediendo en el seno del centenario partido en la previa a la reuni\u00f3n que se dar\u00e1 hoy en Buenos Aires sobre las Paso.<\/p>\n<p>Se sabe que oficialismo nacional convoc\u00f3 a una reuni\u00f3n para hoy en el Congreso que ser\u00e1<br \/>encabezada por el titular de la C\u00e1mara de Diputados, Sergio Massa; y que contar\u00e1 adem\u00e1s<br \/>con la presencia del ministro del Interior, Eduardo Wado de Pedro, y el jefe del bloque<br \/>oficialista en la <a href=\"https:\/\/puntoapunto.com.ar\/tag\/camara-baja\/\" class=\"st_tag internal_tag\" rel=\"tag\" title=\"Posts tagged with C\u00e1mara Baja\">C\u00e1mara baja<\/a>, <a href=\"https:\/\/puntoapunto.com.ar\/tag\/maximo\/\" class=\"st_tag internal_tag\" rel=\"tag\" title=\"Posts tagged with M\u00e1ximo\">M\u00e1ximo<\/a> Kirchner. El tridente de la misi\u00f3n Paso recibir\u00e1 a los<br \/>l\u00edderes de las bancadas opositoras y abrir\u00e1 el debate para lo que viene: en el mejor de los<br \/>casos, postergar.<\/p>\n<p>La aclaraci\u00f3n viene a colaci\u00f3n de lo que dijo el propio Massa durante el fin de semana y, se<br \/>sabe, es la carta que guardan algunos en el oficialismo si la cosa con la oposici\u00f3n se pone<br \/>tensa: suspender las Primarias, sabiendo que Juntos por el Cambio, en sus tiempos de<br \/><a href=\"https:\/\/puntoapunto.com.ar\/tag\/gobierno\/\" class=\"st_tag internal_tag\" rel=\"tag\" title=\"Posts tagged with Gobierno\">gobierno<\/a>, tambi\u00e9n lo pens\u00f3. Aunque con el argumento econ\u00f3mico y no sanitario, como el<br \/>actual. Pero, en ambas ocasiones, escondiendo de los dos lados, el factor pol\u00edtico.<\/p>\n<h5><strong>El dilema radical<\/strong><\/h5>\n<p>Desgastados por la interna, en la UCR <a href=\"https:\/\/puntoapunto.com.ar\/tag\/cordobesa\/\" class=\"st_tag internal_tag\" rel=\"tag\" title=\"Posts tagged with Cordobesa\">cordobesa<\/a> tendr\u00e1n en la reuni\u00f3n<br \/>de hoy en el Congreso a una figura clave: Mario Negri. El l\u00edder del interbloque de JxC en<br \/>Diputados llega al encuentro como el vocero de los duros, los que est\u00e1n listos para ir al<br \/>choque en cualquiera de las decisiones que tome el Gobierno.<\/p>\n<p>Ac\u00e1, a 700km de Balcarce 50, saben que Negri no tiene muchas ganas de medirse en una<br \/>Primaria con lo que ponga enfrente el <a href=\"https:\/\/puntoapunto.com.ar\/tag\/resto\/\" class=\"st_tag internal_tag\" rel=\"tag\" title=\"Posts tagged with Resto\">resto<\/a> de la coalici\u00f3n. Mucho menos si del otro lado,<br \/>al tope de la boleta al Senado va Gustavo Santos, como cont\u00f3 PERFIL CORDOBA el<br \/>domingo pasado.<\/p>\n<p>Mientras algunos sectores consideran que Negri aguarda dedazo o nada; cerca del diputado<br \/>tambi\u00e9n sostienen que bancar\u00eda una Primaria contra cualquiera y aportan teor\u00eda: \u201cen una<br \/>encuesta de los que representan el antagonismo al kirchnerismo, \u00e9l la lidera c\u00f3modo\u201d,<br \/>repiten. En otras palabras, es el m\u00e1s anti-K de la paleta que ofrece Juntos por el Cambio y<br \/>podr\u00eda entrar en una campa\u00f1a brava con el schiarettismo. Algo que, en el caso de Santos, lo ven muy dif\u00edcil.<\/p>\n<p>Al mismo tiempo, hay radicales que tambi\u00e9n son testigos de falencias que se produjeron en<br \/>los \u00faltimos d\u00edas, y despu\u00e9s de la interna, entre Negri y Ram\u00f3n Mestre. \u201cHab\u00eda un pacto:<\/p>\n<p>Mario encabezando al Senado y Ram\u00f3n tercero en la <a href=\"https:\/\/puntoapunto.com.ar\/tag\/lista\/\" class=\"st_tag internal_tag\" rel=\"tag\" title=\"Posts tagged with lista\">lista<\/a> de Diputados. Pero eso, si Negri<br \/>se baja (o lo bajan) pone en riesgo la continuidad del plan de Mestre\u201d, dijo un dirigente<br \/>radical.<\/p>\n<p>El correligionario tambi\u00e9n se suma a la chance de \u201cuna lista pura radical\u201d, aunque el<br \/>romanticismo por esa identidad y el repaso de ADN se cae r\u00e1pido cuando van a las<br \/>encuestas.<\/p>\n<h5><strong>Santos feligreses<\/strong><\/h5>\n<p>En el <a href=\"https:\/\/puntoapunto.com.ar\/tag\/espacio\/\" class=\"st_tag internal_tag\" rel=\"tag\" title=\"Posts tagged with espacio\">espacio<\/a> amarillo, las cosas tampoco est\u00e1n muy tranquilas. Lo \u00fanico que tiene en claro<br \/>la tropa PRO es que el caballo del comisario es Santos; de ah\u00ed en m\u00e1s, se habla. \u201cSi Santos<br \/>quiere ser candidato a senador, \u00bfqui\u00e9n se le va a oponer? \u00bfQui\u00e9n va a desafiar al candidato<br \/>de (Mauricio) Macri?\u201d, repite un operador amarillo.<\/p>\n<p>Los problemas est\u00e1n hacia abajo. Laura Rodr\u00edguez Machado quiere renovar banca; Soher<br \/>El Sukar\u00eda amaga con largarse; pero tambi\u00e9n Javier Pretto y Dar\u00edo Capitani largaron una<br \/>campa\u00f1a en silencio. Al rev\u00e9s de lo que est\u00e1 haciendo H\u00e9ctor Baldassi, que ya habl\u00f3 con<br \/>Horacio Rodr\u00edguez Larreta, con Patricia Bullrich, pero aun no recibe el WhatsApp que<br \/>espera: el de Macri. \u201cPor ahora, le viene clavando el visto\u201d, dicen algunos macristas.<\/p>\n<h5><strong>Juez, con lo que quede<\/strong><\/h5>\n<p>El l\u00edder del Frente C\u00edvico tambi\u00e9n tiene un papel similar al de Negri en la discusi\u00f3n: es juez<br \/>y parte. Es decir, podr\u00e1 negociar su voto en la C\u00e1mara baja cuando se discuta y estar\u00e1<br \/>planeando su campa\u00f1a al Senado.<\/p>\n<p>Habl\u00f3 con Santos y las versiones son dos. \u201cLuis le dijo a Gustavo que, si entraba, le sub\u00eda<br \/>la vara al debate y no le iba a poder entrar como s\u00ed a otros\u201d, dicen los que hablan con el<br \/>exministro de Turismo. En el Frente C\u00edvico dicen que hay tregua y que el exintendente le<br \/>hizo saber que la verdadera pelea es en el 2023, no ahora.<\/p>\n<p>La oposici\u00f3n en C\u00f3rdoba deshoja la margarita; mientras, sabe, que ser\u00e1 muy dif\u00edcil escapar<br \/>a la f\u00f3rmula: encuesta m\u00e1s dedo.<\/p>\n<p>No tags for this post. <!-- A generated by theme --> <!-- end A --> <\/p>\n","protected":false},"excerpt":{"rendered":"<p>\u201cLas Paso pueden ser un verdadero problema para el radicalismo. Hoy, es todo un kilombo\u201d, con esa frase un dirigente hist\u00f3rico de la UCR pint\u00f3 el panorama de lo que est\u00e1 sucediendo en el seno del centenario partido en la previa a la reuni\u00f3n que se dar\u00e1 hoy en Buenos Aires sobre las Paso. Se [&hellip;]<\/p>\n","protected":false},"author":1,"featured_media":4290,"comment_status":"closed","ping_status":"closed","sticky":false,"template":"","format":"standard","meta":[],"categories":[25],"tags":[],"_links":{"self":[{"href":"http:\/\/cordobadirecto.com\/index.php\/wp-json\/wp\/v2\/posts\/4289"}],"collection":[{"href":"http:\/\/cordobadirecto.com\/index.php\/wp-json\/wp\/v2\/posts"}],"about":[{"href":"http:\/\/cordobadirecto.com\/index.php\/wp-json\/wp\/v2\/types\/post"}],"author":[{"embeddable":true,"href":"http:\/\/cordobadirecto.com\/index.php\/wp-json\/wp\/v2\/users\/1"}],"replies":[{"embeddable":true,"href":"http:\/\/cordobadirecto.com\/index.php\/wp-json\/wp\/v2\/comments?post=4289"}],"version-history":[{"count":0,"href":"http:\/\/cordobadirecto.com\/index.php\/wp-json\/wp\/v2\/posts\/4289\/revisions"}],"wp:featuredmedia":[{"embeddable":true,"href":"http:\/\/cordobadirecto.com\/index.php\/wp-json\/wp\/v2\/media\/4290"}],"wp:attachment":[{"href":"http:\/\/cordobadirecto.com\/index.php\/wp-json\/wp\/v2\/media?parent=4289"}],"wp:term":[{"taxonomy":"category","embeddable":true,"href":"http:\/\/cordobadirecto.com\/index.php\/wp-json\/wp\/v2\/categories?post=4289"},{"taxonomy":"post_tag","embeddable":true,"href":"http:\/\/cordobadirecto.com\/index.php\/wp-json\/wp\/v2\/tags?post=4289"}],"curies":[{"name":"wp","href":"https:\/\/api.w.org\/{rel}","templated":true}]}}