{"id":42996,"date":"2022-02-03T18:51:40","date_gmt":"2022-02-03T18:51:40","guid":{"rendered":"https:\/\/cordoba.gob.ar\/?p=19970"},"modified":"2022-02-03T18:51:40","modified_gmt":"2022-02-03T18:51:40","slug":"un-verano-saludable-en-los-parques-educativos-de-nuestra-ciudad","status":"publish","type":"post","link":"http:\/\/cordobadirecto.com\/index.php\/2022\/02\/03\/un-verano-saludable-en-los-parques-educativos-de-nuestra-ciudad\/","title":{"rendered":"Un verano saludable en los Parques Educativos de nuestra ciudad"},"content":{"rendered":"<div><img src=\"http:\/\/cordobadirecto.com\/wp-content\/uploads\/2022\/02\/un-verano-saludable-en-los-parques-educativos-de-nuestra-ciudad.jpg\" class=\"ff-og-image-inserted\"><\/div>\n<ul>\n<li><b>Se trata de talleres de cocina saludable para ni\u00f1os.<\/b><\/li>\n<li><strong>Adem\u00e1s todos los d\u00edas, a las 17 hs se llevar\u00e1 adelante una obra musical para toda la familia.<\/strong><\/li>\n<\/ul>\n<hr>\n<p>En el marco de las actividades del programa \u201cEl Verano se vive en los Parques\u201d, desde la Direcci\u00f3n de Parques Educativos de la Secretar\u00eda de Educaci\u00f3n, junto a la Fundaci\u00f3n Arcor y la Asociaci\u00f3n Civil Supersaludable, se llevar\u00e1n adelante en los cinco Parques Educativos de la ciudad una serie de intervenciones para la promoci\u00f3n de la alimentaci\u00f3n saludable.<\/p>\n<p>Desde el lunes 7 al viernes 11 de febrero, ni\u00f1os que asisten a las actividades de verano en los Parques Educativos, van a poder participar del taller \u201cLa cocina de Giorgio\u201d, una propuesta para explorar el mundo de los alimentos donde a trav\u00e9s de la elaboraci\u00f3n de recetas ricas, sanas y posibles. Ser\u00e1n dos talleres diarios de 60 minutos de duraci\u00f3n que se llevar\u00e1n adelante en dos turnos: de 10 a 11 hs el primer taller, y de 11.30 a 12.30 hs el segundo. Al finalizar se ofrecer\u00e1 a los peque\u00f1os un picnic saludable para compartir. Los talleres<\/p>\n<p>Adem\u00e1s, todos los d\u00edas de 17 a 18 hs, se presentar\u00e1 la obra \u201cLes Bartules, el mundo que merec\u00e9s\u201d, una banda musical conformada por un grupo de disparatados personajes, quienes con su original repertorio y melod\u00edas, hacen divertir y reflexionar a ni\u00f1os, ni\u00f1as y adultos. Un show innovador, donde en cada canci\u00f3n se trabajan diferentes tem\u00e1ticas que sensibilizan sobre la importancia de llevar una vida saludable.<\/p>\n<p>Esta iniciativa es una manera de abordar la problem\u00e1tica de la alimentaci\u00f3n saludable de vecinos y vecinas de la ciudad, desde una propuesta socioeducativa que interviene de manera directa en los h\u00e1bitos cotidianos de ni\u00f1os que replican estos mensajes en sus entornos familiares.<\/p>\n<p>El cronograma de actividades se llevar\u00e1 a cabo en los siguientes fechas:<\/p>\n<ul>\n<li>07\/02 Parque Educativo Este<\/li>\n<li>08\/02 Parque Educativo Sur<\/li>\n<li>09\/02 Parque Educativo Sureste<\/li>\n<li>10\/02 Parque Educativo Norte<\/li>\n<li>11\/02 Parque Educativo Noroeste<\/li>\n<\/ul>\n","protected":false},"excerpt":{"rendered":"<p>Se trata de talleres de cocina saludable para ni\u00f1os. Adem\u00e1s todos los d\u00edas, a las 17 hs se llevar\u00e1 adelante una obra musical para toda la familia. En el marco de las actividades del programa \u201cEl Verano se vive en los Parques\u201d, desde la Direcci\u00f3n de Parques Educativos de la Secretar\u00eda de Educaci\u00f3n, junto a [&hellip;]<\/p>\n","protected":false},"author":1,"featured_media":42997,"comment_status":"closed","ping_status":"closed","sticky":false,"template":"","format":"standard","meta":[],"categories":[44],"tags":[],"_links":{"self":[{"href":"http:\/\/cordobadirecto.com\/index.php\/wp-json\/wp\/v2\/posts\/42996"}],"collection":[{"href":"http:\/\/cordobadirecto.com\/index.php\/wp-json\/wp\/v2\/posts"}],"about":[{"href":"http:\/\/cordobadirecto.com\/index.php\/wp-json\/wp\/v2\/types\/post"}],"author":[{"embeddable":true,"href":"http:\/\/cordobadirecto.com\/index.php\/wp-json\/wp\/v2\/users\/1"}],"replies":[{"embeddable":true,"href":"http:\/\/cordobadirecto.com\/index.php\/wp-json\/wp\/v2\/comments?post=42996"}],"version-history":[{"count":0,"href":"http:\/\/cordobadirecto.com\/index.php\/wp-json\/wp\/v2\/posts\/42996\/revisions"}],"wp:featuredmedia":[{"embeddable":true,"href":"http:\/\/cordobadirecto.com\/index.php\/wp-json\/wp\/v2\/media\/42997"}],"wp:attachment":[{"href":"http:\/\/cordobadirecto.com\/index.php\/wp-json\/wp\/v2\/media?parent=42996"}],"wp:term":[{"taxonomy":"category","embeddable":true,"href":"http:\/\/cordobadirecto.com\/index.php\/wp-json\/wp\/v2\/categories?post=42996"},{"taxonomy":"post_tag","embeddable":true,"href":"http:\/\/cordobadirecto.com\/index.php\/wp-json\/wp\/v2\/tags?post=42996"}],"curies":[{"name":"wp","href":"https:\/\/api.w.org\/{rel}","templated":true}]}}