{"id":43362,"date":"2022-02-07T21:38:19","date_gmt":"2022-02-07T21:38:19","guid":{"rendered":"https:\/\/cordoba.gob.ar\/?p=20029"},"modified":"2022-02-07T21:38:19","modified_gmt":"2022-02-07T21:38:19","slug":"en-barrio-guemes-tute-dio-las-primeras-pinceladas-de-un-mural-que-plasmara-sus-vinetas","status":"publish","type":"post","link":"http:\/\/cordobadirecto.com\/index.php\/2022\/02\/07\/en-barrio-guemes-tute-dio-las-primeras-pinceladas-de-un-mural-que-plasmara-sus-vinetas\/","title":{"rendered":"En barrio G\u00fcemes, Tute dio las primeras pinceladas de un mural que plasmar\u00e1 sus vi\u00f1etas"},"content":{"rendered":"<div><img src=\"http:\/\/cordobadirecto.com\/wp-content\/uploads\/2022\/02\/en-barrio-guemes-tute-dio-las-primeras-pinceladas-de-un-mural-que-plasmara-sus-vinetas.jpg\" class=\"ff-og-image-inserted\"><\/div>\n<ul>\n<li><strong>Invitado por la Municipalidad de C\u00f3rdoba, el destacado humorista gr\u00e1fico comenz\u00f3 a pintar un muro que contar\u00e1 con dise\u00f1os de su autor\u00eda, ubicado en Marcelo T. de Alvear 653.<\/strong><\/li>\n<li><strong>Adem\u00e1s, se llevar\u00e1 a cabo una charla gratuita con el artista en el Cabildo de C\u00f3rdoba, a las 19.30 hs.<\/strong><\/li>\n<\/ul>\n<hr>\n<p>En el tradicional barrio G\u00fcemes, iniciaron las intervenciones art\u00edsticas que plasmar\u00e1n las vi\u00f1etas del reconocido humorista gr\u00e1fico Tute (Juan Mat\u00edas Loiseau).<\/p>\n<p>En el marco del programa Arte de Nuestra Gente, que impulsa la Secretar\u00eda de Cultura y Juventud de la Municipalidad de C\u00f3rdoba, se est\u00e1 realizando un mural de 80 m\u00b2 en el coraz\u00f3n de barrio G\u00fcemes, ubicado en Marcelo T. de Alvear 653.<\/p>\n<p>Las intervenciones estar\u00e1n a cargo de un grupo de artistas locales, encabezado por el caricaturista Lucho Luna, junto a Federico Camm y el equipo operativo del programa Arte de Nuestra Gente.<\/p>\n<p><em>\u201cEstoy en C\u00f3rdoba, invitado a formar parte del programa de arte urbano que promueve el Municipio. Este mural plasmar\u00e1 dos vi\u00f1etas con mis personajes: Mabel y Rub\u00e9n, para que puedan disfrutarlo todos los cordobeses y los turistas de la ciudad\u201d,<\/em> expres\u00f3 Tute.<\/p>\n<p>Por la tarde, a las 19.30 hs se llevar\u00e1 a cabo un conversatorio titulado \u201cEl Mundo de Tute en C\u00f3rdoba\u201d, en el Cabildo de C\u00f3rdoba.<\/p>\n<p>El p\u00fablico tendr\u00e1 posibilidad de dialogar con el humorista gr\u00e1fico en una charla abierta y gratuita que ser\u00e1 coordinada por el ilustrador Eric Zampieri. Al finalizar la actividad, Tute firmar\u00e1 ejemplares de sus libros.<\/p>\n<p>Ser\u00e1 una oportunidad \u00fanica para conocer la obra del artista, sus or\u00edgenes y la trayectoria de sus creaciones, entre ellos los reconocidos personajes \u201cMabel y Rub\u00e9n\u201d, la pareja emblem\u00e1tica de sus historietas, como tambi\u00e9n \u201cBatu\u201d, el famoso personaje de la tira gr\u00e1fica que ya cuenta con ocho libros publicados y su visibilidad en la pantalla chica.<\/p>\n<p><em>\u201cLas creaciones del genial Tute, deleitar\u00e1 a los cordobeses con los personajes que invitan a flexionar sobre lo cotidiano. El inicio de este mural, es otra acci\u00f3n de la pol\u00edtica encabezada por el intendente Llaryora, de recuperar el espacio p\u00fablico poni\u00e9ndolo a disposici\u00f3n de los vecinos\u201d,<\/em> destac\u00f3 el secretario de Cultura y Juventud municipal, Mariano Almada.<\/p>\n<p>De esta manera, la ciudad contar\u00e1 con las ilustraciones de Tute en un mural, completando as\u00ed 64.000 m2 de arte urbano a trav\u00e9s del programa Arte de Nuestra Gente.<\/p>\n<p>LAS VI\u00d1ETAS DE TUTE Y SU GENIALIDAD<\/p>\n<p>Juan Mat\u00edas Loiseau, conocido como Tute, es hijo del recordado ilustrador Caloi, de vasta trayectoria en el mundo del humor gr\u00e1fico, es reconocido por su talento y capacidad de reflejar lo que pasa en la sociedad a trav\u00e9s de sus personajes.<\/p>\n<p>Estudi\u00f3 dise\u00f1o gr\u00e1fico, humorismo y cine. Desde 1999 publica en el diario La Naci\u00f3n y una p\u00e1gina en su revista dominical. Sus dibujos tambi\u00e9n se publican en diarios del exterior (M\u00e9xico, Colombia, Per\u00fa, Nicaragua, Ecuador, Honduras, Puerto Rico, Panam\u00e1 y Estados Unidos). Realiz\u00f3 dos cortometrajes: El \u00c1ngel de Dorotea (18 min., 2005) premiado en festivales de Argentina y Espa\u00f1a, y Abismos (25 min., 2006) premiada en Argentina y Chile. Particip\u00f3 de muestras individuales y colectivas tanto en el pa\u00eds como en el exterior, tambi\u00e9n realiz\u00f3 numerosas campa\u00f1as publicitarias.<\/p>\n<p>Tute fue distinguido con el Premio Konex 2012 y fue elegido como uno de los 100 argentinos m\u00e1s innovadores por BGH, entre otros reconocimientos.<\/p>\n","protected":false},"excerpt":{"rendered":"<p>Invitado por la Municipalidad de C\u00f3rdoba, el destacado humorista gr\u00e1fico comenz\u00f3 a pintar un muro que contar\u00e1 con dise\u00f1os de su autor\u00eda, ubicado en Marcelo T. de Alvear 653. Adem\u00e1s, se llevar\u00e1 a cabo una charla gratuita con el artista en el Cabildo de C\u00f3rdoba, a las 19.30 hs. En el tradicional barrio G\u00fcemes, iniciaron [&hellip;]<\/p>\n","protected":false},"author":1,"featured_media":43363,"comment_status":"closed","ping_status":"closed","sticky":false,"template":"","format":"standard","meta":[],"categories":[44],"tags":[],"_links":{"self":[{"href":"http:\/\/cordobadirecto.com\/index.php\/wp-json\/wp\/v2\/posts\/43362"}],"collection":[{"href":"http:\/\/cordobadirecto.com\/index.php\/wp-json\/wp\/v2\/posts"}],"about":[{"href":"http:\/\/cordobadirecto.com\/index.php\/wp-json\/wp\/v2\/types\/post"}],"author":[{"embeddable":true,"href":"http:\/\/cordobadirecto.com\/index.php\/wp-json\/wp\/v2\/users\/1"}],"replies":[{"embeddable":true,"href":"http:\/\/cordobadirecto.com\/index.php\/wp-json\/wp\/v2\/comments?post=43362"}],"version-history":[{"count":0,"href":"http:\/\/cordobadirecto.com\/index.php\/wp-json\/wp\/v2\/posts\/43362\/revisions"}],"wp:featuredmedia":[{"embeddable":true,"href":"http:\/\/cordobadirecto.com\/index.php\/wp-json\/wp\/v2\/media\/43363"}],"wp:attachment":[{"href":"http:\/\/cordobadirecto.com\/index.php\/wp-json\/wp\/v2\/media?parent=43362"}],"wp:term":[{"taxonomy":"category","embeddable":true,"href":"http:\/\/cordobadirecto.com\/index.php\/wp-json\/wp\/v2\/categories?post=43362"},{"taxonomy":"post_tag","embeddable":true,"href":"http:\/\/cordobadirecto.com\/index.php\/wp-json\/wp\/v2\/tags?post=43362"}],"curies":[{"name":"wp","href":"https:\/\/api.w.org\/{rel}","templated":true}]}}