{"id":43542,"date":"2022-02-09T03:32:17","date_gmt":"2022-02-09T03:32:17","guid":{"rendered":"https:\/\/www.checkinmag.com\/?p=2505"},"modified":"2022-02-09T03:32:17","modified_gmt":"2022-02-09T03:32:17","slug":"copa-airlines-reanuda-sus-operaciones-en-rosario","status":"publish","type":"post","link":"http:\/\/cordobadirecto.com\/index.php\/2022\/02\/09\/copa-airlines-reanuda-sus-operaciones-en-rosario\/","title":{"rendered":"Copa Airlines reanuda sus operaciones en Rosario"},"content":{"rendered":"<div><img src=\"http:\/\/cordobadirecto.com\/wp-content\/uploads\/2022\/02\/copa-airlines-reanuda-sus-operaciones-en-rosario.jpg\" class=\"ff-og-image-inserted\"><\/div>\n<p><strong>Copa Airlines<\/strong>,&nbsp;subsidiaria de Copa Holdings, S. A, {NYSE: CPA} y miembro de la red global de aerol\u00edneas Star Alliance, anunci\u00f3&nbsp;la&nbsp;<strong>reactivaci\u00f3n de sus vuelos hacia Rosario<\/strong>&nbsp;desde el Hub de las Am\u00e9ricas\u00ae ubicado en el Aeropuerto Internacional de Tocumen en Panam\u00e1 a partir del 1 de febrero; con 4 frecuencias semanales.<\/p>\n<p>Los vuelos*&nbsp;desde Rosario (CM806) partir\u00e1n los d\u00edas mi\u00e9rcoles, viernes, s\u00e1bados y domingos; mientras que las frecuencias que lleguen desde Panam\u00e1 (CM805) lo har\u00e1n los d\u00edas martes, jueves, viernes y s\u00e1bado. Rosario, la ciudad d\u00f3nde fue izada por primera vez la bandera nacional de Argentina, es una ciudad universitaria con vida moderna y agitada con muchos puntos de inter\u00e9s a conocer como el Monumento Nacional a la Bandera, su \u00e1rea hist\u00f3rica revitalizada, adem\u00e1s de poder navegar el r\u00edo Paran\u00e1, degustar de la gastronom\u00eda local y disfrutar del&nbsp;<em>sunset<\/em>en la Costanera Sur.<\/p>\n<p><em>\u201cCon la ruta Rosario-Panam\u00e1,&nbsp;<strong>Copa Airlines<\/strong>&nbsp;apuesta al continuo desarrollo de la econom\u00eda de la provincia de Santa Fe, haciendo posible nuevas oportunidades comerciales y tur\u00edsticas al conectarlos directamente con el resto del continente americano a trav\u00e9s del Hub de las Am\u00e9ricas<\/em><strong><em>\u00ae<\/em><\/strong><em>, en Panam\u00e1\u201d<\/em>, mencion\u00f3 Lorena Gasser, Gerente Ventas Interior de Argentina.<\/p>\n<p>*Vuelos sujetos a cambios, restricciones y\/o aprobaciones gubernamentales.<\/p>\n<p><strong>Copa Airlines<\/strong>&nbsp;invita a sus pasajeros a mantenerse informados de los&nbsp;<a href=\"https:\/\/urldefense.com\/v3\/__https:\/imsva91-ctp.trendmicro.com:443\/wis\/clicktime\/v1\/query?url=https*3a*2f*2furldefense.com*2fv3*2f*5f*5fhttps*3a*2fwww.copaair.com*2fes*2fweb*2fpa*2frequisitos*2dde*2dviaje*5f*5f*3b*21*21BupLon6U*214O7NUNUVE865aLBlUXPX9HuGBctyx21EEOGTq6*2d3D15q4G9tzkXRrFw051bVXEVLIP7nAts*24&amp;umid=F07402C9-C6F4-9205-9742-39F6B901C48D&amp;auth=ba3d5489cd3fe4b76804aad289d513937bd6fa0e-2119d9d8ba60f506b166fd755694da046b87078b__;JSUlJSUlJSUlJSUlJSUlJSUlJSUlJSU!!BupLon6U!4vULz9oeZ04CqDyCJ3ML_QobwxtwwpQzqOj9wrpctoAt3QIR6eqGGKbYKl3U3Mpf-cjRV4o$\">requisitos<\/a>&nbsp;establecidos por la Aerol\u00ednea y las autoridades sanitarias y migratorias del pa\u00eds de destino.<\/p>\n<p><a href=\"http:\/\/www.copa.com\" data-type=\"URL\" data-id=\"www.copa.com\">www.copa.com<\/a><\/p>\n","protected":false},"excerpt":{"rendered":"<p>Copa Airlines,&nbsp;subsidiaria de Copa Holdings, S. A, {NYSE: CPA} y miembro de la red global de aerol\u00edneas Star Alliance, anunci\u00f3&nbsp;la&nbsp;reactivaci\u00f3n de sus vuelos hacia Rosario&nbsp;desde el Hub de las Am\u00e9ricas\u00ae ubicado en el Aeropuerto Internacional de Tocumen en Panam\u00e1 a partir del 1 de febrero; con 4 frecuencias semanales. Los vuelos*&nbsp;desde Rosario (CM806) partir\u00e1n los [&hellip;]<\/p>\n","protected":false},"author":1,"featured_media":43543,"comment_status":"closed","ping_status":"closed","sticky":false,"template":"","format":"standard","meta":[],"categories":[22],"tags":[],"_links":{"self":[{"href":"http:\/\/cordobadirecto.com\/index.php\/wp-json\/wp\/v2\/posts\/43542"}],"collection":[{"href":"http:\/\/cordobadirecto.com\/index.php\/wp-json\/wp\/v2\/posts"}],"about":[{"href":"http:\/\/cordobadirecto.com\/index.php\/wp-json\/wp\/v2\/types\/post"}],"author":[{"embeddable":true,"href":"http:\/\/cordobadirecto.com\/index.php\/wp-json\/wp\/v2\/users\/1"}],"replies":[{"embeddable":true,"href":"http:\/\/cordobadirecto.com\/index.php\/wp-json\/wp\/v2\/comments?post=43542"}],"version-history":[{"count":0,"href":"http:\/\/cordobadirecto.com\/index.php\/wp-json\/wp\/v2\/posts\/43542\/revisions"}],"wp:featuredmedia":[{"embeddable":true,"href":"http:\/\/cordobadirecto.com\/index.php\/wp-json\/wp\/v2\/media\/43543"}],"wp:attachment":[{"href":"http:\/\/cordobadirecto.com\/index.php\/wp-json\/wp\/v2\/media?parent=43542"}],"wp:term":[{"taxonomy":"category","embeddable":true,"href":"http:\/\/cordobadirecto.com\/index.php\/wp-json\/wp\/v2\/categories?post=43542"},{"taxonomy":"post_tag","embeddable":true,"href":"http:\/\/cordobadirecto.com\/index.php\/wp-json\/wp\/v2\/tags?post=43542"}],"curies":[{"name":"wp","href":"https:\/\/api.w.org\/{rel}","templated":true}]}}