{"id":43688,"date":"2022-02-09T16:14:18","date_gmt":"2022-02-09T16:14:18","guid":{"rendered":"https:\/\/www.ole.com.ar\/futbol-ascenso\/p-nacional-chaco-for-ever-boca_0_zW6N0w2Jt8.html"},"modified":"2022-02-09T16:14:18","modified_gmt":"2022-02-09T16:14:18","slug":"refuerzo-boquense-para-chaco-for-ever","status":"publish","type":"post","link":"http:\/\/cordobadirecto.com\/index.php\/2022\/02\/09\/refuerzo-boquense-para-chaco-for-ever\/","title":{"rendered":"Refuerzo boquense para Chaco For Ever"},"content":{"rendered":"<p>El conjunto conducido por Daniel Cravero se encuentra a apenas unos escasos d\u00edas de lo que significar\u00e1 la vuelta de Chaco For Ever a la Primera Nacional y <strong>con la llegada del delantero Luciano Gim\u00e9nez, la dirigencia del Negro, comienza a despedirse del mercado de pases.&nbsp;<\/strong><\/p>\n<div class=\"sp__SM\">\n<div class=\"content-new \">\n<span class=\"tit-mobile\">Mir\u00e1 tambi\u00e9n<\/span><\/p>\n<div class=\"mg\">\n<div class=\"wrap-figure\">\n<picture>\n<a href=\"https:\/\/www.ole.com.ar\/futbol-ascenso\/p-nacional-all-boys-miguez-gimnasia_0_XRA2CUVaZ8.html\" target=\"_self\" rel=\"noopener\"><br \/>\n<img class=\"img-responsive\" alt=\"De dirigido por Maradona a refuerzo de All Boys\" src=\"http:\/\/cordobadirecto.com\/wp-content\/uploads\/2022\/02\/refuerzo-boquense-para-chaco-for-ever.jpg\" loading=\"lazy\"><br \/>\n<\/a>\n<\/picture>\n<\/div>\n<\/div><\/div>\n<\/div>\n<p>Gim\u00e9nez es un atacante que estaba en los planes de Nueva Chicago en la categor\u00eda y de Racing de C\u00f3rdoba en el Federal A, pero m\u00e1s all\u00e1 de aquellos intereses<strong>, finalmente se pondr\u00e1 la camiseta del elenco chaque\u00f1o para esta temporada.<\/strong><\/p>\n<div class=\"sp__Normal\">\n<div class=\"image-embeb image-trigger\" readability=\"6\">\n<picture><source media=\"(min-width: 720px)\" srcset=\"http:\/\/cordobadirecto.com\/wp-content\/uploads\/2022\/02\/refuerzo-boquense-para-chaco-for-ever-1.jpg\"><img itemprop=\"image\" src=\"http:\/\/cordobadirecto.com\/wp-content\/uploads\/2022\/02\/refuerzo-boquense-para-chaco-for-ever-1.jpg\" loading=\"lazy\" alt=\"Llega desde Central Norte de Salta en donde disput\u00f3 19 encuentros y convirti\u00f3 5 Goles.\">\n<\/picture><figcaption readability=\"2\">\n<p>Llega desde Central Norte de Salta en donde disput\u00f3 19 encuentros y convirti\u00f3 5 Goles.\n<\/p>\n<\/figcaption><\/div>\n<\/div>\n<div class=\"sp__SM\">\n<div class=\"content-new \">\n<span class=\"tit-mobile\">Mir\u00e1 tambi\u00e9n<\/span><\/p>\n<div class=\"mg\">\n<div class=\"wrap-figure\">\n<picture>\n<a href=\"https:\/\/www.ole.com.ar\/futbol-ascenso\/primera-b-fenix-san-lorenzo-refuerzo_0_87n0PdXxKn.html\" target=\"_self\" rel=\"noopener\"><br \/>\n<img class=\"img-responsive\" alt=\"Pichi Mercier jugar\u00e1 para F\u00e9nix en este 2022\" src=\"http:\/\/cordobadirecto.com\/wp-content\/uploads\/2022\/02\/refuerzo-boquense-para-chaco-for-ever-2.jpg\" loading=\"lazy\"><br \/>\n<\/a>\n<\/picture>\n<\/div>\n<\/div><\/div>\n<\/div>\n<p>El delantero disput\u00f3 el pasado 2021 en Central Norte, donde marc\u00f3 5 tantos en 19 partidos. <strong>Tiene 21 a\u00f1os y llega a For Ever a pr\u00e9stamo desde Boca Juniors, club&nbsp;due\u00f1o de su pase.<\/strong><\/p>\n<div class=\"sp__SM\">\n<div class=\"content-new \">\n<span class=\"tit-mobile\">Mir\u00e1 tambi\u00e9n<\/span><\/p>\n<div class=\"mg\">\n<div class=\"wrap-figure\"> <picture>\n<a href=\"https:\/\/www.ole.com.ar\/futbol-ascenso\/primera-b-fenix-jorge-lastra-exclusivo_0_x1cvDpSDtA.html\" target=\"_self\" rel=\"noopener\"><br \/>\n<img class=\"img-responsive\" alt=\"Exclusivo: la palabra del presidente de F\u00e9nix despu\u00e9s de la balacera\" src=\"http:\/\/cordobadirecto.com\/wp-content\/uploads\/2022\/02\/refuerzo-boquense-para-chaco-for-ever-3.jpg\" loading=\"lazy\"><br \/>\n<\/a>\n<\/picture>\n<\/div>\n<\/div><\/div>\n<\/div>\n<p>As\u00ed, uno de los atacantes m\u00e1s buscados en el mercado de pases del Ascenso se suma al conjunto de Resistencia, el cual se reforz\u00f3 con otros jugadores:&nbsp;<strong>Alexis Niz, Gonzalo Lucero, Gast\u00f3n Mart\u00ednez, Axel Villegas, Lucas Chacana, Lucas Fern\u00e1ndez, Enzo Gaggi, Agust\u00edn Poliatano, Joaqu\u00edn Mattalia, Diego S\u00e1nchez Paredes, Mart\u00edn Mosquera, Alvaro Cuello, Franco Canever, Mart\u00edn Garnerone y Nicol\u00e1s Trecco.<\/strong><\/p>\n<div class=\"sp__SM\">\n<div class=\"content-new \">\n<span class=\"tit-mobile\">Mir\u00e1 tambi\u00e9n<\/span><\/p>\n<div class=\"mg\">\n<div class=\"wrap-figure\">\n<picture>\n<a href=\"https:\/\/www.ole.com.ar\/futbol-ascenso\/primera-c-deportivo-espanol-sarulyte_0_9HihnnIL8B.html\" target=\"_self\" rel=\"noopener\"><br \/>\n<img class=\"img-responsive\" alt=\"El campe\u00f3n con Sabella que lleg\u00f3 al Gallego\" src=\"http:\/\/cordobadirecto.com\/wp-content\/uploads\/2022\/02\/refuerzo-boquense-para-chaco-for-ever-4.jpg\" loading=\"lazy\"><br \/>\n<\/a>\n<\/picture>\n<\/div>\n<\/div><\/div>\n<\/div>\n<p>El pr\u00f3ximo lunes 14 de febrero es la cita del redebut del Negro en la Segunda Divisi\u00f3n del Futbol Argentino, <strong>cuando visite a San Telmo en la Isla Maciel a partir de las 17.<\/strong><\/p>\n<div class=\"sp__SM\">\n<div class=\"content-new \">\n<span class=\"tit-mobile\">Mir\u00e1 tambi\u00e9n<\/span><\/p>\n<div class=\"mg\">\n<div class=\"wrap-figure\">\n<picture>\n<a href=\"https:\/\/www.ole.com.ar\/futbol-ascenso\/primera-b-canuelas-refuerzo-river_0_plDuBVbTeS.html\" target=\"_self\" rel=\"noopener\"><br \/>\n<img class=\"img-responsive\" alt=\"Un ex River con rumbo a Ca\u00f1uelas\" src=\"http:\/\/cordobadirecto.com\/wp-content\/uploads\/2022\/02\/refuerzo-boquense-para-chaco-for-ever-5.jpg\" loading=\"lazy\"><br \/>\n<\/a>\n<\/picture>\n<\/div>\n<\/div><\/div>\n<\/div>\n<div class=\"sp__SM\">\n<div class=\"content-new \">\n<span class=\"tit-mobile\">Mir\u00e1 tambi\u00e9n<\/span><\/p>\n<div class=\"mg\">\n<div class=\"wrap-figure\">\n<picture>\n<a href=\"https:\/\/www.ole.com.ar\/futbol-ascenso\/primera-b-fenix-tension-balacera_0_bOB7eBOfYt.html\" target=\"_self\" rel=\"noopener\"><br \/>\n<img class=\"img-responsive\" alt=\"Terror en F\u00e9nix: barras les dispararon a dirigentes\" src=\"http:\/\/cordobadirecto.com\/wp-content\/uploads\/2022\/02\/refuerzo-boquense-para-chaco-for-ever-3.jpg\" loading=\"lazy\"><br \/>\n<\/a>\n<\/picture>\n<\/div>\n<\/div><\/div>\n<\/div>\n<div class=\"sp__SM\">\n<div class=\"content-new \">\n<span class=\"tit-mobile\">Mir\u00e1 tambi\u00e9n<\/span><\/p>\n<div class=\"mg\">\n<div class=\"wrap-figure\">\n<picture>\n<a href=\"https:\/\/www.ole.com.ar\/futbol-ascenso\/p-nacional-alvarado-racing-refuerzo_0_EJutdXi2hQ.html\" target=\"_self\" rel=\"noopener\"><br \/>\n<img class=\"img-responsive\" alt=\"Un refuerzo de Selecci\u00f3n para Alvarado\" src=\"http:\/\/cordobadirecto.com\/wp-content\/uploads\/2022\/02\/refuerzo-boquense-para-chaco-for-ever-6.jpg\" loading=\"lazy\"><br \/>\n<\/a>\n<\/picture>\n<\/div>\n<\/div><\/div>\n<\/div>\n<div class=\"entry-tags\">\n<h2>TEMAS QUE APARECEN EN ESTA NOTA<\/h2>\n<\/p><\/div>\n","protected":false},"excerpt":{"rendered":"<p>El conjunto conducido por Daniel Cravero se encuentra a apenas unos escasos d\u00edas de lo que significar\u00e1 la vuelta de Chaco For Ever a la Primera Nacional y con la llegada del delantero Luciano Gim\u00e9nez, la dirigencia del Negro, comienza a despedirse del mercado de pases.&nbsp; Mir\u00e1 tambi\u00e9n Gim\u00e9nez es un atacante que estaba en [&hellip;]<\/p>\n","protected":false},"author":1,"featured_media":43689,"comment_status":"closed","ping_status":"closed","sticky":false,"template":"","format":"standard","meta":[],"categories":[21],"tags":[],"_links":{"self":[{"href":"http:\/\/cordobadirecto.com\/index.php\/wp-json\/wp\/v2\/posts\/43688"}],"collection":[{"href":"http:\/\/cordobadirecto.com\/index.php\/wp-json\/wp\/v2\/posts"}],"about":[{"href":"http:\/\/cordobadirecto.com\/index.php\/wp-json\/wp\/v2\/types\/post"}],"author":[{"embeddable":true,"href":"http:\/\/cordobadirecto.com\/index.php\/wp-json\/wp\/v2\/users\/1"}],"replies":[{"embeddable":true,"href":"http:\/\/cordobadirecto.com\/index.php\/wp-json\/wp\/v2\/comments?post=43688"}],"version-history":[{"count":0,"href":"http:\/\/cordobadirecto.com\/index.php\/wp-json\/wp\/v2\/posts\/43688\/revisions"}],"wp:featuredmedia":[{"embeddable":true,"href":"http:\/\/cordobadirecto.com\/index.php\/wp-json\/wp\/v2\/media\/43689"}],"wp:attachment":[{"href":"http:\/\/cordobadirecto.com\/index.php\/wp-json\/wp\/v2\/media?parent=43688"}],"wp:term":[{"taxonomy":"category","embeddable":true,"href":"http:\/\/cordobadirecto.com\/index.php\/wp-json\/wp\/v2\/categories?post=43688"},{"taxonomy":"post_tag","embeddable":true,"href":"http:\/\/cordobadirecto.com\/index.php\/wp-json\/wp\/v2\/tags?post=43688"}],"curies":[{"name":"wp","href":"https:\/\/api.w.org\/{rel}","templated":true}]}}