{"id":43742,"date":"2022-02-09T18:33:00","date_gmt":"2022-02-09T18:33:00","guid":{"rendered":"http:\/\/cordobadirecto.com\/index.php\/2022\/02\/09\/boris-johnson-busca-eliminar-todas-las-restricciones-por-coronavirus-desde-fin-de-mes\/"},"modified":"2022-02-09T18:33:00","modified_gmt":"2022-02-09T18:33:00","slug":"boris-johnson-busca-eliminar-todas-las-restricciones-por-coronavirus-desde-fin-de-mes","status":"publish","type":"post","link":"http:\/\/cordobadirecto.com\/index.php\/2022\/02\/09\/boris-johnson-busca-eliminar-todas-las-restricciones-por-coronavirus-desde-fin-de-mes\/","title":{"rendered":"Boris Johnson busca eliminar todas las restricciones por coronavirus desde fin de mes"},"content":{"rendered":"<div class=\"video_repositive\"> <a class=\"video_sticky\" href=\"javascript:void();\" onclick=\"removeStuckVideo(true);\"><i class=\"far fa-window-close\"><\/i><\/a> <\/p>\n<div id=\"8bxQv4ASEHU\" class=\"video_telam\" readability=\"6\">\n<div class=\"feature_article_inner\" readability=\"32\">\n<p><h2 class=\"text-center\">El Gobierno brit\u00e1nico quiere eliminar todas las restricciones por coronavirus desde fines de mes<\/h2>\n<\/p><\/div>\n<p>VER VIDEO <i class=\"fas fa-play\"><\/i><\/p>\n<\/p><\/div><\/div>\n<p>Reino Unido anunci\u00f3 su intenci\u00f3n de poner fin a todas las restricciones en Inglaterra desde fines de febrero, en medio del debate de tratar a la Covid-19 como una enfermedad end\u00e9mica en lugar de pand\u00e9mica, una posici\u00f3n que la Organizaci\u00f3n Mundial de la Salud (OMS) considera prematura ante la brecha en el acceso a vacunas que puede favorecer la aparici\u00f3n de variantes m\u00e1s contagiosas.<\/p>\n<p>El primer ministro brit\u00e1nico, Boris Johnson, inform\u00f3 que <strong>prev\u00e9 levantar a fin de mes el requisito de aislamiento para las personas que den positivo al coronavirus<\/strong>, despu\u00e9s de que Inglaterra haya abandonado ya la mayor\u00eda de restricciones.<\/p>\n<p>El l\u00edder conservador, que busca reimpulsar su Gobierno, cuestionado tanto por opositores como oficialistas, afirm\u00f3 que el 21 de febrero acudir\u00e1 al Parlamento para presentar &#8220;la estrategia para vivir con la Covid-19&#8221;.<\/p>\n<h2 class>\u00bfUna enfermedad end\u00e9mica?<\/h2>\n<p>De esta forma, se sum\u00f3 a otros pa\u00edses europeos que empiezan a ver al coronavirus ya no como una pandemia sino como una enfermedad end\u00e9mica, escenario que no significa el fin del virus sino que persiste de una forma continuada o epis\u00f3dica en una zona determinada.<\/p>\n<p><strong>La OMS, por su parte, alert\u00f3 contra esta idea que, en los papeles, implica eliminar restricciones <\/strong>y modificar la forma en que se gestionan los casos, aislamientos y contactos estrechos.<\/p>\n<figure class=\"mb-3\"><img loading=\"lazy\" src=\"http:\/\/cordobadirecto.com\/wp-content\/uploads\/2022\/02\/boris-johnson-busca-eliminar-todas-las-restricciones-por-coronavirus-desde-fin-de-mes.jpg\" width=\"100%\" height=\"100%\" alt=\"Foto AFP\"><figcaption> Foto: AFP. <\/figcaption><\/figure>\n<p>&#8220;Si bien es posible que el virus pase a ser end\u00e9mico, creemos que esto va a llevar algunos a\u00f1os&#8221;, explic\u00f3 Clarisse Etienne, directora de la Organizaci\u00f3n Panamericana de la Salud (OPS), ante una pregunta de T\u00e9lam durante la conferencia de prensa semanal para actualizar el balance de la regi\u00f3n.<\/p>\n<p>&#8220;La caracter\u00edstica principal de esta pandemia sigue siendo la incertidumbre de su evoluci\u00f3n y esto requiere precauci\u00f3n. Nuevas variantes de preocupaci\u00f3n pueden surgir y cambiar completamente el perfil del virus, algo que ya vimos&#8221;, a\u00f1adi\u00f3.<\/p>\n<p><strong>La variante \u00d3micron multiplic\u00f3 los casos como no hab\u00eda ocurrido antes, pero las muertes y hospitalizaciones no aumentaron al mismo ritmo<\/strong>, lo que llev\u00f3 a muchos gobiernos a cambiar su enfoque y suavizar restricciones al considerar la inmunidad generada por los pacientes que tuvieron cuadros leves.<\/p>\n<blockquote class><p>&#8220;La caracter\u00edstica principal de esta pandemia sigue siendo la incertidumbre de su evoluci\u00f3n y esto requiere precauci\u00f3n&#8221;<cite class=\"author\">Clarisse Etienne<\/cite><\/p><\/blockquote>\n<p>Esa mirada se profundiz\u00f3 con la ca\u00edda tambi\u00e9n de la curva de positivos que vienen registrando varios pa\u00edses y que a nivel global fue del 17% en los \u00faltimos siete d\u00edas, seg\u00fan el \u00faltimo informe de la OMS.<\/p>\n<p><span class=\"badge badge-primary\">Reino Unido<\/span><br \/><strong>Reino Unido es uno de los ejemplos paradigm\u00e1ticos de esta situaci\u00f3n<\/strong>: uno de los pa\u00edses m\u00e1s castigados de Europa por la pandemia, con casi 159.000 muertes, registr\u00f3 una ola de \u00d3micron a principios de a\u00f1o con un r\u00e9cord de infecciones diarias que superaba las 200.000, pero esta cifra empez\u00f3 descender hasta llegar a los 68.000 en el balance reportado hoy.<\/p>\n<p><span class=\"badge badge-primary\">Francia<\/span><br \/>Con la misma mirada, Francia, uno de los pa\u00edses que m\u00e1s endureci\u00f3 en su momento el requisito del pasaporte de vacunaci\u00f3n, adelant\u00f3 este mi\u00e9rcoles que podr\u00eda poner fin a esta medida para &#8220;finales de marzo o inicios de abril&#8221;.<\/p>\n<p>&#8220;Hay motivos para esperar que para entonces la situaci\u00f3n haya mejorado lo suficiente como para poder levantar sus \u00faltimas medidas&#8221;, dijo el vocero gubernamental Gabriel Attal, inform\u00f3 la agencia de noticias AFP.<\/p>\n<blockquote class=\"twitter-tweet\" readability=\"4.9777777777778\">\n<p lang=\"fr\" dir=\"ltr\">EN DIRECT | Compte rendu du Conseil des ministres du 9 f\u00e9vrier 2022 par <a href=\"https:\/\/twitter.com\/GabrielAttal?ref_src=twsrc%5Etfw\">@GabrielAttal<\/a>, porte-parole du Gouvernement. <a href=\"https:\/\/t.co\/II7mHccfc8\">https:\/\/t.co\/II7mHccfc8<\/a><\/p>\n<p>\u2014 \u00c9lys\u00e9e (@Elysee) <a href=\"https:\/\/twitter.com\/Elysee\/status\/1491385966883491845?ref_src=twsrc%5Etfw\">February 9, 2022<\/a><\/p><\/blockquote>\n<p><span class=\"badge badge-primary\">Suecia<\/span><br \/>En sinton\u00eda,<strong> Suecia elimin\u00f3 la mayor\u00eda de las restricciones vigentes por la pandemia<\/strong> y detuvo las pruebas a gran escala, incluso entre personas con s\u00edntomas, debido al alto porcentaje de poblaci\u00f3n vacunada y el menor impacto de la variante \u00d3micron.<\/p>\n<p>&#8220;Llegamos a un punto en el que el costo y la relevancia de las pruebas ya no son justificables&#8221;, argument\u00f3 la jefa de la Agencia de Salud P\u00fablica de Suecia, Karin Tegmark Wisell, al canal SVT.<\/p>\n<p>En consecuencia, solo los trabajadores de la salud, de atenci\u00f3n a personas mayores y los m\u00e1s vulnerables tendr\u00e1n derecho a la prueba PCR gratuita si son sintom\u00e1ticos, mientras que al resto de la poblaci\u00f3n simplemente se le pedir\u00e1 que se quede en su casa si presenta s\u00edntomas consistentes con el coronavirus.<\/p>\n<h2 class>Fuera de Europa, m\u00e1s cautela<\/h2>\n<p>Fuera de Europa y en pa\u00edses con alta cobertura de vacunaci\u00f3n como es el caso de Argentina, la mirada de empezar a tratar a la Covid-19 cono una endemia todav\u00eda se maneja con mayor cautela.<\/p>\n<p>&#8220;Estamos en un momento en el que la hip\u00f3tesis m\u00e1s fuerte es que podr\u00eda suceder con esta variante (\u00d3micron) por la cantidad de personas que desarrollan inmunidad por el virus, reinfecciones m\u00e1s la vacunaci\u00f3n; la duda es que pueda emerger una nueva variante que nos complique&#8221;, sentenci\u00f3 hace tres semanas la ministra de Salud, Carla Vizzotti.<\/p>\n<p>Esta \u00faltima cuesti\u00f3n tambi\u00e9n la plantea la OMS, que desde hace meses insiste en que<strong> la brecha global en la inmunizaci\u00f3n favorece la aparici\u00f3n de variantes m\u00e1s peligrosas <\/strong>que pueden generar nuevos repuntes de casos, hospitalizaciones y muertes.<\/p>\n<p><strong>En los pa\u00edses de bajos ingresos s\u00f3lo un 10% de la poblaci\u00f3n est\u00e1 vacunada, y el acceso a diagn\u00f3sticos es a\u00fan menor<\/strong>: de los 4.700 millones de test realizados en el mundo, s\u00f3lo 22 millones, un 0,4%, se practicaron en esas econom\u00edas m\u00e1s pobres.<\/p>\n<p>En ese marco, es que el director general de la agencia sanitaria de la ONU, Tedros Adhanom Ghebreyesus, advirti\u00f3 que &#8220;la pandemia no termin\u00f3&#8221;, al solicitar hoy a los pa\u00edses m\u00e1s desarrollados a que aporten 23.000 millones de d\u00f3lares a la lucha global contra el virus.<\/p>\n<p><strong>Pero aunque la Covid-19 sea considerada end\u00e9mica, la OMS precis\u00f3 que esto no la hace menos peligrosa.<\/strong><\/p>\n<p>&#8220;La gente opone la pandemia con la endemia, pero la malaria end\u00e9mica mata a cientos de miles de personas, el VIH es end\u00e9mico, la violencia es end\u00e9mica en nuestras ciudades&#8221;, grafic\u00f3 Michael Ryan, responsable de emergencias de la agencia.<\/p>\n<p>&#8220;End\u00e9mico en s\u00ed mismo no significa que sea bueno, end\u00e9mico solo significa que est\u00e1 ah\u00ed siempre&#8221;, aclar\u00f3. <\/p>\n","protected":false},"excerpt":{"rendered":"<p>El Gobierno brit\u00e1nico quiere eliminar todas las restricciones por coronavirus desde fines de mes VER VIDEO Reino Unido anunci\u00f3 su intenci\u00f3n de poner fin a todas las restricciones en Inglaterra desde fines de febrero, en medio del debate de tratar a la Covid-19 como una enfermedad end\u00e9mica en lugar de pand\u00e9mica, una posici\u00f3n que la [&hellip;]<\/p>\n","protected":false},"author":1,"featured_media":43743,"comment_status":"closed","ping_status":"closed","sticky":false,"template":"","format":"standard","meta":[],"categories":[24],"tags":[],"_links":{"self":[{"href":"http:\/\/cordobadirecto.com\/index.php\/wp-json\/wp\/v2\/posts\/43742"}],"collection":[{"href":"http:\/\/cordobadirecto.com\/index.php\/wp-json\/wp\/v2\/posts"}],"about":[{"href":"http:\/\/cordobadirecto.com\/index.php\/wp-json\/wp\/v2\/types\/post"}],"author":[{"embeddable":true,"href":"http:\/\/cordobadirecto.com\/index.php\/wp-json\/wp\/v2\/users\/1"}],"replies":[{"embeddable":true,"href":"http:\/\/cordobadirecto.com\/index.php\/wp-json\/wp\/v2\/comments?post=43742"}],"version-history":[{"count":0,"href":"http:\/\/cordobadirecto.com\/index.php\/wp-json\/wp\/v2\/posts\/43742\/revisions"}],"wp:featuredmedia":[{"embeddable":true,"href":"http:\/\/cordobadirecto.com\/index.php\/wp-json\/wp\/v2\/media\/43743"}],"wp:attachment":[{"href":"http:\/\/cordobadirecto.com\/index.php\/wp-json\/wp\/v2\/media?parent=43742"}],"wp:term":[{"taxonomy":"category","embeddable":true,"href":"http:\/\/cordobadirecto.com\/index.php\/wp-json\/wp\/v2\/categories?post=43742"},{"taxonomy":"post_tag","embeddable":true,"href":"http:\/\/cordobadirecto.com\/index.php\/wp-json\/wp\/v2\/tags?post=43742"}],"curies":[{"name":"wp","href":"https:\/\/api.w.org\/{rel}","templated":true}]}}