{"id":43747,"date":"2022-02-09T20:51:06","date_gmt":"2022-02-09T20:51:06","guid":{"rendered":"https:\/\/cordoba.gob.ar\/?p=20131"},"modified":"2022-02-09T20:51:06","modified_gmt":"2022-02-09T20:51:06","slug":"las-paredes-andan-diciendo-llega-a-la-supermanzana-de-la-plaza-de-la-intendencia","status":"publish","type":"post","link":"http:\/\/cordobadirecto.com\/index.php\/2022\/02\/09\/las-paredes-andan-diciendo-llega-a-la-supermanzana-de-la-plaza-de-la-intendencia\/","title":{"rendered":"\u201cLas Paredes Andan Diciendo\u201d llega a la Supermanzana de la Plaza de la Intendencia"},"content":{"rendered":"<div><img src=\"http:\/\/cordobadirecto.com\/wp-content\/uploads\/2022\/02\/las-paredes-andan-diciendo-llega-a-la-supermanzana-de-la-plaza-de-la-intendencia.jpg\" class=\"ff-og-image-inserted\"><\/div>\n<ul>\n<li><strong>Esta tarde, a las 19 hs, se proyectar\u00e1n piezas audiovisuales y habr\u00e1 m\u00fasica en vivo en la plaza.<\/strong><\/li>\n<li><strong>La actividad es libre y gratuita para toda la familia.<\/strong><\/li>\n<\/ul>\n<hr>\n<p>La Secretar\u00eda de Cultura y Juventud de la Municipalidad de C\u00f3rdoba invita a disfrutar de un nuevo encuentro del ciclo \u201cLas Paredes Andan Diciendo\u201d, en la Supermanzana de la Intendencia.<\/p>\n<p>Esta tarde, a partir de las 19 hs, el evento comenzar\u00e1 con m\u00fasica de los DJs Berenice Llorens y Cande Vera Barros, mientras se presenta el grupo de danzas urbanas \u201cMarginales\u201d integrado por Mat\u00edas Ligato, Yesica Pellegrini y Lucas Ligato.<\/p>\n<p>A continuaci\u00f3n, se llevar\u00e1n a cabo proyecciones sobre uno de los muros de la Casa del Futuro, ubicado frente al Palacio 6 de Julio. Las piezas audiovisuales emitir\u00e1n los recitales del \u201cGriego Mujeres\u201d con las actuaciones de Fruta Cruda Klan y de Mumi Tubert.<\/p>\n<p>La actividad, de car\u00e1cter libre y gratuita, se enmarca dentro de Proyecciones al Paso, un ciclo cultural y recreativo que recorre la ciudad convirtiendo sus muros en pantallas gigantes para el disfrute de todos los cordobeses.<\/p>\n","protected":false},"excerpt":{"rendered":"<p>Esta tarde, a las 19 hs, se proyectar\u00e1n piezas audiovisuales y habr\u00e1 m\u00fasica en vivo en la plaza. La actividad es libre y gratuita para toda la familia. La Secretar\u00eda de Cultura y Juventud de la Municipalidad de C\u00f3rdoba invita a disfrutar de un nuevo encuentro del ciclo \u201cLas Paredes Andan Diciendo\u201d, en la Supermanzana [&hellip;]<\/p>\n","protected":false},"author":1,"featured_media":43748,"comment_status":"closed","ping_status":"closed","sticky":false,"template":"","format":"standard","meta":[],"categories":[44],"tags":[],"_links":{"self":[{"href":"http:\/\/cordobadirecto.com\/index.php\/wp-json\/wp\/v2\/posts\/43747"}],"collection":[{"href":"http:\/\/cordobadirecto.com\/index.php\/wp-json\/wp\/v2\/posts"}],"about":[{"href":"http:\/\/cordobadirecto.com\/index.php\/wp-json\/wp\/v2\/types\/post"}],"author":[{"embeddable":true,"href":"http:\/\/cordobadirecto.com\/index.php\/wp-json\/wp\/v2\/users\/1"}],"replies":[{"embeddable":true,"href":"http:\/\/cordobadirecto.com\/index.php\/wp-json\/wp\/v2\/comments?post=43747"}],"version-history":[{"count":0,"href":"http:\/\/cordobadirecto.com\/index.php\/wp-json\/wp\/v2\/posts\/43747\/revisions"}],"wp:featuredmedia":[{"embeddable":true,"href":"http:\/\/cordobadirecto.com\/index.php\/wp-json\/wp\/v2\/media\/43748"}],"wp:attachment":[{"href":"http:\/\/cordobadirecto.com\/index.php\/wp-json\/wp\/v2\/media?parent=43747"}],"wp:term":[{"taxonomy":"category","embeddable":true,"href":"http:\/\/cordobadirecto.com\/index.php\/wp-json\/wp\/v2\/categories?post=43747"},{"taxonomy":"post_tag","embeddable":true,"href":"http:\/\/cordobadirecto.com\/index.php\/wp-json\/wp\/v2\/tags?post=43747"}],"curies":[{"name":"wp","href":"https:\/\/api.w.org\/{rel}","templated":true}]}}