{"id":43763,"date":"2022-02-10T15:32:08","date_gmt":"2022-02-10T15:32:08","guid":{"rendered":"https:\/\/es.digitaltrends.com\/?p=918964"},"modified":"2022-02-10T15:32:08","modified_gmt":"2022-02-10T15:32:08","slug":"las-primeras-imagenes-de-la-serie-de-el-senor-de-los-anillos","status":"publish","type":"post","link":"http:\/\/cordobadirecto.com\/index.php\/2022\/02\/10\/las-primeras-imagenes-de-la-serie-de-el-senor-de-los-anillos\/","title":{"rendered":"Las primeras im\u00e1genes de la serie de El Se\u00f1or de los Anillos"},"content":{"rendered":"<p>The Rings of Power, la serie surgida del universo de <a href=\"https:\/\/es.digitaltrends.com\/entretenimiento\/amazon-revela-nombre-serie-el-senor-de-los-anillos-2022\/\">The Lord of the Rings<\/a> es una de las producciones m\u00e1s esperadas para este a\u00f1o.<\/p>\n<p>Se trata de un precuela, ambientada en la Segunda Edad de la Tierra Media, cuando Sauron forja los Anillos de Poder.<\/p>\n<figure class=\"alignnone\"><img src=\"http:\/\/cordobadirecto.com\/wp-content\/uploads\/2022\/02\/las-primeras-imagenes-de-la-serie-de-el-senor-de-los-anillos.gif\" data-dt-lazy-src=\"https:\/\/icdn.dtcn.com\/image\/digitaltrends_es\/lord-of-the-rings-002-720x720.jpg\" onerror=\"dti_load_error(this)\" class=\" size-large wp-image-918977 dt-lazy-load dt-lazy-pending\" alt=\"Una escena de la serie The Rings of Power.\"><\/figure>\n<p>Por ahora se sabe que la nueva producci\u00f3n deber\u00eda llegar el 2 de septiembre a la plataforma de <a href=\"https:\/\/es.digitaltrends.com\/entretenimiento\/mejores-peliculas-originales-amazon\/\">Amazon Prime Video<\/a>. En tanto, el primer tr\u00e1iler oficial ser\u00e1 lanzado a prop\u00f3sito del <a href=\"https:\/\/es.digitaltrends.com\/deportes\/como-ver-super-bowl-2022-gratis\/\">Super Bowl<\/a> de este domingo 13 de febrero.<\/p>\n<figure class=\"alignnone\"><img src=\"http:\/\/cordobadirecto.com\/wp-content\/uploads\/2022\/02\/las-primeras-imagenes-de-la-serie-de-el-senor-de-los-anillos.gif\" data-dt-lazy-src=\"https:\/\/icdn.dtcn.com\/image\/digitaltrends_es\/lord-of-the-rings-013-720x720.jpg\" onerror=\"dti_load_error(this)\" class=\" size-large wp-image-918966 dt-lazy-load dt-lazy-pending\" alt=\"Una escena de la serie The Rings of Power.\"><\/figure>\n<p>Ahora, hemos conocido las primeras fotos oficiales de la serie. Un <a href=\"https:\/\/www.vanityfair.com\/hollywood\/2022\/02\/amazon-the-rings-of-power-series-first-look?utm_brand=vf&amp;utm_source=twitter&amp;mbid=social_twitter&amp;utm_medium=social&amp;utm_social-type=owned\" target=\"_blank\" rel=\"noopener\">art\u00edculo<\/a> de Vanity Fair ha mostrado una serie de fotograf\u00edas donde se puede apreciar a parte del elenco adem\u00e1s del set donde se filma la serie.<\/p>\n<figure class=\"alignnone\"><img src=\"http:\/\/cordobadirecto.com\/wp-content\/uploads\/2022\/02\/las-primeras-imagenes-de-la-serie-de-el-senor-de-los-anillos.gif\" data-dt-lazy-src=\"https:\/\/icdn.dtcn.com\/image\/digitaltrends_es\/lord-of-the-rings-007-720x720.jpg\" onerror=\"dti_load_error(this)\" class=\" size-large wp-image-918970 dt-lazy-load dt-lazy-pending\" alt=\"Una escena de la serie The Rings of Power.\"><\/figure>\n<p>La nota indica que parte importante de la historia girar\u00e1 en torno a Galadriel, que en la ficci\u00f3n ser\u00e1 interpretada por Morfydd Clark.<\/p>\n<figure class=\"alignnone\"><img src=\"http:\/\/cordobadirecto.com\/wp-content\/uploads\/2022\/02\/las-primeras-imagenes-de-la-serie-de-el-senor-de-los-anillos.gif\" data-dt-lazy-src=\"https:\/\/icdn.dtcn.com\/image\/digitaltrends_es\/lord-of-the-rings-009-720x720.jpg\" onerror=\"dti_load_error(this)\" class=\" size-large wp-image-918968 dt-lazy-load dt-lazy-pending\" alt=\"Una escena de la serie The Rings of Power.\"><\/figure>\n<p>\u201cEl mundo de Galadriel es un mar embravecido. Lejos de la sabia y et\u00e9rea reina \u00e9lfica que Cate Blanchett llev\u00f3 a las aclamadas pel\u00edculas de Peter Jackson, la Galadriel interpretada por Morfydd Clark en la pr\u00f3xima serie es miles de a\u00f1os m\u00e1s joven, tan enojada y temeraria como ella\u201d, se\u00f1ala el art\u00edculo.<\/p>\n<figure class=\"alignnone\"><img src=\"http:\/\/cordobadirecto.com\/wp-content\/uploads\/2022\/02\/las-primeras-imagenes-de-la-serie-de-el-senor-de-los-anillos.gif\" data-dt-lazy-src=\"https:\/\/icdn.dtcn.com\/image\/digitaltrends_es\/lord-of-the-rings-005-720x720.jpg\" onerror=\"dti_load_error(this)\" class=\" wp-image-918975 size-large dt-lazy-load dt-lazy-pending\" alt=\"Una escena de la serie The Rings of Power.\"><\/figure>\n<p>El nuevo proyecto tambi\u00e9n presentar\u00e1 a nuevos personajes que no aparecieron en la trilog\u00eda de Peter Jackson. Uno de ellos es Arrondir, el elfo plateado interpretado por Ismael Cruz C\u00f3rdoba.<\/p>\n<figure class=\"alignnone\"><img src=\"http:\/\/cordobadirecto.com\/wp-content\/uploads\/2022\/02\/las-primeras-imagenes-de-la-serie-de-el-senor-de-los-anillos.gif\" data-dt-lazy-src=\"https:\/\/icdn.dtcn.com\/image\/digitaltrends_es\/lord-of-the-rings-004-720x720.jpg\" onerror=\"dti_load_error(this)\" class=\" size-large wp-image-918974 dt-lazy-load dt-lazy-pending\" alt=\"Una escena de la serie The Rings of Power.\"><\/figure>\n<p>\u201cAnillos para los elfos, anillos para los enanos, anillos para los hombres, y luego el anillo que Sauron us\u00f3 para enga\u00f1arlos a todos. Es la historia de la creaci\u00f3n de todos esos poderes, de d\u00f3nde vinieron y qu\u00e9 le hicieron a cada una de esas razas\u201d, explica Patrick McKay, uno de los guionistas de la serie.<\/p>\n<figure class=\"alignnone\"><img src=\"http:\/\/cordobadirecto.com\/wp-content\/uploads\/2022\/02\/las-primeras-imagenes-de-la-serie-de-el-senor-de-los-anillos.gif\" data-dt-lazy-src=\"https:\/\/icdn.dtcn.com\/image\/digitaltrends_es\/lord-of-the-rings-006-720x720.jpg\" onerror=\"dti_load_error(this)\" class=\" size-large wp-image-918971 dt-lazy-load dt-lazy-pending\" alt=\"Una escena de la serie The Rings of Power.\"><\/figure>\n<figure class=\"alignnone\"><img src=\"http:\/\/cordobadirecto.com\/wp-content\/uploads\/2022\/02\/las-primeras-imagenes-de-la-serie-de-el-senor-de-los-anillos.gif\" data-dt-lazy-src=\"https:\/\/icdn.dtcn.com\/image\/digitaltrends_es\/lord-of-the-rings-011-720x720.jpg\" onerror=\"dti_load_error(this)\" class=\" size-large wp-image-918965 dt-lazy-load dt-lazy-pending\" alt=\"Una escena de la serie The Rings of Power.\"><\/figure>\n<p>El reportaje de Vanity Fair asegura que la serie tendr\u00e1 m\u00e1s de 22 personajes adem\u00e1s de m\u00faltiples tramas que abarcar\u00e1n a las distintas razas de la Tierra Media.<\/p>\n<figure class=\"alignnone\"><img src=\"http:\/\/cordobadirecto.com\/wp-content\/uploads\/2022\/02\/las-primeras-imagenes-de-la-serie-de-el-senor-de-los-anillos.gif\" data-dt-lazy-src=\"https:\/\/icdn.dtcn.com\/image\/digitaltrends_es\/lord-of-the-rings-008-720x720.jpg\" onerror=\"dti_load_error(this)\" class=\" size-large wp-image-918969 dt-lazy-load dt-lazy-pending\" alt=\"Una escena de la serie The Rings of Power.\"><\/figure>\n<h4 class=\"h-editors-recs-title\"> Recomendaciones del editor\t<\/h4>\n<p> <span id=\"publisher-md\" itemprop=\"publisher\" itemscope itemtype=\"https:\/\/schema.org\/Organization\"> <span itemprop=\"url\" itemtype=\"https:\/\/schema.org\/Url\" content=\"https:\/\/es.digitaltrends.com\"> <span itemprop=\"logo\" itemscope itemtype=\"https:\/\/schema.org\/ImageObject\"> <meta itemprop=\"url\" content=\"https:\/\/cdn.dtcn.com\/dt\/dt-logo-small.png\"> <meta itemprop=\"width\" content=\"0\"> <meta itemprop=\"height\" content=\"0\"> <\/span> <meta itemprop=\"name\" content=\"Digital Trends Espa\u00f1ol\"> <\/span> <span itemprop=\"image\" itemscope itemtype=\"https:\/\/schema.org\/ImageObject\"> <meta itemprop=\"url\" content=\"https:\/\/icdn.dtcn.com\/image\/digitaltrends_es\/lord-of-the-rings-002.jpg\"> <\/span> <\/span><\/p>\n","protected":false},"excerpt":{"rendered":"<p>The Rings of Power, la serie surgida del universo de The Lord of the Rings es una de las producciones m\u00e1s esperadas para este a\u00f1o. Se trata de un precuela, ambientada en la Segunda Edad de la Tierra Media, cuando Sauron forja los Anillos de Poder. Por ahora se sabe que la nueva producci\u00f3n deber\u00eda [&hellip;]<\/p>\n","protected":false},"author":1,"featured_media":43764,"comment_status":"closed","ping_status":"closed","sticky":false,"template":"","format":"standard","meta":[],"categories":[18],"tags":[],"_links":{"self":[{"href":"http:\/\/cordobadirecto.com\/index.php\/wp-json\/wp\/v2\/posts\/43763"}],"collection":[{"href":"http:\/\/cordobadirecto.com\/index.php\/wp-json\/wp\/v2\/posts"}],"about":[{"href":"http:\/\/cordobadirecto.com\/index.php\/wp-json\/wp\/v2\/types\/post"}],"author":[{"embeddable":true,"href":"http:\/\/cordobadirecto.com\/index.php\/wp-json\/wp\/v2\/users\/1"}],"replies":[{"embeddable":true,"href":"http:\/\/cordobadirecto.com\/index.php\/wp-json\/wp\/v2\/comments?post=43763"}],"version-history":[{"count":0,"href":"http:\/\/cordobadirecto.com\/index.php\/wp-json\/wp\/v2\/posts\/43763\/revisions"}],"wp:featuredmedia":[{"embeddable":true,"href":"http:\/\/cordobadirecto.com\/index.php\/wp-json\/wp\/v2\/media\/43764"}],"wp:attachment":[{"href":"http:\/\/cordobadirecto.com\/index.php\/wp-json\/wp\/v2\/media?parent=43763"}],"wp:term":[{"taxonomy":"category","embeddable":true,"href":"http:\/\/cordobadirecto.com\/index.php\/wp-json\/wp\/v2\/categories?post=43763"},{"taxonomy":"post_tag","embeddable":true,"href":"http:\/\/cordobadirecto.com\/index.php\/wp-json\/wp\/v2\/tags?post=43763"}],"curies":[{"name":"wp","href":"https:\/\/api.w.org\/{rel}","templated":true}]}}