{"id":43765,"date":"2022-02-10T15:15:00","date_gmt":"2022-02-10T15:15:00","guid":{"rendered":"http:\/\/cordobadirecto.com\/index.php\/2022\/02\/10\/prohiben-marcha-de-antivacunas-en-paris-inspirada-en-protestas-en-canada\/"},"modified":"2022-02-10T15:15:00","modified_gmt":"2022-02-10T15:15:00","slug":"prohiben-marcha-de-antivacunas-en-paris-inspirada-en-protestas-en-canada","status":"publish","type":"post","link":"http:\/\/cordobadirecto.com\/index.php\/2022\/02\/10\/prohiben-marcha-de-antivacunas-en-paris-inspirada-en-protestas-en-canada\/","title":{"rendered":"Proh\u00edben marcha de antivacunas en Par\u00eds inspirada en protestas en Canad\u00e1"},"content":{"rendered":"<figure class=\"mb-3\"><img loading=\"lazy\" src=\"http:\/\/cordobadirecto.com\/wp-content\/uploads\/2022\/02\/prohiben-marcha-de-antivacunas-en-paris-inspirada-en-protestas-en-canada.jpg\" width=\"100%\" height=\"100%\" alt=\"El movimiento que parti a Pars fue bautizado caravanas de la libertad Foto AFP\"><figcaption> El movimiento que parti\u00f3 a Par\u00eds fue bautizado &#8220;caravanas de la libertad&#8221;. (Foto AFP). <\/figcaption><\/figure>\n<p>La Polic\u00eda de Par\u00eds prohibi\u00f3 este jueves manifestaciones inspiradas en un movimiento iniciado en Canad\u00e1 para protestar contra las medidas anticovid y que preve\u00edan &#8220;bloquear&#8221; la capital de Francia desde el viernes, y lo mismo hicieron horas despu\u00e9s autoridades de Bruselas, la capital de B\u00e9lgica.<\/p>\n<p><strong>&#8220;Se pondr\u00e1 en marcha un dispositivo espec\u00edfico (&#8230;) para impedir el bloqueo de las calles, para multar y para detener a quienes infrinjan esta prohibici\u00f3n&#8221;, dijo la polic\u00eda de Par\u00eds en un comunicado.<\/strong><\/p>\n<p>Miles de opositores al pasaporte de vacunaci\u00f3n, que permite el acceso a bares y lugares de ocio en Francia, anunciaron en las redes sociales su intenci\u00f3n de desplazarse a Par\u00eds.<\/p>\n<p>Varias caravanas partieron el mi\u00e9rcoles de ciudades del sur de Francia, como Niza, Bayona y Perpi\u00f1\u00e1n.<\/p>\n<p><strong>Su objetivo es llegar a Par\u00eds el viernes por la noche y extender luego las protestas a Bruselas el pr\u00f3ximo lunes como parte de una acci\u00f3n &#8220;europea&#8221; contra las restricciones por el coronavirus.<\/strong><\/p>\n<blockquote class><p>Miles de opositores al pasaporte de vacunaci\u00f3n, que permite el acceso a bares y lugares de ocio en Francia, anunciaron en las redes sociales su intenci\u00f3n de desplazarse a Par\u00eds<\/p><\/blockquote>\n<p>Sin embargo, la alcald\u00eda Bruselas prohibi\u00f3 tambi\u00e9n este jueves la realizaci\u00f3n de la manifestaci\u00f3n.<\/p>\n<p>&#8220;Se han dispuesto medios para impedir el bloqueo de la regi\u00f3n de Bruselas&#8221;, asegur\u00f3 en Twitter el alcalde, Philippe Close, al tiempo que autoridades locales se\u00f1alaron que no hab\u00eda recibido ning\u00fan pedido de autorizaci\u00f3n a esa marcha.<\/p>\n<p>En una nota conjunta, las autoridades de toda la regi\u00f3n de Bruselas se\u00f1alaron que &#8220;la polic\u00eda federal controlar\u00e1 los veh\u00edculos motorizados en la frontera belga que vienen a manifestarse&#8221;.<\/p>\n<p>Los veh\u00edculos que busquen aproximarse a Bruselas para sumarse a la protesta ser\u00e1n desviados, anunciaron, inform\u00f3 la agencia de noticias AFP.<\/p>\n<p><strong>La manifestaci\u00f3n est\u00e1 inspirada en un movimiento iniciado por camioneros en Canad\u00e1, tambi\u00e9n para protestar contra las restricciones impuestas para controlar la pandemia de coronavirus.<\/strong><\/p>\n<p>En Canad\u00e1, este movimiento, que se extendi\u00f3 tambi\u00e9n a Nueva Zelanda, bloquea desde hace casi dos semanas el centro de la capital, Ottawa.<\/p>\n<p>El primer ministro de Canad\u00e1, Justin Trudeau, arremeti\u00f3 el mi\u00e9rcoles contra las protestas, mientras que la polic\u00eda amenaz\u00f3 con arrestar a camioneros que desde hace tres d\u00edas bloquean un puente que conecta la ciudad canadiense de Windsor con la estadounidense de Detroit.<\/p>\n<p><strong>&#8220;Los bloqueos, las manifestaciones ilegales, son inaceptables y est\u00e1n impactando negativamente en negocios y f\u00e1bricas&#8221;, dijo Trudeau, ante la C\u00e1mara de los Comunes del Parlamento canadiense.<\/strong><\/p>\n<p>&#8220;Tenemos que hacer todo para que se terminen&#8221;, a\u00f1adi\u00f3.<\/p>\n<p>&#8220;No podemos terminar la pandemia con bloqueos (&#8230;) Necesitamos terminarla con ciencia. Necesitamos terminarla con medidas de salud p\u00fablica&#8221;, insisti\u00f3.<\/p>\n<p><strong>La llamada &#8220;Caravana de la libertad&#8221; comenz\u00f3 en enero en el oeste canadiense impulsado por camioneros que rechazan la vacunaci\u00f3n obligatoria o ser examinados para atravesar la frontera con Estados Unidos.<\/strong><\/p>\n<p>Pero luego el movimiento deriv\u00f3 a una protesta m\u00e1s amplia contra todas las medidas sanitarias anticovid.<\/p>\n<p>La portavoz de la Casa Blanca, Jen Psaki, dijo que las autoridades estadounidenses estaban &#8220;en contacto muy estrecho&#8221; con las agencias fronterizas canadienses por el bloqueo del puente y advirti\u00f3 de un &#8220;riesgo para las cadenas de suministro&#8221; y la econom\u00eda de ambos pa\u00edses.<\/p>\n<p><strong>M\u00e1s de 40.000 viajeros, turistas y camioneros que transportan mercanc\u00edas por un valor de 323 millones de d\u00f3lares estadounidenses atraviesan ese puente a diario.<\/strong><\/p>\n<p>Decenas de c\u00e1maras de comercio y asociaciones industriales de Canad\u00e1 y Estados Unidos exigieron que se despeje el puente.<\/p>\n<p>A pesar de las advertencias, la protesta sigue viva y se extendi\u00f3 no solo a Francia, sino tambi\u00e9n a Nueva Zelanda.<\/p>\n<p><strong>Este jueves, en el centro de la capital neozelandesa, Wellington, agentes de polic\u00eda y manifestantes antivacunas protagonizaron enfrentamientos enfrente del Parlamento, que terminaron con una docena de detenidos, informaron autoridades.<\/strong><\/p>\n<p>En la cuna de este movimiento, en el centro de Ottawa, se respiraba anoche un ambiente de desaf\u00edo y celebraci\u00f3n.<\/p>\n<p>&#8220;No nos vamos a ning\u00fan lado&#8221;, asegur\u00f3 a AFP el camionero John Deelstra, sonriendo tras el volante de su veh\u00edculo. <\/p>\n","protected":false},"excerpt":{"rendered":"<p>El movimiento que parti\u00f3 a Par\u00eds fue bautizado &#8220;caravanas de la libertad&#8221;. (Foto AFP). La Polic\u00eda de Par\u00eds prohibi\u00f3 este jueves manifestaciones inspiradas en un movimiento iniciado en Canad\u00e1 para protestar contra las medidas anticovid y que preve\u00edan &#8220;bloquear&#8221; la capital de Francia desde el viernes, y lo mismo hicieron horas despu\u00e9s autoridades de Bruselas, [&hellip;]<\/p>\n","protected":false},"author":1,"featured_media":43766,"comment_status":"closed","ping_status":"closed","sticky":false,"template":"","format":"standard","meta":[],"categories":[24],"tags":[],"_links":{"self":[{"href":"http:\/\/cordobadirecto.com\/index.php\/wp-json\/wp\/v2\/posts\/43765"}],"collection":[{"href":"http:\/\/cordobadirecto.com\/index.php\/wp-json\/wp\/v2\/posts"}],"about":[{"href":"http:\/\/cordobadirecto.com\/index.php\/wp-json\/wp\/v2\/types\/post"}],"author":[{"embeddable":true,"href":"http:\/\/cordobadirecto.com\/index.php\/wp-json\/wp\/v2\/users\/1"}],"replies":[{"embeddable":true,"href":"http:\/\/cordobadirecto.com\/index.php\/wp-json\/wp\/v2\/comments?post=43765"}],"version-history":[{"count":0,"href":"http:\/\/cordobadirecto.com\/index.php\/wp-json\/wp\/v2\/posts\/43765\/revisions"}],"wp:featuredmedia":[{"embeddable":true,"href":"http:\/\/cordobadirecto.com\/index.php\/wp-json\/wp\/v2\/media\/43766"}],"wp:attachment":[{"href":"http:\/\/cordobadirecto.com\/index.php\/wp-json\/wp\/v2\/media?parent=43765"}],"wp:term":[{"taxonomy":"category","embeddable":true,"href":"http:\/\/cordobadirecto.com\/index.php\/wp-json\/wp\/v2\/categories?post=43765"},{"taxonomy":"post_tag","embeddable":true,"href":"http:\/\/cordobadirecto.com\/index.php\/wp-json\/wp\/v2\/tags?post=43765"}],"curies":[{"name":"wp","href":"https:\/\/api.w.org\/{rel}","templated":true}]}}