{"id":4379,"date":"2021-04-08T20:43:23","date_gmt":"2021-04-08T20:43:23","guid":{"rendered":"http:\/\/cordobadirecto.com\/index.php\/2021\/04\/08\/daniel-arroyo-anticipo-que-el-gobierno-reforzara-programas-sociales\/"},"modified":"2021-04-08T20:43:23","modified_gmt":"2021-04-08T20:43:23","slug":"daniel-arroyo-anticipo-que-el-gobierno-reforzara-programas-sociales","status":"publish","type":"post","link":"http:\/\/cordobadirecto.com\/index.php\/2021\/04\/08\/daniel-arroyo-anticipo-que-el-gobierno-reforzara-programas-sociales\/","title":{"rendered":"Daniel Arroyo anticip\u00f3 que el gobierno reforzar\u00e1 programas sociales"},"content":{"rendered":"<div><img src=\"http:\/\/cordobadirecto.com\/wp-content\/uploads\/2021\/04\/daniel-arroyo-anticipo-que-el-gobierno-reforzara-programas-sociales.jpg\" class=\"ff-og-image-inserted\"><\/div>\n<p>El ministro de Desarrollo Social, <a href=\"https:\/\/www.lavoz.com.ar\/personas\/daniel-arroyo\" target=\"_blank\" rel=\"noopener\">Daniel Arroyo<\/a>, anticip\u00f3 este jueves que el gobierno reforzar\u00e1 la asistencia alimentaria y ayuda a los sectores m\u00e1s pobres ante la segunda ola de <a href=\"https:\/\/www.lavoz.com.ar\/temas\/coronavirus\" target=\"_blank\" rel=\"noopener\">coronavirus<\/a> y afirm\u00f3 que &#8220;si la situaci\u00f3n lo amerita habr\u00e1 medidas adicionales&#8221;.<\/p>\n<p>En un di\u00e1logo desde la Casa Rosada con canales televisivos de Santa Fe y Entre R\u00edos, Arroyo detall\u00f3 que en Rosario &#8220;seguimos la situaci\u00f3n de la Tarjeta Alimentar que alcanza a m\u00e1s de 31 mil personas de esa ciudad, b\u00e1sicamente madres con chicos menores de 6 a\u00f1os que tienen la tarjeta que se carga el tercer viernes de cada mes&#8221;.<\/p>\n<blockquote readability=\"10\">\n<p>&#8220;Reforzamos el 50 por ciento del monto de esa tarjeta para acompa\u00f1ar a la buena nutrici\u00f3n que es una forma de generar trabajo&#8221;, dijo a Telefe Rosario y detall\u00f3 que se trata de &#8220;248 millones de pesos que el tercer viernes de cada mes llega a las familias rosarinas, a las madres que van a comprar y mueven la econom\u00eda local&#8221;.<\/p>\n<\/blockquote>\n<p>Tambi\u00e9n se refiri\u00f3 al trabajo al destacar que con las &#8220;m\u00e1s de 14 mil personas que est\u00e1n en el programa Potenciar Trabajo se tomar\u00e1n medidas adicionales a las que estamos haciendo seg\u00fan vayamos viendo c\u00f3mo funciona cada sector productivo&#8221;.<\/p>\n<div class=\"block-ad-node\">\n<div>\n<p> <span>Publicidad<\/span> <\/p>\n<\/div>\n<\/div>\n<p>Luego, en declaraciones al Canal 13 de la ciudad de Santa Fe, precis\u00f3 que en esa provincia &#8220;hay 110 mil madres que cobran la Tarjeta Alimentaria&#8221; y anticip\u00f3 que se va a reforzar la asistencia alimentaria porque &#8220;hay un 42% de pobreza&#8221;.<\/p>\n<p>Arroyo mencion\u00f3 que desde el inicio de la pandemia han encarado &#8220;tres grandes acciones: la asistencia alimentaria, que llega a diez millones de personas; el cuidado del trabajo, con el programa Potenciar Trabajo, que llegaa 850 mil personas que cobran la mitad del salario m\u00ednimo y la urbanizaci\u00f3n de los barrios populares y la construcci\u00f3n de jardines&#8221;.<\/p>\n<p>Por otro lado, indic\u00f3 que &#8220;el IFE y el ATP no est\u00e1n presupuestados este a\u00f1o&#8221;, pero remarc\u00f3 que hay un compromiso del presidente Alberto Fern\u00e1ndez de &#8220;que si la situaci\u00f3n social se complica, si hay restricciones con \u00e1reas productivas, con algunas actividades, vamos a tomar medidas adicionales&#8221;.<\/p>\n<p>Arroyo record\u00f3 que en el presupuesto del a\u00f1o pasado su \u00e1rea arranc\u00f3 con 84 mil millones de pesos y termin\u00f3 ejecutando 240 mil millones de pesos, con lo cual &#8220;se triplic\u00f3 el presupuesto&#8221;.<\/p>\n<blockquote readability=\"11\">\n<p>&#8220;Con el contexto de pandemia, todos los programas mencionados est\u00e1n presupuestados pero vamos a tomar medidas adicionales en la medida que la situaci\u00f3n lo amerite, que tiene que ver con sectores productivos que tengan dificultades o personas que tengan restricciones para hacer changas o actividad econ\u00f3mica&#8221;, a\u00f1adi\u00f3.<\/p>\n<\/blockquote>\n<div class=\"block-ad-node\">\n<div>\n<p> <span>Publicidad<\/span> <\/p>\n<\/div>\n<\/div>\n<p>Remarc\u00f3 la &#8220;fuerte presencia del Estado nacional&#8221; y dijo que &#8220;la indigencia, que es del 10,5%, hubiese sido del 27,9% si no hubi\u00e9semos tenido la Tarjeta Alimentar, el programa Potenciar Trabajo y el IFE&#8221;.<\/p><figcaption class=\"title is-margin-t is-font-small is-font-sans-serif\">Daniel Arroyo. Ministro de Desarrollo Social (La Voz\/Archivo).<\/figcaption><div class=\"block-ad-node\">\n<div>\n<p> <span>Publicidad<\/span> <\/p>\n<\/div>\n<\/div>\n<p>Al destacar que &#8220;el gran tema es el precio de los alimentos&#8221;, sostuvo que la asistencia alimentaria &#8220;antes de la pandemia llegaba a ocho millones de personas, pasamos a tener once millones en el momento m\u00e1s cr\u00edtico, bajamos a diez millones y hace dos meses se sostiene&#8221; en esa cifra.<\/p>\n<p>Al hablar con el canal 9 Litoral de Entre R\u00edos, el ministro resalt\u00f3 que m\u00e1s de 46.000 familias de esa provincia reciben asistencia a trav\u00e9s de la Tarjeta Alimentar y unas 15.000 personas son beneficiarios del programa nacional &#8220;Potenciar Trabajo&#8221;.<\/p>\n<p>Y, advirti\u00f3 que la &#8220;segunda ola (de coronavirus) gener\u00f3 rebrotes significativos en otros pa\u00edses de Am\u00e9rica Latina&#8221;, por lo que pidi\u00f3 &#8220;reforzar los cuidados en las pr\u00f3ximas tres semanas, con las reuniones sociales, pero sostener la actividad productiva y econ\u00f3mica y las clases presenciales&#8221;.<\/p>\n<p class=\"SubTitulo\"><strong>Ayuda en 2020<\/strong><\/p>\n<p>Arroyo record\u00f3 que durante 2020 el Ingreso Familiar de Emergencia (IFE) mostr\u00f3 &#8220;el nivel de informalidad de Argentina, donde casi 9 millones de familias recibieron, en un pa\u00eds que tiene entre 15 o 16 millones de familias&#8221;.<\/p>\n<p>&#8220;La situaci\u00f3n m\u00e1s cr\u00edtica est\u00e1 entre los j\u00f3venes y principalmente en las j\u00f3venes&#8221;, puntualiz\u00f3 Arroyo y sostuvo que por ello se puso en marcha un programa de j\u00f3venes de 18 y 29 a\u00f1os para que &#8220;presenten proyectos, que son financiados, y tienen una beca de $8.500 hasta 12 meses&#8221;.<\/p>\n<div class=\"ctaNewsNotaContainer\" readability=\"6.5\">\n<div class=\"newsletterTextContainer\" readability=\"33\">\n<p> S\u00cdNTESIS POL\u00cdTICA<\/p>\n<p> Informaci\u00f3n exclusiva y el mejor an\u00e1lisis, los lunes en tu correo.<\/p>\n<form method=\"post\" action-xhr=\"https:\/\/www.lavoz.com.ar\/newsletters\/sintesis-politica\/signup\" id=\"newsletter-signup\" class=\"newsletterForm\" target=\"_blank\" custom-validation-reporting=\"as-you-go\" on=\"submit:AMP.setState({formLoading:true});submit-success:AMP.setState({formSuccess:true})\">\n<div submit-success class=\"is-paddingless-l\" readability=\"6\"> <template type=\"amp-mustache\" readability=\"2\"><\/p>\n<p> <strong>\u00a1Gracias por suscribirte!<\/strong><\/p>\n<p> <\/template><\/div>\n<div submit-error class=\"is-paddingless-l\" readability=\"6.5\"> <template type=\"amp-mustache\" readability=\"3\"><\/p>\n<p> <strong>Ha ocurrido un error, por favor intente nuevamente m\u00e1s tarde.<\/strong><\/p>\n<p> <\/template><\/div>\n<\/form>\n<\/div>\n<\/div>\n<div>\n<p> <span>Publicidad<\/span> <\/p>\n<\/div>\n","protected":false},"excerpt":{"rendered":"<p>El ministro de Desarrollo Social, Daniel Arroyo, anticip\u00f3 este jueves que el gobierno reforzar\u00e1 la asistencia alimentaria y ayuda a los sectores m\u00e1s pobres ante la segunda ola de coronavirus y afirm\u00f3 que &#8220;si la situaci\u00f3n lo amerita habr\u00e1 medidas adicionales&#8221;. En un di\u00e1logo desde la Casa Rosada con canales televisivos de Santa Fe y [&hellip;]<\/p>\n","protected":false},"author":1,"featured_media":4380,"comment_status":"closed","ping_status":"closed","sticky":false,"template":"","format":"standard","meta":[],"categories":[23],"tags":[],"_links":{"self":[{"href":"http:\/\/cordobadirecto.com\/index.php\/wp-json\/wp\/v2\/posts\/4379"}],"collection":[{"href":"http:\/\/cordobadirecto.com\/index.php\/wp-json\/wp\/v2\/posts"}],"about":[{"href":"http:\/\/cordobadirecto.com\/index.php\/wp-json\/wp\/v2\/types\/post"}],"author":[{"embeddable":true,"href":"http:\/\/cordobadirecto.com\/index.php\/wp-json\/wp\/v2\/users\/1"}],"replies":[{"embeddable":true,"href":"http:\/\/cordobadirecto.com\/index.php\/wp-json\/wp\/v2\/comments?post=4379"}],"version-history":[{"count":0,"href":"http:\/\/cordobadirecto.com\/index.php\/wp-json\/wp\/v2\/posts\/4379\/revisions"}],"wp:featuredmedia":[{"embeddable":true,"href":"http:\/\/cordobadirecto.com\/index.php\/wp-json\/wp\/v2\/media\/4380"}],"wp:attachment":[{"href":"http:\/\/cordobadirecto.com\/index.php\/wp-json\/wp\/v2\/media?parent=4379"}],"wp:term":[{"taxonomy":"category","embeddable":true,"href":"http:\/\/cordobadirecto.com\/index.php\/wp-json\/wp\/v2\/categories?post=4379"},{"taxonomy":"post_tag","embeddable":true,"href":"http:\/\/cordobadirecto.com\/index.php\/wp-json\/wp\/v2\/tags?post=4379"}],"curies":[{"name":"wp","href":"https:\/\/api.w.org\/{rel}","templated":true}]}}