{"id":43796,"date":"2022-02-10T13:26:01","date_gmt":"2022-02-10T13:26:01","guid":{"rendered":"https:\/\/www.bbc.com\/mundo\/noticias-america-latina-60328212"},"modified":"2022-02-10T13:26:01","modified_gmt":"2022-02-10T13:26:01","slug":"pedro-francke-exministro-de-economia-de-peru-en-el-gobierno-de-castillo-hay-una-falta-de-rumbo-estrategico","status":"publish","type":"post","link":"http:\/\/cordobadirecto.com\/index.php\/2022\/02\/10\/pedro-francke-exministro-de-economia-de-peru-en-el-gobierno-de-castillo-hay-una-falta-de-rumbo-estrategico\/","title":{"rendered":"Pedro Francke, exministro de Econom\u00eda de Per\u00fa: &#8220;En el gobierno de Castillo hay una falta de rumbo estrat\u00e9gico&#8221;"},"content":{"rendered":"<div dir=\"ltr\" class=\"e1j2237y5 bbc-q4ibpr e57qer20\">\n<div class=\"bbc-1atl7vu e1c9i7u14\">\n<ul role=\"list\" class=\"bbc-k0l9bd e1c9i7u12\">\n<li role=\"listitem\" class=\"bbc-1a3w4ok e1c9i7u11\">Guillermo D. Olmo<\/li>\n<li role=\"listitem\" class=\"bbc-1p92jtu e1c9i7u10\">Corresponsal de BBC News Mundo en Per\u00fa<\/li>\n<\/ul>\n<\/div>\n<\/div>\n<p><time datetime=\"2022-02-10\" class=\"bbc-14xtggo e4zesg50\">2 horas<\/time><\/p>\n<div dir=\"ltr\" class=\"bbc-1ka88fa e57qer20\">\n<figure class=\"bbc-1qdcvv9 e6bmn90\">\n<div dir=\"ltr\" class=\"bbc-172p16q e57qer20\">\n<div dir=\"ltr\" class=\"bbc-189y18v e57qer20\" readability=\"6.5\">\n<div data-e2e=\"image-placeholder\" class=\"bbc-997y1y e1whu0\" readability=\"8\"><picture class=\"bbc-yfiktt e1enwo3v1\"><source srcset=\"https:\/\/ichef.bbci.co.uk\/news\/240\/cpsprodpb\/DEDA\/production\/_123205075_ernesto-benavides-getty.jpg.webp 240w, https:\/\/ichef.bbci.co.uk\/news\/320\/cpsprodpb\/DEDA\/production\/_123205075_ernesto-benavides-getty.jpg.webp 320w, https:\/\/ichef.bbci.co.uk\/news\/480\/cpsprodpb\/DEDA\/production\/_123205075_ernesto-benavides-getty.jpg.webp 480w, https:\/\/ichef.bbci.co.uk\/news\/624\/cpsprodpb\/DEDA\/production\/_123205075_ernesto-benavides-getty.jpg.webp 624w, https:\/\/ichef.bbci.co.uk\/news\/800\/cpsprodpb\/DEDA\/production\/_123205075_ernesto-benavides-getty.jpg.webp 800w\" type=\"image\/webp\"><source srcset=\"https:\/\/ichef.bbci.co.uk\/news\/240\/cpsprodpb\/DEDA\/production\/_123205075_ernesto-benavides-getty.jpg 240w, https:\/\/ichef.bbci.co.uk\/news\/320\/cpsprodpb\/DEDA\/production\/_123205075_ernesto-benavides-getty.jpg 320w, https:\/\/ichef.bbci.co.uk\/news\/480\/cpsprodpb\/DEDA\/production\/_123205075_ernesto-benavides-getty.jpg 480w, https:\/\/ichef.bbci.co.uk\/news\/624\/cpsprodpb\/DEDA\/production\/_123205075_ernesto-benavides-getty.jpg 624w, https:\/\/ichef.bbci.co.uk\/news\/800\/cpsprodpb\/DEDA\/production\/_123205075_ernesto-benavides-getty.jpg 800w\" type=\"image\/jpeg\"><img loading=\"lazy\" src=\"http:\/\/cordobadirecto.com\/wp-content\/uploads\/2022\/02\/pedro-francke-exministro-de-economia-de-peru-en-el-gobierno-de-castillo-hay-una-falta-de-rumbo-estrategico.jpg\" alt=\"Pedro Francke\" sizes=\"(min-width: 1008px) 645px, 100vw\" width=\"976\" height=\"549\" class=\"eehpdyc0 bbc-rb7xa0 e1enwo3v0\"><\/picture>\n<p role=\"text\" class=\"bbc-1s1cxbv etq3yw90\"><span class=\"bbc-1gnhmg2 e1yt7oin0\">Fuente de la imagen, <\/span><span lang=\"en-GB\">Ernesto Benavides \/ Getty<\/span><\/p>\n<\/div>\n<\/div>\n<\/div>\n<\/figure>\n<\/div>\n<div dir=\"ltr\" class=\"bbc-19j92fr e57qer20\" readability=\"13\">\n<p dir=\"ltr\" class=\"bbc-bm53ic e1cc2ql70\"><b>El pasado julio el presidente de Per\u00fa, Pedro Castillo, le nombr\u00f3 ministro de Econom\u00eda en lo que se interpret\u00f3 como una apuesta por la moderaci\u00f3n y la racionalidad en la gesti\u00f3n econ\u00f3mica, y un intento del mandatario de calmar a los inversores que eran esc\u00e9pticos con algunas de sus propuestas de campa\u00f1a.<\/b><\/p>\n<\/div>\n<div dir=\"ltr\" class=\"bbc-19j92fr e57qer20\" readability=\"9\">\n<p dir=\"ltr\" class=\"bbc-bm53ic e1cc2ql70\">En ese tiempo, Pedro Francke sostuvo el tim\u00f3n de una econom\u00eda golpeada por la pandemia y trat\u00f3 de impulsar las reformas que cree que necesita el pa\u00eds. <\/p>\n<\/div>\n<div dir=\"ltr\" class=\"bbc-19j92fr e57qer20\" readability=\"13\">\n<p dir=\"ltr\" class=\"bbc-bm53ic e1cc2ql70\">Ahora, <b>reci\u00e9n apartado del cargo<\/b> por la \u00faltima remodelaci\u00f3n del gabinete de Castillo, que este martes nombr\u00f3 al cuarto en sus poco m\u00e1s de seis meses de presidente y trata de sortear una nueva tormenta pol\u00edtica, Francke repasa en su casa de Lima con BBC Mundo su paso por un ministerio clave y describe a un l\u00edder al que no pudo acceder tanto como le hubiera gustado. <\/p>\n<\/div>\n<div dir=\"ltr\" class=\"bbc-19j92fr e57qer20\" readability=\"10\">\n<p dir=\"ltr\" class=\"bbc-bm53ic e1cc2ql70\">Francke ha sido uno de los perjudicados por la pen\u00faltima crisis institucional peruana, que se llev\u00f3 por delante el gabinete encabezado por Mirtha V\u00e1squez, del que formaba parte. <\/p>\n<\/div>\n<div dir=\"ltr\" class=\"bbc-19j92fr e57qer20\" readability=\"11\">\n<p dir=\"ltr\" class=\"bbc-bm53ic e1cc2ql70\">En un pa\u00eds cuya pol\u00edtica vive en la crispaci\u00f3n permanente,<b> despliega su visi\u00f3n con el tono cordial y did\u00e1ctico<\/b> de sus a\u00f1os de docente en la universidad, adonde regresar\u00e1 ahora que Castillo ya no cuenta con \u00e9l. <\/p>\n<\/div>\n<div dir=\"ltr\" class=\"bbc-1ka88fa e57qer20\">\n<figure class=\"bbc-1qdcvv9 e6bmn90\">\n<div dir=\"ltr\" class=\"bbc-172p16q e57qer20\">\n<div dir=\"ltr\" class=\"bbc-189y18v e57qer20\">\n<div data-e2e=\"image-placeholder\" class=\"bbc-997y1y e1whu0\"><noscript><picture class=\"bbc-yfiktt e1enwo3v1\"><source srcset=\"http:\/\/cordobadirecto.com\/wp-content\/uploads\/2022\/02\/pedro-francke-exministro-de-economia-de-peru-en-el-gobierno-de-castillo-hay-una-falta-de-rumbo-estrategico.webp 240w, http:\/\/cordobadirecto.com\/wp-content\/uploads\/2022\/02\/pedro-francke-exministro-de-economia-de-peru-en-el-gobierno-de-castillo-hay-una-falta-de-rumbo-estrategico-1.webp 320w, http:\/\/cordobadirecto.com\/wp-content\/uploads\/2022\/02\/pedro-francke-exministro-de-economia-de-peru-en-el-gobierno-de-castillo-hay-una-falta-de-rumbo-estrategico-2.webp 464w\" type=\"image\/webp\"><source srcset=\"https:\/\/ichef.bbci.co.uk\/news\/240\/cpsprodpb\/70EF\/production\/_123211982_line976.jpg 240w, https:\/\/ichef.bbci.co.uk\/news\/320\/cpsprodpb\/70EF\/production\/_123211982_line976.jpg 320w, https:\/\/ichef.bbci.co.uk\/news\/464\/cpsprodpb\/70EF\/production\/_123211982_line976.jpg 464w\" type=\"image\/jpeg\"><img loading=\"lazy\" src=\"http:\/\/cordobadirecto.com\/wp-content\/uploads\/2022\/02\/pedro-francke-exministro-de-economia-de-peru-en-el-gobierno-de-castillo-hay-una-falta-de-rumbo-estrategico-1.jpg\" alt=\"L\u00ednea\" sizes=\"(min-width: 1008px) 645px, 100vw\" width=\"464\" height=\"2\" class=\"eehpdyc0 bbc-rb7xa0 e1enwo3v0\"><\/picture><\/noscript><\/div>\n<\/div>\n<\/div>\n<\/figure>\n<\/div>\n<div dir=\"ltr\" class=\"bbc-19j92fr e57qer20\" readability=\"7\">\n<p dir=\"ltr\" class=\"bbc-bm53ic e1cc2ql70\"><b>\u00bfQu\u00e9 opina del nuevo gabinete nombrado por Pedro Castillo?<\/b><\/p>\n<\/div>\n<div dir=\"ltr\" class=\"bbc-19j92fr e57qer20\" readability=\"8\">\n<p dir=\"ltr\" class=\"bbc-bm53ic e1cc2ql70\">Vamos a verlo. Tiene sus lados oscuros, pero prefiero no opinar mucho sobre eso. <\/p>\n<\/div>\n<div dir=\"ltr\" class=\"bbc-19j92fr e57qer20\">\n<p dir=\"ltr\" class=\"bbc-bm53ic e1cc2ql70\"><b>\u00bfPor qu\u00e9 no?<\/b><\/p>\n<\/div>\n<div dir=\"ltr\" class=\"bbc-19j92fr e57qer20\" readability=\"8\">\n<p dir=\"ltr\" class=\"bbc-bm53ic e1cc2ql70\">Cuando uno ha estado en el gobierno es dif\u00edcil tener la distancia necesaria para tener una cierta objetividad. Siempre la salida le genera a uno emociones.<\/p>\n<\/div>\n<div dir=\"ltr\" class=\"bbc-19j92fr e57qer20\" readability=\"7\">\n<p dir=\"ltr\" class=\"bbc-bm53ic e1cc2ql70\"><b>Ya son m\u00e1s de seis meses de presidencia de Pedro Castillo. \u00bfQu\u00e9 errores cree que ha cometido?<\/b><\/p>\n<\/div>\n<div dir=\"ltr\" class=\"bbc-19j92fr e57qer20\" readability=\"8\">\n<p dir=\"ltr\" class=\"bbc-bm53ic e1cc2ql70\">Ha tenido muchas dificultades en tener un gabinete s\u00f3lido al que le d\u00e9 mucha confianza y al que apoye con firmeza.<\/p>\n<\/div>\n<div dir=\"ltr\" class=\"bbc-19j92fr e57qer20\" readability=\"7\">\n<p dir=\"ltr\" class=\"bbc-bm53ic e1cc2ql70\"><b>\u00bfCree que no confiaba en su equipo?<\/b><\/p>\n<\/div>\n<div dir=\"ltr\" class=\"bbc-19j92fr e57qer20\" readability=\"8\">\n<p dir=\"ltr\" class=\"bbc-bm53ic e1cc2ql70\">Esa es la impresi\u00f3n que da cuando uno ve tantos cambios tan seguidos. F\u00edjese en cu\u00e1ntos ministros y gabinetes han pasado. Da la impresi\u00f3n de que ha costado un poquito afirmarse en un rumbo. <\/p>\n<\/div>\n<div dir=\"ltr\" class=\"bbc-19j92fr e57qer20\" readability=\"10\">\n<p dir=\"ltr\" class=\"bbc-bm53ic e1cc2ql70\"><b>\u00bfY usted, que ten\u00eda una responsabilidad tan importante como la de dirigir la econom\u00eda del pa\u00eds, se sent\u00eda apoyado por el presidente?<\/b><\/p>\n<\/div>\n<div dir=\"ltr\" class=\"bbc-19j92fr e57qer20\" readability=\"9\">\n<p dir=\"ltr\" class=\"bbc-bm53ic e1cc2ql70\">S\u00ed. No recuerdo una situaci\u00f3n en la cual haya propuesto una medida y me hayan dicho que no. Tal vez hay cuestiones como la reforma tributaria que presentamos al Congreso para la que me hubiera gustado un respaldo m\u00e1s intenso del presidente.<\/p>\n<\/div>\n<div dir=\"ltr\" class=\"bbc-19j92fr e57qer20\" readability=\"7\">\n<p dir=\"ltr\" class=\"bbc-bm53ic e1cc2ql70\">Pero en general no puedo decir de que se hayan rechazado mis propuestas. <\/p>\n<\/div>\n<div dir=\"ltr\" class=\"bbc-19j92fr e57qer20\" readability=\"7\">\n<p dir=\"ltr\" class=\"bbc-bm53ic e1cc2ql70\"><b>\u00bfY c\u00f3mo era su relaci\u00f3n con el? \u00bfC\u00f3mo es trabajar con Pedro Castillo?<\/b><\/p>\n<\/div>\n<div dir=\"ltr\" class=\"bbc-19j92fr e57qer20\" readability=\"9\">\n<p dir=\"ltr\" class=\"bbc-bm53ic e1cc2ql70\">Es una persona que tiene mucha empat\u00eda, muy simp\u00e1tico y bromista. Al comienzo me cost\u00f3 un poquito porque de repente te soltaba una broma y uno se quedaba sorprendido.<\/p>\n<\/div>\n<div dir=\"ltr\" class=\"bbc-19j92fr e57qer20\" readability=\"12\">\n<p dir=\"ltr\" class=\"bbc-bm53ic e1cc2ql70\">Por un lado entona alguna confianza, pero por lo menos en el tema econ\u00f3mico tiene una cierta dificultad en conocer los temas m\u00e1s a fondo, en poder tener una discusi\u00f3n m\u00e1s profunda sobre los temas econ\u00f3micos Tiene un cierto d\u00e9ficit, por decirlo econ\u00f3micamente.<\/p>\n<\/div>\n<div class=\"bbc-sffzb7 e8v25yx0\">\n<div dir=\"ltr\" class=\"bbc-1ka88fa e57qer20\">\n<figure class=\"bbc-1qdcvv9 e6bmn90\">\n<div dir=\"ltr\" class=\"bbc-172p16q e57qer20\">\n<div dir=\"ltr\" class=\"bbc-189y18v e57qer20\" readability=\"6.5\">\n<div data-e2e=\"image-placeholder\" class=\"bbc-997y1y e1whu0\" readability=\"8\"><noscript><picture class=\"bbc-yfiktt e1enwo3v1\"><source srcset=\"http:\/\/cordobadirecto.com\/wp-content\/uploads\/2022\/02\/pedro-francke-exministro-de-economia-de-peru-en-el-gobierno-de-castillo-hay-una-falta-de-rumbo-estrategico-3.webp 240w, http:\/\/cordobadirecto.com\/wp-content\/uploads\/2022\/02\/pedro-francke-exministro-de-economia-de-peru-en-el-gobierno-de-castillo-hay-una-falta-de-rumbo-estrategico-4.webp 320w, http:\/\/cordobadirecto.com\/wp-content\/uploads\/2022\/02\/pedro-francke-exministro-de-economia-de-peru-en-el-gobierno-de-castillo-hay-una-falta-de-rumbo-estrategico-5.webp 480w, http:\/\/cordobadirecto.com\/wp-content\/uploads\/2022\/02\/pedro-francke-exministro-de-economia-de-peru-en-el-gobierno-de-castillo-hay-una-falta-de-rumbo-estrategico-6.webp 624w, http:\/\/cordobadirecto.com\/wp-content\/uploads\/2022\/02\/pedro-francke-exministro-de-economia-de-peru-en-el-gobierno-de-castillo-hay-una-falta-de-rumbo-estrategico-7.webp 800w\" type=\"image\/webp\"><source srcset=\"https:\/\/ichef.bbci.co.uk\/news\/240\/cpsprodpb\/69AA\/production\/_123205072_castillo-leonardo-fernandez.jpg 240w, https:\/\/ichef.bbci.co.uk\/news\/320\/cpsprodpb\/69AA\/production\/_123205072_castillo-leonardo-fernandez.jpg 320w, https:\/\/ichef.bbci.co.uk\/news\/480\/cpsprodpb\/69AA\/production\/_123205072_castillo-leonardo-fernandez.jpg 480w, https:\/\/ichef.bbci.co.uk\/news\/624\/cpsprodpb\/69AA\/production\/_123205072_castillo-leonardo-fernandez.jpg 624w, https:\/\/ichef.bbci.co.uk\/news\/800\/cpsprodpb\/69AA\/production\/_123205072_castillo-leonardo-fernandez.jpg 800w\" type=\"image\/jpeg\"><img loading=\"lazy\" src=\"http:\/\/cordobadirecto.com\/wp-content\/uploads\/2022\/02\/pedro-francke-exministro-de-economia-de-peru-en-el-gobierno-de-castillo-hay-una-falta-de-rumbo-estrategico-2.jpg\" alt=\"Pedro Castillo\" sizes=\"(min-width: 1008px) 645px, 100vw\" width=\"976\" height=\"549\" class=\"eehpdyc0 bbc-rb7xa0 e1enwo3v0\"><\/picture><\/noscript><\/p>\n<p role=\"text\" class=\"bbc-1s1cxbv etq3yw90\"><span class=\"bbc-1gnhmg2 e1yt7oin0\">Fuente de la imagen, <\/span><span lang=\"en-GB\">Leonardo Fernandez \/ Getty<\/span><\/p>\n<\/div>\n<\/div>\n<\/div>\n<\/figure>\n<\/div>\n<\/div>\n<div dir=\"ltr\" class=\"bbc-19j92fr e57qer20\" readability=\"7\">\n<p dir=\"ltr\" class=\"bbc-bm53ic e1cc2ql70\"><b>\u00bfA qu\u00e9 atribuye usted eso?<\/b><\/p>\n<\/div>\n<div dir=\"ltr\" class=\"bbc-19j92fr e57qer20\" readability=\"14\">\n<p dir=\"ltr\" class=\"bbc-bm53ic e1cc2ql70\">Bueno, es lo que uno puede esperar en un maestro rural que ha vivido en un peque\u00f1o pueblo. La econom\u00eda tiene sus sus arcanos, sus t\u00e9rminos dif\u00edciles, su discusi\u00f3n que a veces tiene lados te\u00f3ricos que no son tan f\u00e1ciles para todo el mundo y requieren un cierto entrenamiento, una cierta atenci\u00f3n.<\/p>\n<\/div>\n<div dir=\"ltr\" class=\"bbc-19j92fr e57qer20\" readability=\"7\">\n<p dir=\"ltr\" class=\"bbc-bm53ic e1cc2ql70\"><b>\u00bfNo puso el presidente esa atenci\u00f3n? \u00bfNo se esforz\u00f3 en comprender eso? <\/b><\/p>\n<\/div>\n<div dir=\"ltr\" class=\"bbc-19j92fr e57qer20\" readability=\"8\">\n<p dir=\"ltr\" class=\"bbc-bm53ic e1cc2ql70\">Es entendible que en su historia de maestro de un pueblo tenga ciertas dificultades en algunos temas complejos sobre los que ni los economistas nos ponemos de acuerdo. <\/p>\n<\/div>\n<div dir=\"ltr\" class=\"bbc-19j92fr e57qer20\" readability=\"8\">\n<p dir=\"ltr\" class=\"bbc-bm53ic e1cc2ql70\"><b>\u00bfY por qu\u00e9 cambia tanto de opini\u00f3n? Llevamos cuatro gobiernos en los poco m\u00e1s de seis meses que lleva de presidente.<\/b><\/p>\n<\/div>\n<div dir=\"ltr\" class=\"bbc-19j92fr e57qer20\" readability=\"15\">\n<p dir=\"ltr\" class=\"bbc-bm53ic e1cc2ql70\">Por un lado, la situaci\u00f3n pol\u00edtica es dif\u00edcil. La necesidad de hacer una pol\u00edtica comprensiva que logre recoger las propuestas de cambio que hizo en campa\u00f1a, con un Congreso que es desfavorable y bastante fragmentado, con una opini\u00f3n p\u00fablica vol\u00e1til, donde los medios de comunicaci\u00f3n no le son favorables, con un contexto econ\u00f3mico dif\u00edcil\u2026 no creo que nadie lo tuviera f\u00e1cil as\u00ed.<\/p>\n<\/div>\n<div dir=\"ltr\" class=\"bbc-19j92fr e57qer20\" readability=\"11\">\n<p dir=\"ltr\" class=\"bbc-bm53ic e1cc2ql70\">Y, nuevamente, creo que su origen de maestro rural tambi\u00e9n hace que tenga esta dificultad adicional para entender las distintas personalidades, visiones y temas que hay en el gobierno.<\/p>\n<\/div>\n<div dir=\"ltr\" class=\"bbc-19j92fr e57qer20\" readability=\"8\">\n<p dir=\"ltr\" class=\"bbc-bm53ic e1cc2ql70\"><b>\u00bfPero qu\u00e9 le hace pensar que un maestro rural no puede manejar esos temas? Un maestro rural puede ser un sabio. \u00bfPor qu\u00e9 no?<\/b><\/p>\n<\/div>\n<div dir=\"ltr\" class=\"bbc-19j92fr e57qer20\" readability=\"12\">\n<p dir=\"ltr\" class=\"bbc-bm53ic e1cc2ql70\">No es que no pueda, pero sin duda es, digamos\u2026. Estamos hablando de una zona rural en el Per\u00fa bastante alejada de una conexi\u00f3n a Internet, en la que las discusiones sobre pol\u00edtica econ\u00f3mica no son tan frecuentes.<\/p>\n<\/div>\n<div dir=\"ltr\" class=\"bbc-19j92fr e57qer20\" readability=\"17\">\n<p dir=\"ltr\" class=\"bbc-bm53ic e1cc2ql70\">Yo como profesor universitario en Lima puedo interactuar todos los d\u00edas con otros economistas, con polit\u00f3logos, soci\u00f3logos, con un mont\u00f3n de gente que est\u00e1 permanentemente discutiendo qu\u00e9 pasa en el Per\u00fa, y con las que uno est\u00e1 permanentemente pensando, discutiendo, contrastando, form\u00e1ndose ideas. Es m\u00e1s dif\u00edcil hacer eso en Pu\u00f1a (el pueblo de Castillo).<\/p>\n<\/div>\n<div dir=\"ltr\" class=\"bbc-19j92fr e57qer20\" readability=\"7\">\n<p dir=\"ltr\" class=\"bbc-bm53ic e1cc2ql70\"><b>\u00bfCree entonces que al presidente le lastra venir de donde viene?<\/b><\/p>\n<\/div>\n<div dir=\"ltr\" class=\"bbc-19j92fr e57qer20\" readability=\"10\">\n<p dir=\"ltr\" class=\"bbc-bm53ic e1cc2ql70\">Creo que eso tambi\u00e9n es su su fortaleza. Hay esta contradicci\u00f3n que es el gran problema del Per\u00fa, esa gran desigualdad y esa gran necesidad que tienen pueblos como Pu\u00f1a de ser representados en la pol\u00edtica nacional.<\/p>\n<\/div>\n<div dir=\"ltr\" class=\"bbc-19j92fr e57qer20\" readability=\"11\">\n<p dir=\"ltr\" class=\"bbc-bm53ic e1cc2ql70\">Yo puedo ser un profesor universitario, pero no tengo los conocimientos y las habilidades menos intelectuales, pero m\u00e1s emocionales e intuitivas de una vida en estos pueblos en los que no tienen agua potable ni internet.<\/p>\n<\/div>\n<div dir=\"ltr\" class=\"bbc-19j92fr e57qer20\" readability=\"11\">\n<p dir=\"ltr\" class=\"bbc-bm53ic e1cc2ql70\">Ya no le digo en el pueblo en el que vive Pedro Castillo, sino en la capital del distrito, que le queda a dos horas de su casa, no hay siquiera un cajero autom\u00e1tico. <\/p>\n<\/div>\n<div dir=\"ltr\" class=\"bbc-1ka88fa e57qer20\">\n<figure class=\"bbc-1qdcvv9 e6bmn90\">\n<div dir=\"ltr\" class=\"bbc-172p16q e57qer20\">\n<div dir=\"ltr\" class=\"bbc-189y18v e57qer20\" readability=\"6.5\">\n<div data-e2e=\"image-placeholder\" class=\"bbc-997y1y e1whu0\" readability=\"8\"><noscript><picture class=\"bbc-yfiktt e1enwo3v1\"><source srcset=\"http:\/\/cordobadirecto.com\/wp-content\/uploads\/2022\/02\/pedro-francke-exministro-de-economia-de-peru-en-el-gobierno-de-castillo-hay-una-falta-de-rumbo-estrategico-8.webp 240w, http:\/\/cordobadirecto.com\/wp-content\/uploads\/2022\/02\/pedro-francke-exministro-de-economia-de-peru-en-el-gobierno-de-castillo-hay-una-falta-de-rumbo-estrategico-9.webp 320w, http:\/\/cordobadirecto.com\/wp-content\/uploads\/2022\/02\/pedro-francke-exministro-de-economia-de-peru-en-el-gobierno-de-castillo-hay-una-falta-de-rumbo-estrategico-10.webp 480w, http:\/\/cordobadirecto.com\/wp-content\/uploads\/2022\/02\/pedro-francke-exministro-de-economia-de-peru-en-el-gobierno-de-castillo-hay-una-falta-de-rumbo-estrategico-11.webp 624w, http:\/\/cordobadirecto.com\/wp-content\/uploads\/2022\/02\/pedro-francke-exministro-de-economia-de-peru-en-el-gobierno-de-castillo-hay-una-falta-de-rumbo-estrategico-12.webp 800w\" type=\"image\/webp\"><source srcset=\"https:\/\/ichef.bbci.co.uk\/news\/240\/cpsprodpb\/8096\/production\/_118881923_cartel-tacabamba.png 240w, https:\/\/ichef.bbci.co.uk\/news\/320\/cpsprodpb\/8096\/production\/_118881923_cartel-tacabamba.png 320w, https:\/\/ichef.bbci.co.uk\/news\/480\/cpsprodpb\/8096\/production\/_118881923_cartel-tacabamba.png 480w, https:\/\/ichef.bbci.co.uk\/news\/624\/cpsprodpb\/8096\/production\/_118881923_cartel-tacabamba.png 624w, https:\/\/ichef.bbci.co.uk\/news\/800\/cpsprodpb\/8096\/production\/_118881923_cartel-tacabamba.png 800w\" type=\"image\/png\"><img loading=\"lazy\" src=\"http:\/\/cordobadirecto.com\/wp-content\/uploads\/2022\/02\/pedro-francke-exministro-de-economia-de-peru-en-el-gobierno-de-castillo-hay-una-falta-de-rumbo-estrategico-3.jpg\" alt=\"Tacabamba.\" sizes=\"(min-width: 1008px) 645px, 100vw\" width=\"976\" height=\"549\" class=\"eehpdyc0 bbc-rb7xa0 e1enwo3v0\"><\/picture><\/noscript><\/p>\n<p role=\"text\" class=\"bbc-1s1cxbv etq3yw90\"><span class=\"bbc-1gnhmg2 e1yt7oin0\">Fuente de la imagen, <\/span><span lang=\"en-GB\">G. D. Olmo<\/span><\/p>\n<\/div>\n<\/div>\n<div dir=\"ltr\" class=\"bbc-3edg7g e57qer20\" readability=\"6\"><figcaption dir=\"ltr\" class=\"bbc-1t9zlwf eede9f50\" readability=\"2\"><span class=\"bbc-1gnhmg2 e1yt7oin0\">Pie de foto, <\/span><\/p>\n<p>Las calles de Tacabamba de donde procede Castillo.<\/p>\n<\/figcaption><\/div>\n<\/div>\n<\/figure>\n<\/div>\n<div dir=\"ltr\" class=\"bbc-19j92fr e57qer20\" readability=\"9\">\n<p dir=\"ltr\" class=\"bbc-bm53ic e1cc2ql70\"><b>La ex primera ministra Mirtha V\u00e1zquez y otros altos funcionarios dimitidos se han quejado de que el presidente escuchaba m\u00e1s a un c\u00edrculo \u00edntimo de asesores que a sus propios ministros y los medios hablan de un &#8220;gabinete en la sombra&#8221;. \u00bfUsted vio a ese &#8220;gabinete en la sombra&#8221;?<\/b><\/p>\n<\/div>\n<div dir=\"ltr\" class=\"bbc-19j92fr e57qer20\" readability=\"8\">\n<p dir=\"ltr\" class=\"bbc-bm53ic e1cc2ql70\">Hay un grupo de asesores del presidente que ha adquirido mucha preeminencia en los \u00faltimos tiempos y que pareciera que son m\u00e1s importantes que el gabinete en su toma de decisiones.<\/p>\n<\/div>\n<div dir=\"ltr\" class=\"bbc-19j92fr e57qer20\" readability=\"11\">\n<p dir=\"ltr\" class=\"bbc-bm53ic e1cc2ql70\">Entonces, grandes hechos pol\u00edticos como las entrevistas que dio la semana pasada, los cambios de gabinetes o el trato con el Congreso parece discutirlos m\u00e1s con sus asesores que con sus ministros. Y eso a m\u00ed no me parece adecuado. <\/p>\n<\/div>\n<div dir=\"ltr\" class=\"bbc-19j92fr e57qer20\" readability=\"9\">\n<p dir=\"ltr\" class=\"bbc-bm53ic e1cc2ql70\"><b>\u00bfTuvo alguna vez alguna vez dificultades para despachar con \u00e9l, como las que dijo Mirhta V\u00e1squez haber tenido?<\/b><\/p>\n<\/div>\n<div dir=\"ltr\" class=\"bbc-19j92fr e57qer20\" readability=\"15\">\n<p dir=\"ltr\" class=\"bbc-bm53ic e1cc2ql70\">Un poco, s\u00ed. En el sentido de estar pidiendo una reuni\u00f3n, insistir, ped\u00edrsela al secretario general, a la secretaria, al jefe de Gabinete, a asesores\u2026 Llegaba a a las tres de la tarde y me encontraba con que el presidente ya no estaba.<\/p>\n<\/div>\n<div dir=\"ltr\" class=\"bbc-19j92fr e57qer20\" readability=\"15\">\n<p dir=\"ltr\" class=\"bbc-bm53ic e1cc2ql70\">A veces esperaba hasta las seis y solo ten\u00eda diez minutos para hablar con \u00e9l. Me dijo &#8220;regrese el viernes. S\u00ed, lo anoto, lo anoto&#8221;. Y yo le preguntaba: &#8220;\u00bfPresidente, est\u00e1 seguro? &#8220;S\u00ed, queda tal hora de tal hora reservada&#8221;, y ese d\u00eda en la ma\u00f1ana me entero de que est\u00e1 de viaje y que la cita pactada no iba a ser.<\/p>\n<\/div>\n<div dir=\"ltr\" class=\"bbc-19j92fr e57qer20\" readability=\"9\">\n<p dir=\"ltr\" class=\"bbc-bm53ic e1cc2ql70\">As\u00ed que s\u00ed, extra\u00f1o haber tenido m\u00e1s momentos para discutir las grandes decisiones econ\u00f3micas con el presidente.<\/p>\n<\/div>\n<div dir=\"ltr\" class=\"bbc-19j92fr e57qer20\">\n<p dir=\"ltr\" class=\"bbc-bm53ic e1cc2ql70\"><b>\u00bfC\u00f3mo le sentaba eso?<\/b><\/p>\n<\/div>\n<div dir=\"ltr\" class=\"bbc-19j92fr e57qer20\" readability=\"9\">\n<p dir=\"ltr\" class=\"bbc-bm53ic e1cc2ql70\">Es inc\u00f3modo. Dificulta la gesti\u00f3n. Uno avanza en lo que puede, pero hay cosas que uno tiene que discutir con el presidente necesariamente.<\/p>\n<\/div>\n<div dir=\"ltr\" class=\"bbc-19j92fr e57qer20\" readability=\"7\">\n<p dir=\"ltr\" class=\"bbc-bm53ic e1cc2ql70\"><b>Usted fue parte de un equipo en el que \u00e9l estaba al frente. \u00bfQu\u00e9 clase de l\u00edder es? <\/b><\/p>\n<\/div>\n<div dir=\"ltr\" class=\"bbc-19j92fr e57qer20\" readability=\"10\">\n<p dir=\"ltr\" class=\"bbc-bm53ic e1cc2ql70\">Tiene algunas ideas pol\u00edticas importantes, como la justicia social, como el apoyo a los maestros. Un punto favorable es que escucha diversas voces.<\/p>\n<\/div>\n<div dir=\"ltr\" class=\"bbc-19j92fr e57qer20\" readability=\"8\">\n<p dir=\"ltr\" class=\"bbc-bm53ic e1cc2ql70\">La situaci\u00f3n es dif\u00edcil y ha costado el tener un rumbo claro. Ha faltado decir claramente &#8220;por ac\u00e1 vamos&#8221;.<\/p>\n<\/div>\n<div dir=\"ltr\" class=\"bbc-19j92fr e57qer20\" readability=\"10\">\n<p dir=\"ltr\" class=\"bbc-bm53ic e1cc2ql70\"><b>Una de las cosas que se han echado falta es algo de autocr\u00edtica despu\u00e9s de que anunciara una recomposici\u00f3n del gabinete que hab\u00eda nombrado solo tres d\u00edas antes por las denuncias de violencia dom\u00e9stica contra el primer ministro que hab\u00eda designado. \u00bfCree que el presidente Castillo es capaz de aprender de sus errores?<\/b><\/p>\n<\/div>\n<div dir=\"ltr\" class=\"bbc-19j92fr e57qer20\" readability=\"7\">\n<p dir=\"ltr\" class=\"bbc-bm53ic e1cc2ql70\">Yo creo que todos somos capaces de aprender de nuestros errores.<\/p>\n<\/div>\n<div dir=\"ltr\" class=\"bbc-19j92fr e57qer20\" readability=\"7\">\n<p dir=\"ltr\" class=\"bbc-bm53ic e1cc2ql70\"><b>Hay quien persevera en el error. <\/b><\/p>\n<\/div>\n<div dir=\"ltr\" class=\"bbc-19j92fr e57qer20\" readability=\"9\">\n<p dir=\"ltr\" class=\"bbc-bm53ic e1cc2ql70\">(R\u00ede) Tambi\u00e9n todos perseveramos en nuestros errores en alguna medida. Yo creo que es una persona capaz de aprender de sus errores. Son bien dif\u00edciles ese tipo de juicios personales. No soy un buen observador de personalidades. <\/p>\n<\/div>\n<div dir=\"ltr\" class=\"bbc-19j92fr e57qer20\" readability=\"7\">\n<p dir=\"ltr\" class=\"bbc-bm53ic e1cc2ql70\"><b>\u00bfHa hablado con \u00e9l despu\u00e9s de salir del gabinete?<\/b><\/p>\n<\/div>\n<div dir=\"ltr\" class=\"bbc-19j92fr e57qer20\" readability=\"7\">\n<p dir=\"ltr\" class=\"bbc-bm53ic e1cc2ql70\"><b>\u00bfNo ha habido ni un correo ni nada?<\/b><\/p>\n<\/div>\n<div dir=\"ltr\" class=\"bbc-19j92fr e57qer20\">\n<p dir=\"ltr\" class=\"bbc-bm53ic e1cc2ql70\"><b>\u00bfUsted lo ha intentado?<\/b><\/p>\n<\/div>\n<div dir=\"ltr\" class=\"bbc-19j92fr e57qer20\" readability=\"9\">\n<p dir=\"ltr\" class=\"bbc-bm53ic e1cc2ql70\">El d\u00eda que present\u00e9 mi renuncia le mand\u00e9 un WhatsApp dici\u00e9ndole que me gustar\u00eda mucho conversar con \u00e9l y presentar mis razones, pero no recib\u00ed respuesta.<\/p>\n<\/div>\n<div dir=\"ltr\" class=\"bbc-19j92fr e57qer20\" readability=\"8\">\n<p dir=\"ltr\" class=\"bbc-bm53ic e1cc2ql70\">Luego nos mand\u00f3 por WhatsApp a todos un mensaje diciendo que iba a cambiar de gabinete y esa ha sido la \u00faltima comunicaci\u00f3n que he tenido. Espero que haya otra. <\/p>\n<\/div>\n<div dir=\"ltr\" class=\"bbc-19j92fr e57qer20\" readability=\"7\">\n<p dir=\"ltr\" class=\"bbc-bm53ic e1cc2ql70\"><b>\u00bfCree que Castillo va a agotar su mandato presidencial?<\/b><\/p>\n<\/div>\n<div dir=\"ltr\" class=\"bbc-19j92fr e57qer20\">\n<p dir=\"ltr\" class=\"bbc-bm53ic e1cc2ql70\">No lo s\u00e9. <\/p>\n<\/div>\n<div dir=\"ltr\" class=\"bbc-19j92fr e57qer20\" readability=\"7\">\n<p dir=\"ltr\" class=\"bbc-bm53ic e1cc2ql70\"><b>\u00bfNo se atreve a hacer un pron\u00f3stico?<\/b><\/p>\n<\/div>\n<div dir=\"ltr\" class=\"bbc-19j92fr e57qer20\" readability=\"13\">\n<p dir=\"ltr\" class=\"bbc-bm53ic e1cc2ql70\">Bueno, en el Congreso ya ha habido intentos de vacancia. Y en el Per\u00fa, lamentablemente, hoy se saca un presidente con 87 votos. A mi juicio no es lo que dice el esp\u00edritu de la Constituci\u00f3n, pero es lo que parece haberse impuesto y el Tribunal Constitucional lamentablemente no lo ha aclarado.<\/p>\n<\/div>\n<div dir=\"ltr\" class=\"bbc-19j92fr e57qer20\" readability=\"7\">\n<p dir=\"ltr\" class=\"bbc-bm53ic e1cc2ql70\">Es obvio que la posibilidad de que salga o lo vaquen est\u00e1 abierta. <\/p>\n<\/div>\n<div dir=\"ltr\" class=\"bbc-19j92fr e57qer20\" readability=\"8\">\n<p dir=\"ltr\" class=\"bbc-bm53ic e1cc2ql70\"><b>Hablemos de econom\u00eda. \u00bfC\u00f3mo le ha ido a la econom\u00eda peruana a estos seis meses de presidencia de Pedro Castillo?<\/b><\/p>\n<\/div>\n<div dir=\"ltr\" class=\"bbc-19j92fr e57qer20\" readability=\"13\">\n<p dir=\"ltr\" class=\"bbc-bm53ic e1cc2ql70\">Incre\u00edblemente bien, m\u00e1s all\u00e1 de lo que todo el mundo esperaba. La econom\u00eda creci\u00f3 un 13% el a\u00f1o pasado, el d\u00e9ficit ha sido particularmente bajo, el riesgo pa\u00eds es muy bajo, el a\u00f1o pasado se batieron r\u00e9cords de inversi\u00f3n p\u00fablica y privada.<\/p>\n<\/div>\n<div dir=\"ltr\" class=\"bbc-19j92fr e57qer20\" readability=\"9\">\n<p dir=\"ltr\" class=\"bbc-bm53ic e1cc2ql70\">Nadie ten\u00eda esas proyecciones en junio o julio. Hay diversas causas para eso, pero los resultados son muy favorables.<\/p>\n<\/div>\n<div dir=\"ltr\" class=\"bbc-19j92fr e57qer20\" readability=\"8\">\n<p dir=\"ltr\" class=\"bbc-bm53ic e1cc2ql70\"><b>Pero el crecimiento del a\u00f1o pasado tiene mucho que ver con la tremenda ca\u00edda que se hab\u00eda producido en el PIB en el primer a\u00f1o de la pandemia. <\/b><\/p>\n<\/div>\n<div dir=\"ltr\" class=\"bbc-19j92fr e57qer20\" readability=\"9\">\n<p dir=\"ltr\" class=\"bbc-bm53ic e1cc2ql70\">S\u00ed, claro. Pero la econom\u00eda europea todav\u00eda no ha recuperado su nivel de producci\u00f3n anterior a la pandemia. El Per\u00fa la recuper\u00f3 en agosto o septiembre.<\/p>\n<\/div>\n<div dir=\"ltr\" class=\"bbc-19j92fr e57qer20\" readability=\"8\">\n<p dir=\"ltr\" class=\"bbc-bm53ic e1cc2ql70\">Es verdad que el aumento del 13% del PIB se explica en parte por el descenso del 11% del a\u00f1o anterior. Al final te queda un +2 que en las condiciones actuales del mundo no est\u00e1 mal. <\/p>\n<\/div>\n<div dir=\"ltr\" class=\"bbc-1ka88fa e57qer20\">\n<figure class=\"bbc-1qdcvv9 e6bmn90\">\n<div dir=\"ltr\" class=\"bbc-172p16q e57qer20\">\n<div dir=\"ltr\" class=\"bbc-189y18v e57qer20\" readability=\"6.5\">\n<div data-e2e=\"image-placeholder\" class=\"bbc-997y1y e1whu0\" readability=\"8\"><noscript><picture class=\"bbc-yfiktt e1enwo3v1\"><source srcset=\"http:\/\/cordobadirecto.com\/wp-content\/uploads\/2022\/02\/pedro-francke-exministro-de-economia-de-peru-en-el-gobierno-de-castillo-hay-una-falta-de-rumbo-estrategico-13.webp 240w, http:\/\/cordobadirecto.com\/wp-content\/uploads\/2022\/02\/pedro-francke-exministro-de-economia-de-peru-en-el-gobierno-de-castillo-hay-una-falta-de-rumbo-estrategico-14.webp 320w, http:\/\/cordobadirecto.com\/wp-content\/uploads\/2022\/02\/pedro-francke-exministro-de-economia-de-peru-en-el-gobierno-de-castillo-hay-una-falta-de-rumbo-estrategico-15.webp 480w, http:\/\/cordobadirecto.com\/wp-content\/uploads\/2022\/02\/pedro-francke-exministro-de-economia-de-peru-en-el-gobierno-de-castillo-hay-una-falta-de-rumbo-estrategico-16.webp 624w, http:\/\/cordobadirecto.com\/wp-content\/uploads\/2022\/02\/pedro-francke-exministro-de-economia-de-peru-en-el-gobierno-de-castillo-hay-una-falta-de-rumbo-estrategico-17.webp 800w\" type=\"image\/webp\"><source srcset=\"https:\/\/ichef.bbci.co.uk\/news\/240\/cpsprodpb\/17B1A\/production\/_123205079_leonardo-fernandez-getty.jpg 240w, https:\/\/ichef.bbci.co.uk\/news\/320\/cpsprodpb\/17B1A\/production\/_123205079_leonardo-fernandez-getty.jpg 320w, https:\/\/ichef.bbci.co.uk\/news\/480\/cpsprodpb\/17B1A\/production\/_123205079_leonardo-fernandez-getty.jpg 480w, https:\/\/ichef.bbci.co.uk\/news\/624\/cpsprodpb\/17B1A\/production\/_123205079_leonardo-fernandez-getty.jpg 624w, https:\/\/ichef.bbci.co.uk\/news\/800\/cpsprodpb\/17B1A\/production\/_123205079_leonardo-fernandez-getty.jpg 800w\" type=\"image\/jpeg\"><img loading=\"lazy\" src=\"http:\/\/cordobadirecto.com\/wp-content\/uploads\/2022\/02\/pedro-francke-exministro-de-economia-de-peru-en-el-gobierno-de-castillo-hay-una-falta-de-rumbo-estrategico-4.jpg\" alt=\"Francke (d) sale del Congreso.\" sizes=\"(min-width: 1008px) 645px, 100vw\" width=\"976\" height=\"549\" class=\"eehpdyc0 bbc-rb7xa0 e1enwo3v0\"><\/picture><\/noscript><\/p>\n<p role=\"text\" class=\"bbc-1s1cxbv etq3yw90\"><span class=\"bbc-1gnhmg2 e1yt7oin0\">Fuente de la imagen, <\/span><span lang=\"en-GB\">Leonardo Fernandez<\/span><\/p>\n<\/div>\n<\/div>\n<div dir=\"ltr\" class=\"bbc-3edg7g e57qer20\" readability=\"6\"><figcaption dir=\"ltr\" class=\"bbc-1t9zlwf eede9f50\" readability=\"2\"><span class=\"bbc-1gnhmg2 e1yt7oin0\">Pie de foto, <\/span><\/p>\n<p>Francke no logr\u00f3 que el Congreso aprobara algunas de las reformas que cree que necesita Per\u00fa.<\/p>\n<\/figcaption><\/div>\n<\/div>\n<\/figure>\n<\/div>\n<div dir=\"ltr\" class=\"bbc-19j92fr e57qer20\" readability=\"8\">\n<p dir=\"ltr\" class=\"bbc-bm53ic e1cc2ql70\"><b>\u00bfY c\u00f3mo es posible que tenga un comportamiento econ\u00f3mico aparentemente tan positivo en medio de tantas crisis institucionales?<\/b><\/p>\n<\/div>\n<div dir=\"ltr\" class=\"bbc-19j92fr e57qer20\" readability=\"11\">\n<p dir=\"ltr\" class=\"bbc-bm53ic e1cc2ql70\">Hay fuerzas que vienen de atr\u00e1s y responden bien. La agroexportaci\u00f3n, por ejemplo, ha seguido creciendo. En otros sectores tuvimos tambi\u00e9n condiciones favorables como el textil. All\u00ed la guerra comercial entre China y Estados Unidos nos ayud\u00f3 en el mercado norteamericano.<\/p>\n<\/div>\n<div dir=\"ltr\" class=\"bbc-19j92fr e57qer20\" readability=\"9\">\n<p dir=\"ltr\" class=\"bbc-bm53ic e1cc2ql70\">Tambi\u00e9n ha habido una pol\u00edtica econ\u00f3mica que ha permitido la recuperaci\u00f3n del consumo y ha empujado a determinados sectores, como la construcci\u00f3n.<\/p>\n<\/div>\n<div dir=\"ltr\" class=\"bbc-19j92fr e57qer20\" readability=\"11\">\n<p dir=\"ltr\" class=\"bbc-bm53ic e1cc2ql70\">Es un fen\u00f3meno mundial, pero hay un sistema financiero y una pol\u00edtica macroecon\u00f3mica que ayuda a la recuperaci\u00f3n del consumo, con un poco de impulso fiscal o de inversi\u00f3n p\u00fablica, los bonos&#8230; <\/p>\n<\/div>\n<div dir=\"ltr\" class=\"bbc-19j92fr e57qer20\" readability=\"10\">\n<p dir=\"ltr\" class=\"bbc-bm53ic e1cc2ql70\">Todo eso hace que la gente tenga dinero y se reactive la econom\u00eda. Y desde luego, el fin de la segunda ola y la intensa campa\u00f1a de vacunaci\u00f3n permiti\u00f3 que en el \u00faltimo cuatrimestre la econom\u00eda rodara bien. <\/p>\n<\/div>\n<div dir=\"ltr\" class=\"bbc-19j92fr e57qer20\" readability=\"13\">\n<p dir=\"ltr\" class=\"bbc-bm53ic e1cc2ql70\">A Per\u00fa le ayuda tambi\u00e9n el alto precio de los metales. Si uno ve el balance, hay fuerzas a favor, pero hay una fuerza en contra grande, que es la inflaci\u00f3n. A pesar de esa alza de precios que ha sido fuerte para el Per\u00fa, las fuerzas a favor han sido mayores que las fuerzas en contra.<\/p>\n<\/div>\n<div dir=\"ltr\" class=\"bbc-19j92fr e57qer20\" readability=\"9\">\n<p dir=\"ltr\" class=\"bbc-bm53ic e1cc2ql70\"><b>Muchos de esos aspectos favorables en la econom\u00eda peruana son anteriores a la presidencia de Pedro Castillo. \u00bfHan hecho sus gobiernos alguna reforma econ\u00f3mica de calado? \u00bfAlg\u00fan cambio estructural?<\/b><\/p>\n<\/div>\n<div dir=\"ltr\" class=\"bbc-19j92fr e57qer20\" readability=\"11\">\n<p dir=\"ltr\" class=\"bbc-bm53ic e1cc2ql70\">No. El \u00e9xito econ\u00f3mico se explica por un lado por la salud y las vacunas, y por otro por los cambios que vienen de afuera, de antes, pero gran cambio estructural no ha habido. <\/p>\n<\/div>\n<div dir=\"ltr\" class=\"bbc-19j92fr e57qer20\" readability=\"9\">\n<p dir=\"ltr\" class=\"bbc-bm53ic e1cc2ql70\"><b>Sin embargo, Castillo prometi\u00f3 en su campa\u00f1a cambios econ\u00f3micos que traer\u00edan consigo justicia social. <\/b><\/p>\n<\/div>\n<div dir=\"ltr\" class=\"bbc-19j92fr e57qer20\" readability=\"7\">\n<p dir=\"ltr\" class=\"bbc-bm53ic e1cc2ql70\">Por supuesto. De ah\u00ed que para m\u00ed la reforma tributaria fuera un tema clave.<\/p>\n<\/div>\n<div dir=\"ltr\" class=\"bbc-19j92fr e57qer20\" readability=\"9\">\n<p dir=\"ltr\" class=\"bbc-bm53ic e1cc2ql70\">El Per\u00fa tiene una presi\u00f3n tributaria y unos ingresos fiscales muy bajos comparados con cualquier pa\u00eds latinoamericano o del mundo. La mayor parte son impuestos directos y no es particularmente redistributiva.<\/p>\n<\/div>\n<div dir=\"ltr\" class=\"bbc-19j92fr e57qer20\" readability=\"9\">\n<p dir=\"ltr\" class=\"bbc-bm53ic e1cc2ql70\">Para m\u00ed era esencial empujar esa reforma tributaria, lograr una mayor recaudaci\u00f3n y de esa manera establecer una de las pol\u00edticas m\u00e1s b\u00e1sicas a nivel econ\u00f3mico internacional.<\/p>\n<\/div>\n<div dir=\"ltr\" class=\"bbc-19j92fr e57qer20\" readability=\"8\">\n<p dir=\"ltr\" class=\"bbc-bm53ic e1cc2ql70\">El Estado debe cobrar los impuestos a los que tienen m\u00e1s y da buena educaci\u00f3n y salud a la gente. Y en eso se ha avanzado muy poco. El Congreso no nos facilit\u00f3. <\/p>\n<\/div>\n<div dir=\"ltr\" class=\"bbc-1ka88fa e57qer20\">\n<figure class=\"bbc-1qdcvv9 e6bmn90\">\n<div dir=\"ltr\" class=\"bbc-172p16q e57qer20\">\n<div dir=\"ltr\" class=\"bbc-189y18v e57qer20\" readability=\"6.5\">\n<div data-e2e=\"image-placeholder\" class=\"bbc-997y1y e1whu0\" readability=\"8\"><noscript><picture class=\"bbc-yfiktt e1enwo3v1\"><source srcset=\"http:\/\/cordobadirecto.com\/wp-content\/uploads\/2022\/02\/pedro-francke-exministro-de-economia-de-peru-en-el-gobierno-de-castillo-hay-una-falta-de-rumbo-estrategico-18.webp 240w, http:\/\/cordobadirecto.com\/wp-content\/uploads\/2022\/02\/pedro-francke-exministro-de-economia-de-peru-en-el-gobierno-de-castillo-hay-una-falta-de-rumbo-estrategico-19.webp 320w, http:\/\/cordobadirecto.com\/wp-content\/uploads\/2022\/02\/pedro-francke-exministro-de-economia-de-peru-en-el-gobierno-de-castillo-hay-una-falta-de-rumbo-estrategico-20.webp 480w, http:\/\/cordobadirecto.com\/wp-content\/uploads\/2022\/02\/pedro-francke-exministro-de-economia-de-peru-en-el-gobierno-de-castillo-hay-una-falta-de-rumbo-estrategico-21.webp 624w, http:\/\/cordobadirecto.com\/wp-content\/uploads\/2022\/02\/pedro-francke-exministro-de-economia-de-peru-en-el-gobierno-de-castillo-hay-una-falta-de-rumbo-estrategico-22.webp 800w\" type=\"image\/webp\"><source srcset=\"https:\/\/ichef.bbci.co.uk\/news\/240\/cpsprodpb\/2F76\/production\/_123205121_a271cad9-37c5-4401-b44d-4dee7f3f0fc6.jpg 240w, https:\/\/ichef.bbci.co.uk\/news\/320\/cpsprodpb\/2F76\/production\/_123205121_a271cad9-37c5-4401-b44d-4dee7f3f0fc6.jpg 320w, https:\/\/ichef.bbci.co.uk\/news\/480\/cpsprodpb\/2F76\/production\/_123205121_a271cad9-37c5-4401-b44d-4dee7f3f0fc6.jpg 480w, https:\/\/ichef.bbci.co.uk\/news\/624\/cpsprodpb\/2F76\/production\/_123205121_a271cad9-37c5-4401-b44d-4dee7f3f0fc6.jpg 624w, https:\/\/ichef.bbci.co.uk\/news\/800\/cpsprodpb\/2F76\/production\/_123205121_a271cad9-37c5-4401-b44d-4dee7f3f0fc6.jpg 800w\" type=\"image\/jpeg\"><img loading=\"lazy\" src=\"http:\/\/cordobadirecto.com\/wp-content\/uploads\/2022\/02\/pedro-francke-exministro-de-economia-de-peru-en-el-gobierno-de-castillo-hay-una-falta-de-rumbo-estrategico-5.jpg\" alt=\"Protestas en Lima.\" sizes=\"(min-width: 1008px) 645px, 100vw\" width=\"976\" height=\"549\" class=\"eehpdyc0 bbc-rb7xa0 e1enwo3v0\"><\/picture><\/noscript><\/p>\n<p role=\"text\" class=\"bbc-1s1cxbv etq3yw90\"><span class=\"bbc-1gnhmg2 e1yt7oin0\">Fuente de la imagen, <\/span><span lang=\"en-GB\">Klebher V\u00e1squez \/ Getty<\/span><\/p>\n<\/div>\n<\/div>\n<div dir=\"ltr\" class=\"bbc-3edg7g e57qer20\" readability=\"6\"><figcaption dir=\"ltr\" class=\"bbc-1t9zlwf eede9f50\" readability=\"2\"><span class=\"bbc-1gnhmg2 e1yt7oin0\">Pie de foto, <\/span><\/p>\n<p>Per\u00fa lleva a\u00f1os sumido en la inestabilidad pol\u00edtica.<\/p>\n<\/figcaption><\/div>\n<\/div>\n<\/figure>\n<\/div>\n<div dir=\"ltr\" class=\"bbc-19j92fr e57qer20\" readability=\"9\">\n<p dir=\"ltr\" class=\"bbc-bm53ic e1cc2ql70\"><b>\u00bfY c\u00f3mo se siente despu\u00e9s de haber pasado por un puesto tan importante, de haber tenido la oportunidad de hacer cambios para el pa\u00eds y finalmente no haber podido llevarlos a cabo?<\/b><\/p>\n<\/div>\n<div dir=\"ltr\" class=\"bbc-19j92fr e57qer20\" readability=\"8\">\n<p dir=\"ltr\" class=\"bbc-bm53ic e1cc2ql70\">Hay una cierta frustraci\u00f3n. Mi equipo y yo estamos preparados para volver a intentarlo. El tema de la reforma tributaria no est\u00e1 cerrado.<\/p>\n<\/div>\n<div dir=\"ltr\" class=\"bbc-19j92fr e57qer20\" readability=\"13\">\n<p dir=\"ltr\" class=\"bbc-bm53ic e1cc2ql70\">Por otro lado, en el Per\u00fa y el mundo hemos pasado por esta crisis tan particular de la pandemia, que hizo que el esfuerzo primordial fuera salir del hoyo, no hacer las reformas. En ese sentido, creo haber cumplido un rol importante por el que me siento contento.<\/p>\n<\/div>\n<div dir=\"ltr\" class=\"bbc-19j92fr e57qer20\" readability=\"8\">\n<p dir=\"ltr\" class=\"bbc-bm53ic e1cc2ql70\"><b>\u00bfNo cree que quiz\u00e1 el presidente est\u00e1 demasiado enredado en estas batallas constantes y le falta una visi\u00f3n de pa\u00eds? <\/b><\/p>\n<\/div>\n<div dir=\"ltr\" class=\"bbc-19j92fr e57qer20\" readability=\"10\">\n<p dir=\"ltr\" class=\"bbc-bm53ic e1cc2ql70\">No s\u00e9 si del presidente o del gabinete, pero hace falta una visi\u00f3n m\u00e1s clara de cu\u00e1les son las principales reformas, las batallas que dar.<\/p>\n<\/div>\n<div dir=\"ltr\" class=\"bbc-19j92fr e57qer20\" readability=\"13\">\n<p dir=\"ltr\" class=\"bbc-bm53ic e1cc2ql70\">Hay una falta de claridad, nitidez, rumbo estrat\u00e9gico, de saber cu\u00e1les son los grandes temas y tambi\u00e9n qu\u00e9 se puede lograr. La situaci\u00f3n pol\u00edtica y social es compleja, y uno tiene que escoger las batallas. <\/p>\n<\/div>\n<div dir=\"ltr\" class=\"bbc-19j92fr e57qer20\" readability=\"9\">\n<p dir=\"ltr\" class=\"bbc-bm53ic e1cc2ql70\"><b>Adem\u00e1s de exministro, es usted un votante peruano m\u00e1s. \u00bfhan cumplido los gobiernos de Pedro Castillo los objetivos?<\/b><\/p>\n<\/div>\n<div dir=\"ltr\" class=\"bbc-19j92fr e57qer20\" readability=\"7\">\n<p dir=\"ltr\" class=\"bbc-bm53ic e1cc2ql70\">Creo que los objetivos econ\u00f3micos se han cumplido. \u00bfEl conjunto? No s\u00e9. <\/p>\n<\/div>\n<div dir=\"ltr\" class=\"bbc-19j92fr e57qer20\" readability=\"7\">\n<p dir=\"ltr\" class=\"bbc-bm53ic e1cc2ql70\"><b>Hace unos minutos me dijo que no se han podido hacer las reformas que necesita el pa\u00eds. <\/b><\/p>\n<\/div>\n<div dir=\"ltr\" class=\"bbc-19j92fr e57qer20\" readability=\"12\">\n<p dir=\"ltr\" class=\"bbc-bm53ic e1cc2ql70\">Por supuesto, pero en seis meses no da tiempo a hacer reformas, y una de las graves dificultades del presidente es que en Per\u00fa el Poder Ejecutivo lo forman el gobierno y el Congreso, en un equilibrio de poderes complejo.<\/p>\n<\/div>\n<div dir=\"ltr\" class=\"bbc-19j92fr e57qer20\" readability=\"10\">\n<p dir=\"ltr\" class=\"bbc-bm53ic e1cc2ql70\">Y las fuerzas que eligieron al presidente no tienen ni de lejos mayor\u00eda en el Congreso. Estoy convencido que hay que reformar el sistema de pensiones, pero eso pasa necesariamente por el Congreso. \u00bfY c\u00f3mo logramos una mayor\u00eda en el Congreso para eso con el Congreso fragmentado que tenemos?<\/p>\n<\/div>\n<div dir=\"ltr\" class=\"bbc-19j92fr e57qer20\" readability=\"10\">\n<p dir=\"ltr\" class=\"bbc-bm53ic e1cc2ql70\">En unas condiciones de gobierno como estas, se requiere un esfuerzo muy grande de consenso y es una responsabilidad compartida. El propio sistema de gobierno en el Per\u00fa nos genera un cierto problema.<\/p>\n<\/div>\n<div dir=\"ltr\" class=\"bbc-1ka88fa e57qer20\">\n<figure class=\"bbc-1qdcvv9 e6bmn90\">\n<div dir=\"ltr\" class=\"bbc-172p16q e57qer20\">\n<div dir=\"ltr\" class=\"bbc-189y18v e57qer20\">\n<div data-e2e=\"image-placeholder\" class=\"bbc-997y1y e1whu0\"><noscript><picture class=\"bbc-yfiktt e1enwo3v1\"><source srcset=\"http:\/\/cordobadirecto.com\/wp-content\/uploads\/2022\/02\/pedro-francke-exministro-de-economia-de-peru-en-el-gobierno-de-castillo-hay-una-falta-de-rumbo-estrategico.webp 240w, http:\/\/cordobadirecto.com\/wp-content\/uploads\/2022\/02\/pedro-francke-exministro-de-economia-de-peru-en-el-gobierno-de-castillo-hay-una-falta-de-rumbo-estrategico-23.webp 320w, http:\/\/cordobadirecto.com\/wp-content\/uploads\/2022\/02\/pedro-francke-exministro-de-economia-de-peru-en-el-gobierno-de-castillo-hay-una-falta-de-rumbo-estrategico-24.webp 464w\" type=\"image\/webp\"><source srcset=\"https:\/\/ichef.bbci.co.uk\/news\/240\/cpsprodpb\/069B\/production\/_105819610_line976.jpg 240w, https:\/\/ichef.bbci.co.uk\/news\/320\/cpsprodpb\/069B\/production\/_105819610_line976.jpg 320w, https:\/\/ichef.bbci.co.uk\/news\/464\/cpsprodpb\/069B\/production\/_105819610_line976.jpg 464w\" type=\"image\/jpeg\"><img loading=\"lazy\" src=\"http:\/\/cordobadirecto.com\/wp-content\/uploads\/2022\/02\/pedro-francke-exministro-de-economia-de-peru-en-el-gobierno-de-castillo-hay-una-falta-de-rumbo-estrategico-6.jpg\" alt=\"L\u00ednea\" sizes=\"(min-width: 1008px) 645px, 100vw\" width=\"464\" height=\"2\" class=\"eehpdyc0 bbc-rb7xa0 e1enwo3v0\"><\/picture><\/noscript><\/div>\n<\/div>\n<\/div>\n<\/figure>\n<\/div>\n<div dir=\"ltr\" class=\"bbc-19j92fr e57qer20\" readability=\"8\">\n<p dir=\"ltr\" class=\"bbc-bm53ic e1cc2ql70\"><i class=\"bbc-h1y5j7 ewc4zcb0\">Recuerda que<\/i><i class=\"bbc-h1y5j7 ewc4zcb0\"> puedes recibir notificaciones de BBC Mundo. Descarga la nueva versi\u00f3n de nuestra app y act\u00edvalas para no perderte nuestro mejor contenido.<\/i><\/p>\n<\/div>\n","protected":false},"excerpt":{"rendered":"<p>Guillermo D. Olmo Corresponsal de BBC News Mundo en Per\u00fa 2 horas Fuente de la imagen, Ernesto Benavides \/ Getty El pasado julio el presidente de Per\u00fa, Pedro Castillo, le nombr\u00f3 ministro de Econom\u00eda en lo que se interpret\u00f3 como una apuesta por la moderaci\u00f3n y la racionalidad en la gesti\u00f3n econ\u00f3mica, y un intento [&hellip;]<\/p>\n","protected":false},"author":1,"featured_media":43797,"comment_status":"closed","ping_status":"closed","sticky":false,"template":"","format":"standard","meta":[],"categories":[24],"tags":[],"_links":{"self":[{"href":"http:\/\/cordobadirecto.com\/index.php\/wp-json\/wp\/v2\/posts\/43796"}],"collection":[{"href":"http:\/\/cordobadirecto.com\/index.php\/wp-json\/wp\/v2\/posts"}],"about":[{"href":"http:\/\/cordobadirecto.com\/index.php\/wp-json\/wp\/v2\/types\/post"}],"author":[{"embeddable":true,"href":"http:\/\/cordobadirecto.com\/index.php\/wp-json\/wp\/v2\/users\/1"}],"replies":[{"embeddable":true,"href":"http:\/\/cordobadirecto.com\/index.php\/wp-json\/wp\/v2\/comments?post=43796"}],"version-history":[{"count":0,"href":"http:\/\/cordobadirecto.com\/index.php\/wp-json\/wp\/v2\/posts\/43796\/revisions"}],"wp:featuredmedia":[{"embeddable":true,"href":"http:\/\/cordobadirecto.com\/index.php\/wp-json\/wp\/v2\/media\/43797"}],"wp:attachment":[{"href":"http:\/\/cordobadirecto.com\/index.php\/wp-json\/wp\/v2\/media?parent=43796"}],"wp:term":[{"taxonomy":"category","embeddable":true,"href":"http:\/\/cordobadirecto.com\/index.php\/wp-json\/wp\/v2\/categories?post=43796"},{"taxonomy":"post_tag","embeddable":true,"href":"http:\/\/cordobadirecto.com\/index.php\/wp-json\/wp\/v2\/tags?post=43796"}],"curies":[{"name":"wp","href":"https:\/\/api.w.org\/{rel}","templated":true}]}}