{"id":43892,"date":"2022-02-10T16:21:53","date_gmt":"2022-02-10T16:21:53","guid":{"rendered":"http:\/\/cordobadirecto.com\/index.php\/2022\/02\/10\/turf-se-presentara-en-el-patio-del-konex-el-4-de-marzo\/"},"modified":"2022-02-10T16:21:53","modified_gmt":"2022-02-10T16:21:53","slug":"turf-se-presentara-en-el-patio-del-konex-el-4-de-marzo","status":"publish","type":"post","link":"http:\/\/cordobadirecto.com\/index.php\/2022\/02\/10\/turf-se-presentara-en-el-patio-del-konex-el-4-de-marzo\/","title":{"rendered":"Turf se presentar\u00e1 en el Patio del Konex el 4 de marzo"},"content":{"rendered":"<figure class=\"mb-3\"><img loading=\"lazy\" src=\"http:\/\/cordobadirecto.com\/wp-content\/uploads\/2022\/02\/turf-se-presentara-en-el-patio-del-konex-el-4-de-marzo.jpg\" width=\"100%\" height=\"100%\" alt=\"Turf ofrecer el prximo viernes 4 de marzo un concierto al aire libre\"><figcaption> Turf ofrecer\u00e1 el pr\u00f3ximo viernes 4 de marzo un concierto al aire libre. <\/figcaption><\/figure>\n<p>Turf, la banda liderada por Joaqu\u00edn Levinton,<strong> ofrecer\u00e1 el pr\u00f3ximo viernes 4 de marzo un concierto al aire libre en el Patio del Konex<\/strong> en el que recorrer\u00e1n temas cl\u00e1sicos del grupo y presentar\u00e1n las canciones de su nuevo disco que saldr\u00e1 este a\u00f1o.<\/p>\n<p>Mientras Levinton brilla como cocinero en la pantalla de Telefe con el reality &#8220;Masterchef Celebrity&#8221;, la banda que festej\u00f3 20 a\u00f1os del lanzamiento de su hit &#8220;Loco un poco&#8221; se prepara para su primer show del a\u00f1o en la Ciudad de Buenos Aires.<\/p>\n<p>Mientras tanto, <strong>la banda que completan Fernando Caloia, Leandro Lopat\u00edn, Nicol\u00e1s Ottavianelli y Carlos Tapia, ya present\u00f3 cuatro temas de su pr\u00f3ximo disco de estudio<\/strong> (&#8220;Cu\u00e1l?, &#8220;Voy dejando atr\u00e1s&#8221;, &#8220;Malas decisiones&#8221; y el reciente &#8220;Gatitas y ratones&#8221;) y comenz\u00f3 su gira por la Argentina con shows en Carhu\u00e9, Viedma, Mar del Plata, y continuar\u00e1 este fin de semana en C\u00f3rdoba en el Festival Cosqu\u00edn Rock y el domingo en Tribus en la ciudad de Santa Fe.<\/p>\n","protected":false},"excerpt":{"rendered":"<p>Turf ofrecer\u00e1 el pr\u00f3ximo viernes 4 de marzo un concierto al aire libre. Turf, la banda liderada por Joaqu\u00edn Levinton, ofrecer\u00e1 el pr\u00f3ximo viernes 4 de marzo un concierto al aire libre en el Patio del Konex en el que recorrer\u00e1n temas cl\u00e1sicos del grupo y presentar\u00e1n las canciones de su nuevo disco que saldr\u00e1 [&hellip;]<\/p>\n","protected":false},"author":1,"featured_media":43893,"comment_status":"closed","ping_status":"closed","sticky":false,"template":"","format":"standard","meta":[],"categories":[20],"tags":[],"_links":{"self":[{"href":"http:\/\/cordobadirecto.com\/index.php\/wp-json\/wp\/v2\/posts\/43892"}],"collection":[{"href":"http:\/\/cordobadirecto.com\/index.php\/wp-json\/wp\/v2\/posts"}],"about":[{"href":"http:\/\/cordobadirecto.com\/index.php\/wp-json\/wp\/v2\/types\/post"}],"author":[{"embeddable":true,"href":"http:\/\/cordobadirecto.com\/index.php\/wp-json\/wp\/v2\/users\/1"}],"replies":[{"embeddable":true,"href":"http:\/\/cordobadirecto.com\/index.php\/wp-json\/wp\/v2\/comments?post=43892"}],"version-history":[{"count":0,"href":"http:\/\/cordobadirecto.com\/index.php\/wp-json\/wp\/v2\/posts\/43892\/revisions"}],"wp:featuredmedia":[{"embeddable":true,"href":"http:\/\/cordobadirecto.com\/index.php\/wp-json\/wp\/v2\/media\/43893"}],"wp:attachment":[{"href":"http:\/\/cordobadirecto.com\/index.php\/wp-json\/wp\/v2\/media?parent=43892"}],"wp:term":[{"taxonomy":"category","embeddable":true,"href":"http:\/\/cordobadirecto.com\/index.php\/wp-json\/wp\/v2\/categories?post=43892"},{"taxonomy":"post_tag","embeddable":true,"href":"http:\/\/cordobadirecto.com\/index.php\/wp-json\/wp\/v2\/tags?post=43892"}],"curies":[{"name":"wp","href":"https:\/\/api.w.org\/{rel}","templated":true}]}}