{"id":43904,"date":"2022-02-10T12:19:50","date_gmt":"2022-02-10T12:19:50","guid":{"rendered":"https:\/\/www.ole.com.ar\/autos\/-sueno-correr-motogp-_0_CQx9GJtPJ6.html"},"modified":"2022-02-10T12:19:50","modified_gmt":"2022-02-10T12:19:50","slug":"tiberi-mi-sueno-es-correr-en-motogp","status":"publish","type":"post","link":"http:\/\/cordobadirecto.com\/index.php\/2022\/02\/10\/tiberi-mi-sueno-es-correr-en-motogp\/","title":{"rendered":"Tiberi: &#8220;Mi sue\u00f1o es correr en MotoGP&#8221;"},"content":{"rendered":"<p>Una nueva generaci\u00f3n de talentos est\u00e1 llegando al Superbike Argentino. El a\u00f1o pasado,&nbsp;MotoAR3 incorpor\u00f3 j\u00f3venes figuras, la mayor\u00eda de ellas provenientes del CAM, que buscan abrirse paso en el motociclismo de pista.<\/p>\n<h2><strong>&#8220;Lolo&#8221; Tiberi ya acelera con un Superbike Argentino<\/strong><\/h2>\n<p> De cara al&nbsp;2022, uno de los nuevos pilotos que busca incorporarse a la divisi\u00f3n de menor cilindrada es Lorenzo Tiberi. El \u201cLolo\u201d tiene 10 a\u00f1os, es oriundo de Bell Ville, Provincia de C\u00f3rdoba y comenz\u00f3 con las carreras de moto de muy chico.<\/p>\n<p> \u201cEn el 2018 empez\u00f3 corriendo en los zonales de Justiniano Posse y La Palestina. Despu\u00e9s se vino la pandemia en el 2020 que nos fren\u00f3 las carreras. De todas formas seguimos entrenando en distintos lugares. Cada fin de semana, \u201cLolo\u201d me ped\u00eda que quer\u00eda andar en moto, as\u00ed que hicimos lo posible para que pueda entrenar\u201d, le confes\u00f3 Lisandro Tiberi, padre de Lorenzo a Carburando.<\/p>\n<p> El objetivo para Tiberi es ingresar en el mundo del Superbike Argentino en un futuro. \u201cA Lolo siempre le gust\u00f3 la velocidad. Tuvimos la posibilidad de entrenar en un circuito cercano con una 125cc y este a\u00f1o le adquiri\u00f3 una 250cc a Fabi\u00e1n Moscatello\u201d.<\/p>\n<div class=\"sp__Normal\">\n<div class=\"image-embeb image-trigger\" readability=\"6\">\n<picture><source media=\"(min-width: 720px)\" srcset=\"http:\/\/cordobadirecto.com\/wp-content\/uploads\/2022\/02\/tiberi-mi-sueno-es-correr-en-motogp.jpg\"><img itemprop=\"image\" src=\"http:\/\/cordobadirecto.com\/wp-content\/uploads\/2022\/02\/tiberi-mi-sueno-es-correr-en-motogp.jpg\" loading=\"lazy\" alt=\"&quot;Lolo&quot; Tiberi ya acelera con un Superbike Argentino\">\n<\/picture><figcaption readability=\"2\">\n<p>&#8220;Lolo&#8221; Tiberi ya acelera con un Superbike Argentino\n<\/p>\n<\/figcaption><\/div>\n<\/div>\n<h2><strong>Los pr\u00f3ximos pasos de Tiberi<\/strong><\/h2>\n<p>A lo largo del 2022, la idea es que Tiberi realice entrenamientos con la Twister 250cc en distintos circuitos del pa\u00eds, pensando en su debut en el Superbike Argentino. D\u00edas atr\u00e1s, tuvo su primera prueba en el Aut\u00f3dromo de Marcos Ju\u00e1rez donde dej\u00f3 muy buenas impresiones para todo el equipo.<\/p>\n<p> \u201cLa verdad que el entrenamiento fue muy bueno. Nos dej\u00f3 boquiabiertos por la postura en la moto y por la velocidad. Termin\u00f3 girando muy r\u00e1pido, as\u00ed que estamos felices. Moscatello nos dijo que lo que hizo fue maravilloso y que cuando est\u00e9 todo dado, podr\u00e1 debutar en MotoAR3\u201d.<\/p>\n<p> Otra de las ideas a mediano plazo es ir a probar al Circuito San Juan Villicum, trazado internacional donde tambi\u00e9n compite el Superbike Argentino. \u201cFabi\u00e1n Moscatello me propuso que vaya a Villicum para probar en un trazado mundialista que es fabuloso y permite a los pilotos desarrollar un estilo de manejo preciso y muy t\u00e9cnico\u201d.<\/p>\n<p> El sue\u00f1o de Tiberi ya empez\u00f3 y va en moto. Luego de muy buenos antecedentes en los zonales del Centro y Sancristobalense (fue 2\u00b0 en el torneo Miguel &#8220;Capi&#8221; Dom\u00ednguez), &#8220;Lolo&#8221; Tiberi busca dar el paso al Superbike Argentino. \u201cLolo tiene un slogan en el Whatsapp que dice: \u201cMi sue\u00f1o es correr en MotoGP\u201d, coment\u00f3 su padre Lisandro que lo acompa\u00f1a en los primeros pasos de una carrera deportiva prometedora en la dos ruedas.<\/p>\n<div class=\"sp__Normal\">\n<div class=\"image-embeb image-trigger\" readability=\"6\">\n<picture><source media=\"(min-width: 720px)\" srcset=\"http:\/\/cordobadirecto.com\/wp-content\/uploads\/2022\/02\/tiberi-mi-sueno-es-correr-en-motogp-1.jpg\"><img itemprop=\"image\" src=\"http:\/\/cordobadirecto.com\/wp-content\/uploads\/2022\/02\/tiberi-mi-sueno-es-correr-en-motogp-1.jpg\" loading=\"lazy\" alt=\"Debutar\u00e1 en el Superbike Argentino y sue\u00f1a con MotoGP\">\n<\/picture><figcaption readability=\"2\">\n<p>Debutar\u00e1 en el Superbike Argentino y sue\u00f1a con MotoGP\n<\/p>\n<\/figcaption><\/div>\n<\/div>\n<div class=\"entry-tags\">\n<h2>TEMAS QUE APARECEN EN ESTA NOTA<\/h2>\n<\/p><\/div>\n","protected":false},"excerpt":{"rendered":"<p>Una nueva generaci\u00f3n de talentos est\u00e1 llegando al Superbike Argentino. El a\u00f1o pasado,&nbsp;MotoAR3 incorpor\u00f3 j\u00f3venes figuras, la mayor\u00eda de ellas provenientes del CAM, que buscan abrirse paso en el motociclismo de pista. &#8220;Lolo&#8221; Tiberi ya acelera con un Superbike Argentino De cara al&nbsp;2022, uno de los nuevos pilotos que busca incorporarse a la divisi\u00f3n de [&hellip;]<\/p>\n","protected":false},"author":1,"featured_media":43905,"comment_status":"closed","ping_status":"closed","sticky":false,"template":"","format":"standard","meta":[],"categories":[21],"tags":[],"_links":{"self":[{"href":"http:\/\/cordobadirecto.com\/index.php\/wp-json\/wp\/v2\/posts\/43904"}],"collection":[{"href":"http:\/\/cordobadirecto.com\/index.php\/wp-json\/wp\/v2\/posts"}],"about":[{"href":"http:\/\/cordobadirecto.com\/index.php\/wp-json\/wp\/v2\/types\/post"}],"author":[{"embeddable":true,"href":"http:\/\/cordobadirecto.com\/index.php\/wp-json\/wp\/v2\/users\/1"}],"replies":[{"embeddable":true,"href":"http:\/\/cordobadirecto.com\/index.php\/wp-json\/wp\/v2\/comments?post=43904"}],"version-history":[{"count":0,"href":"http:\/\/cordobadirecto.com\/index.php\/wp-json\/wp\/v2\/posts\/43904\/revisions"}],"wp:featuredmedia":[{"embeddable":true,"href":"http:\/\/cordobadirecto.com\/index.php\/wp-json\/wp\/v2\/media\/43905"}],"wp:attachment":[{"href":"http:\/\/cordobadirecto.com\/index.php\/wp-json\/wp\/v2\/media?parent=43904"}],"wp:term":[{"taxonomy":"category","embeddable":true,"href":"http:\/\/cordobadirecto.com\/index.php\/wp-json\/wp\/v2\/categories?post=43904"},{"taxonomy":"post_tag","embeddable":true,"href":"http:\/\/cordobadirecto.com\/index.php\/wp-json\/wp\/v2\/tags?post=43904"}],"curies":[{"name":"wp","href":"https:\/\/api.w.org\/{rel}","templated":true}]}}