{"id":43906,"date":"2022-02-10T16:22:25","date_gmt":"2022-02-10T16:22:25","guid":{"rendered":"https:\/\/www.ole.com.ar\/futbol-ascenso\/p-nacional-mercado-fixture-inicio_0_ETLeyPRAfv.html"},"modified":"2022-02-10T16:22:25","modified_gmt":"2022-02-10T16:22:25","slug":"todo-lo-que-tenes-que-saber-del-nacional-que-se-viene","status":"publish","type":"post","link":"http:\/\/cordobadirecto.com\/index.php\/2022\/02\/10\/todo-lo-que-tenes-que-saber-del-nacional-que-se-viene\/","title":{"rendered":"Todo lo que ten\u00e9s que saber del Nacional que se viene"},"content":{"rendered":"<p>El certamen dar\u00e1 inicio este viernes y los equipos de la Primera Nacional lo saben. En base a incorporaciones, los clubes se rearmaron con sus entrenadores a la cabeza y, con los ascendidos, se viene un campeonato a puro color. <\/p>\n<h2><strong>\u00bfC\u00f3mo se juega la nueva temporada de la Primera Nacional?<\/strong><\/h2>\n<p><strong>\u200b<\/strong>El inicio del torneo se dar\u00e1 el viernes. Pero antes, hay varias cosas por saber. El formato, primero que nada. Con respecto al a\u00f1o pasado, el campeonato, que tendr\u00e1 37 equipos, se desarrollar\u00e1 de otra manera. Yendo al hueso, ser\u00e1 un todos contra todos, ya que no habr\u00e1 dos zonas como en la temporada anterior, donde se dividieron en A y B. En cada jornada, habr\u00e1 un equipo que quede libre. En la fecha inicial, ser\u00e1 Quilmes. <\/p>\n<div class=\"sp__SM\">\n<div class=\"content-new \">\n<span class=\"tit-mobile\">Mir\u00e1 tambi\u00e9n<\/span><\/p>\n<div class=\"mg\">\n<div class=\"wrap-figure\">\n<picture>\n<a href=\"https:\/\/www.ole.com.ar\/futbol-ascenso\/brey-boca-losandes-salomon_0_mnvTYiWXxd.html\" target=\"_self\" rel=\"noopener\"><br \/>\n<img class=\"img-responsive\" alt=\"Brey ya es de Boca, pero la f\u00e1brica de jugadores de Los Andes no para\" src=\"http:\/\/cordobadirecto.com\/wp-content\/uploads\/2022\/02\/todo-lo-que-tenes-que-saber-del-nacional-que-se-viene.jpg\" loading=\"lazy\"><br \/>\n<\/a>\n<\/picture>\n<\/div>\n<\/div><\/div>\n<\/div>\n<h2><strong>\u00bfQui\u00e9nes suben este a\u00f1o a la Liga Profesional de F\u00fatbol?<\/strong><\/h2>\n<p><strong>\u200b<\/strong>Este a\u00f1o, tambi\u00e9n ascender\u00e1n dos equipos. El campe\u00f3n, acceder\u00e1 de manera directa a la Liga Profesional de F\u00fatbol. Para el segundo ascenso, como todos los a\u00f1os, habr\u00e1 que batallar en el famoso Reducido. Quien quede segundo en la tabla de posiciones, ocupar\u00e1, directamente, un lugar en las semifinales de los Playoffs. El tercero de dicha clasificaci\u00f3n, acceder\u00e1 a los cuartos de final. Luego, del cuarto al decimotercero (diez equipos), jugar\u00e1n los octavos de final (ida y vuelta). Quedar\u00e1n cinco en carrera. A ellos, se les sumar\u00e1n quien qued\u00f3 en los cuartos por finalizar en el tercer lugar. Se juntan los seis, juegan entre s\u00ed y son tres los que pasar\u00e1n a semis. All\u00ed, aparece el segundo de la clasificaci\u00f3n. Los cuatro se eliminan y los finalistas luchar\u00e1n por el segundo ascenso a Primera.<\/p>\n<div class=\"sp__SM\">\n<div class=\"content-new \">\n<span class=\"tit-mobile\">Mir\u00e1 tambi\u00e9n<\/span><\/p>\n<div class=\"mg\">\n<div class=\"wrap-figure\">\n<picture>\n<a href=\"https:\/\/www.ole.com.ar\/informacion-general\/fallecio-gustavo-mahmed_0_dFr4x3cDgA.html\" target=\"_self\" rel=\"noopener\"><br \/>\n<img class=\"img-responsive\" alt=\"Falleci\u00f3 Gustavo Mhamed, ex ayudante de Dom\u00ednguez y Sava\" src=\"http:\/\/cordobadirecto.com\/wp-content\/uploads\/2022\/02\/todo-lo-que-tenes-que-saber-del-nacional-que-se-viene-1.jpg\" loading=\"lazy\"><br \/>\n<\/a>\n<\/picture>\n<\/div>\n<\/div><\/div>\n<\/div>\n<h2><strong>\u00bfQui\u00e9nes bajan a la Primera B o al torneo Federal A?<\/strong><\/h2>\n<p><strong>\u200b<\/strong>Ser\u00e1n dos los que bajen de categor\u00eda, quienes queden entre las \u00faltimas dos posiciones de la tabla. Pero guarda, hay dos divisiones esperando abajo. En caso de que un equipo afiliado directamente a AFA qued\u00e9 en esa situaci\u00f3n, ir\u00e1 a la Primera B. Caso contrario, al Federal A.<\/p>\n<div class=\"sp__SM\">\n<div class=\"content-new \">\n<span class=\"tit-mobile\">Mir\u00e1 tambi\u00e9n<\/span><\/p>\n<div class=\"mg\">\n<div class=\"wrap-figure\">\n<picture>\n<a href=\"https:\/\/www.ole.com.ar\/futbol-ascenso\/p-nacional-quilmes-lopez-garcia_0_6TpKbt3zPd.html\" target=\"_self\" rel=\"noopener\"><br \/>\n<img class=\"img-responsive\" alt=\"Lleg\u00f3 el octavo para Quilmes\" src=\"http:\/\/cordobadirecto.com\/wp-content\/uploads\/2022\/02\/todo-lo-que-tenes-que-saber-del-nacional-que-se-viene-2.jpg\" loading=\"lazy\"><br \/>\n<\/a>\n<\/picture>\n<\/div>\n<\/div><\/div>\n<\/div>\n<h2><strong>\u00bfCu\u00e1l puede ser el equipo revelaci\u00f3n esta temporada?<\/strong><\/h2>\n<p><strong>\u200b<\/strong>Deportivo Madryn. El Aurinegro arras\u00f3 en el Federal A. Venci\u00f3 a Racing de C\u00f3rdoba en la final y lleg\u00f3 al Nacional. El equipo de Chubut encontr\u00f3 una identidad de juego muy destacable gracias a la mano de Ricardo Pancaldo. Con varias incorporaciones y una idea clara desde lo futbol\u00edstico, Madryn se llev\u00f3 puesto a todos. Pudo mantener parte de la base de trabajo y buscar\u00e1 dar el golpe en el segunda divisi\u00f3n del f\u00fatbol argentino. \u00bfOtro condimento? Se reencuentra con Guillermo Brown de Puerto Madryn para el cl\u00e1sico&#8230;<\/p>\n<div class=\"sp__SM\">\n<div class=\"content-new \">\n<span class=\"tit-mobile\">Mir\u00e1 tambi\u00e9n<\/span><\/p>\n<div class=\"mg\">\n<div class=\"wrap-figure\">\n<picture>\n<a href=\"https:\/\/www.ole.com.ar\/barracas-central\/entrevista-pablo-mouche_0_1biCWYe5pH.html\" target=\"_self\" rel=\"noopener\"><br \/>\n<img class=\"img-responsive\" alt=\"Pablo Mouche: &quot;C\u00f3mo siente el f\u00fatbol De Paoli fue clave para venir&quot;\" src=\"http:\/\/cordobadirecto.com\/wp-content\/uploads\/2022\/02\/todo-lo-que-tenes-que-saber-del-nacional-que-se-viene-3.jpg\" loading=\"lazy\"><br \/>\n<\/a>\n<\/picture>\n<\/div>\n<\/div><\/div>\n<\/div>\n<h2><strong>\u00bfQu\u00e9 equipos debutar\u00e1n en este torneo?<\/strong><\/h2>\n<p><strong>\u200b<\/strong>Subieron cuatro. Dos, desde la Primera B. Se trata de Flandria y Sacachispas. El Canario gan\u00f3 el Torneo Clausura y luego se qued\u00f3 con la primera final. El Lila se consagr\u00f3 en el Reducido. Adem\u00e1s, por penales. Desde el Federal A aparecieron otros dos. Como se mencion\u00f3, Deportivo Madryn. Por otro lado, Chaco For Ever. El Albinegro dio la sorpresa en los Playoffs y derrot\u00f3 a Gimnasia y Tiro de Salta. <\/p>\n<div class=\"sp__SM\">\n<div class=\"content-new \">\n<span class=\"tit-mobile\">Mir\u00e1 tambi\u00e9n<\/span><\/p>\n<div class=\"mg\">\n<div class=\"wrap-figure\">\n<picture>\n<a href=\"https:\/\/www.ole.com.ar\/futbol-ascenso\/p-nacional-sacachispas-refuerzo_0_crHVvURZzA.html\" target=\"_self\" rel=\"noopener\"><br \/>\n<img class=\"img-responsive\" alt=\"Uno m\u00e1s para el mediocampo del Lila\" src=\"http:\/\/cordobadirecto.com\/wp-content\/uploads\/2022\/02\/todo-lo-que-tenes-que-saber-del-nacional-que-se-viene-4.jpg\" loading=\"lazy\"><br \/>\n<\/a>\n<\/picture>\n<\/div>\n<\/div><\/div>\n<\/div>\n<h2><strong>\u00bfQui\u00e9nes trajeron m\u00e1s refuerzos para el 2022?<\/strong><\/h2>\n<p><strong>\u200b<\/strong>Los mercados de pases en el Ascenso suelen ser muy movidos. Algunos hasta terminan haciendo una renovaci\u00f3n casi total de su plantel. En este caso, los que vaciaron las g\u00f3ndolas fueron Chacarita y Estudiantes de Caseros, dos equipos que tuvieron un 2021 para el olvido. Se explica desde ese lado tantos refuerzos. Cada uno trajo 19 incorporaciones. Un vestuario nuevo levantaron.<\/p>\n<div class=\"sp__SM\">\n<div class=\"content-new \">\n<span class=\"tit-mobile\">Mir\u00e1 tambi\u00e9n<\/span><\/p>\n<div class=\"mg\">\n<div class=\"wrap-figure\">\n<picture>\n<a href=\"https:\/\/www.ole.com.ar\/futbol-ascenso\/p-nacional-estudiantes-centurion-ida_0_YVN8PYttMR.html\" target=\"_self\" rel=\"noopener\"><br \/>\n<img class=\"img-responsive\" alt=\"Su arquero se fue a River y trajo otros tres\" src=\"http:\/\/cordobadirecto.com\/wp-content\/uploads\/2022\/02\/todo-lo-que-tenes-que-saber-del-nacional-que-se-viene-5.jpg\" loading=\"lazy\"><br \/>\n<\/a>\n<\/picture>\n<\/div>\n<\/div><\/div>\n<\/div>\n<h2><strong>\u00bfQu\u00e9 jugadores con pasado en la A formar\u00e1n parte de la PN?<\/strong><\/h2>\n<p><strong>\u200b<\/strong>En la Primera Nacional, la categor\u00eda sobra. Pero, a\u00fan as\u00ed, los equipos apuntan un poco m\u00e1s altos y van por jugadores de la LPF, donde este a\u00f1os se destacar\u00e1n: Facundo Parra, Hern\u00e1n Fredes, Ignacio Russo (Chacarita), Rom\u00e1n Mart\u00ednez (Riestra), Hern\u00e1n Grana (Ferro), Mart\u00edn Peraf\u00e1n, Iv\u00e1n Erquiaga, Fernando Evangelista, Adri\u00e1n Calello, Mariano Pavone (Quilmes), Fernando Brand\u00e1n (All Boys), Lucas Diarte, Hern\u00e1n Pellerano (San Mart\u00edn de Tucum\u00e1n), Luciano Goux (Defensores de Belgrano), N\u00e9stor Moiraghi, Arnaldo Gonz\u00e1lez, Mat\u00edas Fritzler (Agropecuario), Gabriel Graciani, Patricio Cucchi, Joaqu\u00edn Arzura (Instituto), Diego Novaretti, Gabriel Compagnucci, Fabi\u00e1n Bordagaray, Maximiliano Comba, Ariel Rojas, Pablo Vegetti (Belgrano).<\/p>\n<div class=\"sp__SM\">\n<div class=\"content-new \">\n<span class=\"tit-mobile\">Mir\u00e1 tambi\u00e9n<\/span><\/p>\n<div class=\"mg\">\n<div class=\"wrap-figure\">\n<picture>\n<a href=\"https:\/\/www.ole.com.ar\/futbol-ascenso\/primera-c-atlas-deportivo-zoe_0_mWt7aSbJoL.html\" target=\"_self\" rel=\"noopener\"><br \/>\n<img class=\"img-responsive\" alt=\"Dos que llegan desde el Regional\" src=\"http:\/\/cordobadirecto.com\/wp-content\/uploads\/2022\/02\/todo-lo-que-tenes-que-saber-del-nacional-que-se-viene-6.jpg\" loading=\"lazy\"><br \/>\n<\/a>\n<\/picture>\n<\/div>\n<\/div><\/div>\n<\/div>\n<h2><strong>\u00bfQu\u00e9 equipos estrenar\u00e1n DT esta temporada?<\/strong><\/h2>\n<p>En este torneo, 17 t\u00e9cnicos har\u00e1n su debut al frente de sus equipos: Federico Hern\u00e1ndez (Agropecuario), An\u00edbal Biggeri (All Boys), Rub\u00e9n Forestello (Atl\u00e9tico de Rafaela), Andr\u00e9s Yllana (Brown de Puerto Madryn), Pablo Frontini (Defensores de Belgrano), Juan Manuel Sara (Deportivo Maip\u00fa), Alejandro Orfila (Mor\u00f3n), Walter Otta (Estudiantes de Caseros), Manuel Fern\u00e1ndez (Ferro), Cristian Molins (Gimnasia de Jujuy), Lucas Bovaglio (Instituto), Arnaldo Sialle (Mitre), Alfredo Grelak (Chicago), Leandro Ben\u00edtez (Quilmes), Axel Claz\u00f3n (San Telmo), Sebasti\u00e1n Cejas (Santamarina) y Gast\u00f3n Pern\u00eda(Trist\u00e1n Su\u00e1rez).<\/p>\n<div class=\"sp__SM\">\n<div class=\"content-new \">\n<span class=\"tit-mobile\">Mir\u00e1 tambi\u00e9n<\/span><\/p>\n<div class=\"mg\">\n<div class=\"wrap-figure\">\n<picture>\n<a href=\"https:\/\/www.ole.com.ar\/futbol-ascenso\/p-nacional-chaco-for-ever-boca_0_zW6N0w2Jt8.html\" target=\"_self\" rel=\"noopener\"><br \/>\n<img class=\"img-responsive\" alt=\"Refuerzo boquense para Chaco For Ever\" src=\"http:\/\/cordobadirecto.com\/wp-content\/uploads\/2022\/02\/todo-lo-que-tenes-que-saber-del-nacional-que-se-viene-7.jpg\" loading=\"lazy\"><br \/>\n<\/a>\n<\/picture>\n<\/div>\n<\/div><\/div>\n<\/div>\n<h2><strong>\u00bfCu\u00e1ndo termina la competencia que arranca el viernes?<\/strong><\/h2>\n<p><strong>\u200b<\/strong>\u200bEste a\u00f1o no ser\u00e1 uno m\u00e1s, ya que, en noviembre, se llevar\u00e1 a cabo el mundial de Qatar. La Primera Nacional comprende un formato muy extenso y, por eso, su inicio ser\u00e1 en febrero, a la par del resto. Dicho certamen finalizar\u00e1 a fines de octubre (fin de semana del 8 termina la parte regular) y principios de noviembre, unas semanas antes del comienzo de la cita mundial.<\/p>\n<div class=\"sp__SM\">\n<div class=\"content-new \">\n<span class=\"tit-mobile\">Mir\u00e1 tambi\u00e9n<\/span><\/p>\n<div class=\"mg\">\n<div class=\"wrap-figure\">\n<picture>\n<a href=\"https:\/\/www.ole.com.ar\/futbol-ascenso\/ferro-comunicaciones-sub-20-masche_0_jIfCwmF5Fv.html\" target=\"_self\" rel=\"noopener\"><br \/>\n<img class=\"img-responsive\" alt=\"Ascenso unido: Conoc\u00e9 a los convocados por Masche al Sub 20\" src=\"http:\/\/cordobadirecto.com\/wp-content\/uploads\/2022\/02\/todo-lo-que-tenes-que-saber-del-nacional-que-se-viene-8.jpg\" loading=\"lazy\"><br \/>\n<\/a>\n<\/picture>\n<\/div>\n<\/div><\/div>\n<\/div>\n<div class=\"sp__SM\">\n<div class=\"content-new \">\n<span class=\"tit-mobile\">Mir\u00e1 tambi\u00e9n<\/span><\/p>\n<div class=\"mg\">\n<div class=\"wrap-figure\">\n<picture>\n<a href=\"https:\/\/www.ole.com.ar\/futbol-ascenso\/p-nacional-all-boys-miguez-gimnasia_0_XRA2CUVaZ8.html\" target=\"_self\" rel=\"noopener\"><br \/>\n<img class=\"img-responsive\" alt=\"De dirigido por Maradona a refuerzo de All Boys\" src=\"http:\/\/cordobadirecto.com\/wp-content\/uploads\/2022\/02\/todo-lo-que-tenes-que-saber-del-nacional-que-se-viene-9.jpg\" loading=\"lazy\"><br \/>\n<\/a>\n<\/picture>\n<\/div>\n<\/div><\/div>\n<\/div>\n<div class=\"sp__SM\">\n<div class=\"content-new \">\n<span class=\"tit-mobile\">Mir\u00e1 tambi\u00e9n<\/span><\/p>\n<div class=\"mg\">\n<div class=\"wrap-figure\">\n<picture>\n<a href=\"https:\/\/www.ole.com.ar\/river-plate\/sede-river-debut-copa-argentina_0_hOo7Qz82Ak.html\" target=\"_self\" rel=\"noopener\"><br \/>\n<img class=\"img-responsive\" alt=\"River ya tiene sede confirmada para la Copa Argentina\" src=\"http:\/\/cordobadirecto.com\/wp-content\/uploads\/2022\/02\/todo-lo-que-tenes-que-saber-del-nacional-que-se-viene-10.jpg\" loading=\"lazy\"><br \/>\n<\/a>\n<\/picture>\n<\/div>\n<\/div><\/div>\n<\/div>\n<div class=\"entry-tags\">\n<h2>TEMAS QUE APARECEN EN ESTA NOTA<\/h2>\n<\/p><\/div>\n","protected":false},"excerpt":{"rendered":"<p>El certamen dar\u00e1 inicio este viernes y los equipos de la Primera Nacional lo saben. En base a incorporaciones, los clubes se rearmaron con sus entrenadores a la cabeza y, con los ascendidos, se viene un campeonato a puro color. \u00bfC\u00f3mo se juega la nueva temporada de la Primera Nacional? \u200bEl inicio del torneo se [&hellip;]<\/p>\n","protected":false},"author":1,"featured_media":43907,"comment_status":"closed","ping_status":"closed","sticky":false,"template":"","format":"standard","meta":[],"categories":[21],"tags":[],"_links":{"self":[{"href":"http:\/\/cordobadirecto.com\/index.php\/wp-json\/wp\/v2\/posts\/43906"}],"collection":[{"href":"http:\/\/cordobadirecto.com\/index.php\/wp-json\/wp\/v2\/posts"}],"about":[{"href":"http:\/\/cordobadirecto.com\/index.php\/wp-json\/wp\/v2\/types\/post"}],"author":[{"embeddable":true,"href":"http:\/\/cordobadirecto.com\/index.php\/wp-json\/wp\/v2\/users\/1"}],"replies":[{"embeddable":true,"href":"http:\/\/cordobadirecto.com\/index.php\/wp-json\/wp\/v2\/comments?post=43906"}],"version-history":[{"count":0,"href":"http:\/\/cordobadirecto.com\/index.php\/wp-json\/wp\/v2\/posts\/43906\/revisions"}],"wp:featuredmedia":[{"embeddable":true,"href":"http:\/\/cordobadirecto.com\/index.php\/wp-json\/wp\/v2\/media\/43907"}],"wp:attachment":[{"href":"http:\/\/cordobadirecto.com\/index.php\/wp-json\/wp\/v2\/media?parent=43906"}],"wp:term":[{"taxonomy":"category","embeddable":true,"href":"http:\/\/cordobadirecto.com\/index.php\/wp-json\/wp\/v2\/categories?post=43906"},{"taxonomy":"post_tag","embeddable":true,"href":"http:\/\/cordobadirecto.com\/index.php\/wp-json\/wp\/v2\/tags?post=43906"}],"curies":[{"name":"wp","href":"https:\/\/api.w.org\/{rel}","templated":true}]}}