{"id":43929,"date":"2022-02-11T09:00:21","date_gmt":"2022-02-11T09:00:21","guid":{"rendered":"https:\/\/www.checkinmag.com\/?p=2502"},"modified":"2022-02-11T09:00:21","modified_gmt":"2022-02-11T09:00:21","slug":"air-europa-vuelve-a-conectar-cordoba-con-europa","status":"publish","type":"post","link":"http:\/\/cordobadirecto.com\/index.php\/2022\/02\/11\/air-europa-vuelve-a-conectar-cordoba-con-europa\/","title":{"rendered":"Air Europa vuelve a conectar C\u00f3rdoba con Europa"},"content":{"rendered":"<div><img src=\"http:\/\/cordobadirecto.com\/wp-content\/uploads\/2022\/02\/air-europa-vuelve-a-conectar-cordoba-con-europa.jpg\" class=\"ff-og-image-inserted\"><\/div>\n<p>Air Europa vuelve desde este jueves a conectar C\u00f3rdoba con Europa a trav\u00e9s de su hub del Aeropuerto Adolfo Su\u00e1rez Madrid Barajas. Con cuatro frecuencias semanales, la aerol\u00ednea reanuda su operativa con la capital de Espa\u00f1a, desde donde garantiza una perfecta y r\u00e1pida conexi\u00f3n con otros 15 destinos europeos y m\u00e1s de 20 ciudades espa\u00f1olas.&nbsp;<\/p>\n<p>El primer vuelo despegar\u00e1 de C\u00f3rdoba este jueves, d\u00eda 3, a las 16.50 horas y, tras una parada en la capital de Paraguay, tomar\u00e1 tierra en Madrid a las 11.15 horas del d\u00eda siguiente. Con este horario, Air Europa facilita a todos los pasajeros en tr\u00e1nsito una r\u00e1pida y c\u00f3moda conectividad con el resto de destinos europeos.&nbsp;<\/p>\n<p>La aerol\u00ednea, cuya gesti\u00f3n se apoya en la aplicaci\u00f3n de la disciplina de capacidad, que permite organizar los recursos en funci\u00f3n de la demanda real;&nbsp;&nbsp;tiene previsto programar antes de finales de a\u00f1o hasta seis vuelos a la semana, recuperando de esta manera la capacidad operativa que esta ruta manten\u00eda antes de la pandemia.<\/p>\n<p>Air Europa operar\u00e1 desde esta semana&nbsp;&nbsp;los lunes, martes, jueves y s\u00e1bados, y lo har\u00e1 siempre con la flota Boeing 787 Dreamliner, los aviones m\u00e1s modernos y que presentan un excepcional rendimiento medioambiental , al ser capaces de reducir el tiempo de vuelo en 40 minutos y disminuir tanto el consumo de combustible como las emisiones en un 20%. La flota Boeing 787 Dreamliner cuenta con la nueva clase Business que, bajo m\u00e1ximas de comodidad y privacidad, garantiza al pasajero una experiencia \u00fanica y atenci\u00f3n personalizada durante todo el vuelo.&nbsp;<\/p>\n<p>Cabe recordar que Air Europa reanuda su programaci\u00f3n con Madrid y resto de destinos europeos, manteniendo los m\u00e1ximos est\u00e1ndares de seguridad y calidad para garantizar en todo momento el bienestar del cliente.&nbsp;&nbsp;Adem\u00e1s,&nbsp;&nbsp;la flota Boeing 787 Dreamliner est\u00e1 dotada de los filtros de m\u00e1xima eficiencia HEPA, los mismos que se utilizan en ambientes hospitalarios, capaces de eliminar el 99,9% de las part\u00edculas que contienen virus, y que permiten que el aire de la cabina est\u00e9 en permanente circulaci\u00f3n y se renueve cada dos minutos.<\/p>\n<p><a href=\"http:\/\/www.air-europa.com\" data-type=\"URL\" data-id=\"www.air-europa.com\">www.air-europa.com<\/a><\/p>\n","protected":false},"excerpt":{"rendered":"<p>Air Europa vuelve desde este jueves a conectar C\u00f3rdoba con Europa a trav\u00e9s de su hub del Aeropuerto Adolfo Su\u00e1rez Madrid Barajas. Con cuatro frecuencias semanales, la aerol\u00ednea reanuda su operativa con la capital de Espa\u00f1a, desde donde garantiza una perfecta y r\u00e1pida conexi\u00f3n con otros 15 destinos europeos y m\u00e1s de 20 ciudades espa\u00f1olas.&nbsp; [&hellip;]<\/p>\n","protected":false},"author":1,"featured_media":43930,"comment_status":"closed","ping_status":"closed","sticky":false,"template":"","format":"standard","meta":[],"categories":[22],"tags":[],"_links":{"self":[{"href":"http:\/\/cordobadirecto.com\/index.php\/wp-json\/wp\/v2\/posts\/43929"}],"collection":[{"href":"http:\/\/cordobadirecto.com\/index.php\/wp-json\/wp\/v2\/posts"}],"about":[{"href":"http:\/\/cordobadirecto.com\/index.php\/wp-json\/wp\/v2\/types\/post"}],"author":[{"embeddable":true,"href":"http:\/\/cordobadirecto.com\/index.php\/wp-json\/wp\/v2\/users\/1"}],"replies":[{"embeddable":true,"href":"http:\/\/cordobadirecto.com\/index.php\/wp-json\/wp\/v2\/comments?post=43929"}],"version-history":[{"count":0,"href":"http:\/\/cordobadirecto.com\/index.php\/wp-json\/wp\/v2\/posts\/43929\/revisions"}],"wp:featuredmedia":[{"embeddable":true,"href":"http:\/\/cordobadirecto.com\/index.php\/wp-json\/wp\/v2\/media\/43930"}],"wp:attachment":[{"href":"http:\/\/cordobadirecto.com\/index.php\/wp-json\/wp\/v2\/media?parent=43929"}],"wp:term":[{"taxonomy":"category","embeddable":true,"href":"http:\/\/cordobadirecto.com\/index.php\/wp-json\/wp\/v2\/categories?post=43929"},{"taxonomy":"post_tag","embeddable":true,"href":"http:\/\/cordobadirecto.com\/index.php\/wp-json\/wp\/v2\/tags?post=43929"}],"curies":[{"name":"wp","href":"https:\/\/api.w.org\/{rel}","templated":true}]}}