{"id":44064,"date":"2022-02-11T16:22:39","date_gmt":"2022-02-11T16:22:39","guid":{"rendered":"http:\/\/cordobadirecto.com\/index.php\/2022\/02\/11\/ruben-szuchmacher-le-pone-fuerza-a-una-de-las-piezas-menos-conocidas-de-henrik-ibsen\/"},"modified":"2022-02-11T16:22:39","modified_gmt":"2022-02-11T16:22:39","slug":"ruben-szuchmacher-le-pone-fuerza-a-una-de-las-piezas-menos-conocidas-de-henrik-ibsen","status":"publish","type":"post","link":"http:\/\/cordobadirecto.com\/index.php\/2022\/02\/11\/ruben-szuchmacher-le-pone-fuerza-a-una-de-las-piezas-menos-conocidas-de-henrik-ibsen\/","title":{"rendered":"Ruben Szuchmacher le pone fuerza a una de las piezas menos conocidas de Henrik Ibsen"},"content":{"rendered":"<figure class=\"mb-3\"><img loading=\"lazy\" src=\"http:\/\/cordobadirecto.com\/wp-content\/uploads\/2022\/02\/ruben-szuchmacher-le-pone-fuerza-a-una-de-las-piezas-menos-conocidas-de-henrik-ibsen.jpg\" width=\"100%\" height=\"100%\" alt=\"Todos los que hacen Cuando nosotros los muertos despertamos la ltima obra del autor noruego\"><figcaption> Todos los que hacen &#8220;Cuando nosotros los muertos despertamos&#8221;, la \u00faltima obra del autor noruego. <\/figcaption><\/figure>\n<p><strong>Rub\u00e9n Szuchmacher<\/strong>, es el director y coadaptador con <strong>Lautaro Vilo<\/strong>, de la versi\u00f3n de <strong>&#8220;Cuando nosotros los muertos despertamos&#8221;<\/strong>, \u00faltima obra escrita por Henrik Ibsen, que se estrenar\u00e1 ma\u00f1ana en la sala Mar\u00eda Guerrero del Teatro Nacional Cervantes.<\/p>\n<p><strong>&#8220;Mi relaci\u00f3n con Ibsen siempre tuvo gusto a poco, porque creo que fue el sistema teatral argentino que no me permiti\u00f3 tomar m\u00e1s de sus obras, como &#8216;Un enemigo del pueblo&#8217; -que dirig\u00ed en televisi\u00f3n- o una que me gusta mucho, que es &#8216;Peer Gynt&#8217;. En &#8216;Lo que pas\u00f3 cuando Nora dej\u00f3 a su marido o Los pilares de las sociedades&#8217;, que dirig\u00ed en el San Mart\u00edn en 2003, agregu\u00e9 el tercer acto de &#8216;Casa de mu\u00f1ecas&#8217;, que se representaba durante la entrada del p\u00fablico&#8221;<\/strong>, se\u00f1al\u00f3 Szuchmacher en el comienzo de la charla con T\u00e9lam sobre el autor de la obra que estrena ma\u00f1ana.<\/p>\n<blockquote class><p>&#8220;Ibsen es hoy un autor de una contemporaneidad monstruosa, porque se siguen haciendo &#8216;Casa de mu\u00f1ecas&#8217; o &#8216;Un enemigo del pueblo&#8217; y se podr\u00edan hacer muchas m\u00e1s de sus obras, como &#8216;Peer Gynt&#8217; o &#8216;Los pilares de la sociedad'&#8221;<cite class=\"author\">Rub\u00e9n Szchumacher<\/cite><\/p><\/blockquote>\n<p>El director coment\u00f3 que mientras dio clases de actuaci\u00f3n, muchos alumnos y alumnas tomaron textos del autor escandinavo para sus trabajos, <strong>&#8220;y por eso es importante mi encuentro en este momento de mi vida con esta obra, en un proyecto que se empez\u00f3 a gestar en 2019, cuando pens\u00e1bamos en hacer algo con los autores del \u00faltimo per\u00edodo simbolista&#8221;.<\/strong><\/p>\n<p><strong>T\u00e9lam: \u00bfC\u00f3mo se decidieron por esta obra?<\/strong><\/p>\n<p>Rub\u00e9n Szuchmacher: Con Lautaro Vilo comenzamos a pensar y dijimos: hagamos esta, que no conoce nadie. Es una de esas obras que hablan del veraneo; las vacaciones no son algo tan antiguo. De las obras de Ibsen esta es una de las m\u00e1s cortas; tiene tres actos pero el \u00faltimo es muy corto y contiene algunos intermedios como algunos ba\u00f1istas que entran, ni\u00f1os&#8230; pero nosotros los eliminamos.<\/p>\n<p>Lo que nos sorprendi\u00f3 cuando la le\u00edmos fue que nos result\u00f3 muy corta para ser una obra de su \u00e9poca. Le\u00edda, dura una hora quince o una hora veinte. Ah\u00ed viene uno de los atractivos, ya que es como un portal hacia el Siglo XX, no tanto por esa idea de que Ibsen es el fundador del teatro moderno porque instala la cuesti\u00f3n del realismo. Ac\u00e1 ya se va a un lugar que le abre la puerta a August Strindberg, as\u00ed como a Samuel Beckett o Harold Pinter.<\/p>\n<p><strong>T: Con esta, que es su \u00faltima obra (1899), se apura a los cambios&#8230;<\/strong><\/p>\n<p>RS: Ibsen era un hombre incre\u00edblemente torturado pero de avanzada y estaba ya un poco harto de lo que escrib\u00eda, y ac\u00e1 lo que empieza a hacer es lo que tiene que ver con la sustracci\u00f3n: empieza a quitar elementos que en las obras anteriores le llevaban tiempo, disquisiciones sobre terceros, esas cosas que est\u00e1n en las grandes obras que le conocemos, y aqu\u00ed directamente va al grano y comienza con dos personajes, cuando uno le pregunta al otro &#8220;qu\u00e9 te pasa&#8221;, el otro contesta &#8220;\u00a1uf!, no soporto el silencio que hay ac\u00e1&#8221;.<\/p>\n<p>Son personas que est\u00e1n leyendo el diario; no hay antes alguien que anuncie &#8220;en este momento est\u00e1n de vacaciones el se\u00f1or y la se\u00f1ora Rubek, se van a quedar por un largo tiempo&#8221;. Hay algo muy atractivo que hace que la obra se vuelva muy contempor\u00e1nea en su estructura, m\u00e1s all\u00e1 del tema que trata.<\/p>\n<p><strong>T: Tiene algo de fantasioso, pese a todo.<\/strong><\/p>\n<p>RS: Narra el reencuentro entre un escultor y su modelo en el que ella dice que \u00e9l le rob\u00f3 el alma. \u00bfPero qu\u00e9 tendr\u00e1 que ver con nosotros? Es que tiene algo que ver con ese esp\u00edritu escandinavo que no s\u00e9 por qu\u00e9 nosotros lo tenemos; porque hay algo universal. En ese sentido la adaptaci\u00f3n que hicimos con Lautaro no altera la obra, le da una capacidad de lenguaje para que sea enteramente comprensible para nuestro p\u00fablico.<\/p>\n<p>Por eso aparece en aquellos a\u00f1os un entusiasmado y joven James Joyce que escribe un largu\u00edsimo art\u00edculo sobre esta obra y le manda a Ibsen una carta de admiraci\u00f3n donde le dice que lo que queda es el silencio. No es una obra previsible, no va por los caminos habituales y a la vez es una obra de un autor del Siglo XIX.<\/p>\n<figure class=\"right mb-3\"><img loading=\"lazy\" src=\"http:\/\/cordobadirecto.com\/wp-content\/uploads\/2022\/02\/ruben-szuchmacher-le-pone-fuerza-a-una-de-las-piezas-menos-conocidas-de-henrik-ibsen-1.jpg\" width=\"100%\" height=\"100%\" alt=\"Ruben Szuchmacher el director\"><figcaption> Ruben Szuchmacher, el director. <\/figcaption><\/figure>\n<p><br open><strong>T: \u00bfQu\u00e9 sucedi\u00f3 entre tanto?<\/strong><\/p>\n<p>RS: Se supone que pas\u00f3 una centuria muy tremenda, como el Siglo XX, y todav\u00eda estamos con la cabeza en el Siglo XIX. Yo tengo un dicho que me hace gracia y que dice &#8220;Vivimos en el Siglo XXI con la cabeza en el Siglo XIX tratando de entender qu\u00e9 pas\u00f3 en el Siglo XX&#8221;. A diferencia de otros momentos de la historia, cada siglo se constituy\u00f3 como propio, pero yo tengo amigos que son del Siglo XIX.<\/p>\n<p><strong>T: \u00bfPor qu\u00e9 el personaje de la modelo dice que est\u00e1 muerta, que le quitaron el esp\u00edritu?<\/strong><\/p>\n<p>RS: La obra no se encarga de explicarlo demasiado, creo que lo que hace Ibsen es tomar ideas de la \u00e9poca respecto de la histeria; estamos en pleno momento del neur\u00f3logo Jean-Martin Charcot y en el a\u00f1o de la publicaci\u00f3n de &#8220;La interpretaci\u00f3n de los sue\u00f1os&#8221;, de Sigmund Freud, con lo cual es toda una tem\u00e1tica de su tiempo, con un sujeto al que le &#8220;quitaron algo&#8221;, que no lo dejaron ser.<\/p>\n<p>Como buen autor y como visionario a Ibsen no le preocupa entrar en aclaraciones, si lo vemos en clave de Strindberg nos preguntamos por qu\u00e9 esa mujer dice eso. Si uno lo mira desde un autor contempor\u00e1neo, que diga &#8220;estoy muerta&#8221; no resulta tan indescifrable: la escultura es tan perfecta que se entiende: &#8220;Te quedaste con mi alma, por lo tanto estoy muerta&#8221;.<\/p>\n<p><strong>T: Lo curioso es que en su variedad tem\u00e1tica, Ibsen ha tocado todos los \u00edtems modernos.<\/strong><\/p>\n<p>RS: Yo creo que \u00e9l entiende algo, sin decirlo, que es la constituci\u00f3n de la burgues\u00eda y el capitalismo. \u00c9l lo entiende, lo transforma en obras y lo critica a su vez; por eso me parece que tambi\u00e9n es un autor muy mal le\u00eddo. No digo que yo sea un buen lector, pero se han quedado con esta cosa de defensor del individualismo burgu\u00e9s por &#8220;El enemigo&#8230;&#8221;; pero en realidad es un autor al que habr\u00eda que leer cada diez a\u00f1os, porque cada diez a\u00f1os cambia, es otro autor.<\/p>\n<p>Hoy es un autor de una contemporaneidad monstruosa, porque se siguen haciendo &#8220;Casa de mu\u00f1ecas&#8221; o &#8220;Un enemigo del pueblo&#8221; y se podr\u00edan hacer muchas m\u00e1s de sus obras, como &#8220;Peer Gynt&#8221; o &#8220;Los pilares de la sociedad&#8221;. De alguna manera aparece algo de ese mundo torturado que genera el capitalismo, algo que en esas sociedades que son m\u00e1s protestantes que cat\u00f3licas, est\u00e1 muy presente. Hay algo que de manera indirecta se refleja sobre la vida que nosotros tenemos.<\/p>\n<p><strong>T: \u00bfEn tu versi\u00f3n fueron eliminados muchos personajes?<\/strong><\/p>\n<p>RS: Nada, sacando los extras que eran los ni\u00f1os y los turistas, en realidad est\u00e1n todos. Incluso un personaje que est\u00e1 tres minutos en escena, pero su aparici\u00f3n es esencial.<\/p>\n<p>\u201cCuando nosotros los muertos despertamos\u201d se ofrecer\u00e1 en el Teatro Nacional Cervantes, Libertad 815, domingos, mi\u00e9rcoles, jueves, viernes y s\u00e1bados a las 20. Act\u00faan Claudia Cantero, Andrea Jaet, Jose Mehrez, Ver\u00f3nica Pelaccini, Horacio Pe\u00f1a y Alejandro Vizzotti. <\/p>\n","protected":false},"excerpt":{"rendered":"<p>Todos los que hacen &#8220;Cuando nosotros los muertos despertamos&#8221;, la \u00faltima obra del autor noruego. Rub\u00e9n Szuchmacher, es el director y coadaptador con Lautaro Vilo, de la versi\u00f3n de &#8220;Cuando nosotros los muertos despertamos&#8221;, \u00faltima obra escrita por Henrik Ibsen, que se estrenar\u00e1 ma\u00f1ana en la sala Mar\u00eda Guerrero del Teatro Nacional Cervantes. &#8220;Mi relaci\u00f3n [&hellip;]<\/p>\n","protected":false},"author":1,"featured_media":44065,"comment_status":"closed","ping_status":"closed","sticky":false,"template":"","format":"standard","meta":[],"categories":[20],"tags":[],"_links":{"self":[{"href":"http:\/\/cordobadirecto.com\/index.php\/wp-json\/wp\/v2\/posts\/44064"}],"collection":[{"href":"http:\/\/cordobadirecto.com\/index.php\/wp-json\/wp\/v2\/posts"}],"about":[{"href":"http:\/\/cordobadirecto.com\/index.php\/wp-json\/wp\/v2\/types\/post"}],"author":[{"embeddable":true,"href":"http:\/\/cordobadirecto.com\/index.php\/wp-json\/wp\/v2\/users\/1"}],"replies":[{"embeddable":true,"href":"http:\/\/cordobadirecto.com\/index.php\/wp-json\/wp\/v2\/comments?post=44064"}],"version-history":[{"count":0,"href":"http:\/\/cordobadirecto.com\/index.php\/wp-json\/wp\/v2\/posts\/44064\/revisions"}],"wp:featuredmedia":[{"embeddable":true,"href":"http:\/\/cordobadirecto.com\/index.php\/wp-json\/wp\/v2\/media\/44065"}],"wp:attachment":[{"href":"http:\/\/cordobadirecto.com\/index.php\/wp-json\/wp\/v2\/media?parent=44064"}],"wp:term":[{"taxonomy":"category","embeddable":true,"href":"http:\/\/cordobadirecto.com\/index.php\/wp-json\/wp\/v2\/categories?post=44064"},{"taxonomy":"post_tag","embeddable":true,"href":"http:\/\/cordobadirecto.com\/index.php\/wp-json\/wp\/v2\/tags?post=44064"}],"curies":[{"name":"wp","href":"https:\/\/api.w.org\/{rel}","templated":true}]}}