{"id":44071,"date":"2022-02-11T16:22:49","date_gmt":"2022-02-11T16:22:49","guid":{"rendered":"https:\/\/www.ole.com.ar\/futbol-ascenso\/p-nacional-all-boys-miguez-maradona_0_0GXYiCUpHy.html"},"modified":"2022-02-11T16:22:49","modified_gmt":"2022-02-11T16:22:49","slug":"lucas-miguez-estar-con-maradona-fue-una-locura-inolvidable","status":"publish","type":"post","link":"http:\/\/cordobadirecto.com\/index.php\/2022\/02\/11\/lucas-miguez-estar-con-maradona-fue-una-locura-inolvidable\/","title":{"rendered":"Lucas M\u00edguez: &#8220;Estar con Maradona fue una locura inolvidable&#8221;"},"content":{"rendered":"<p>Su carrera comenz\u00f3 en las Inferiores en Arsenal de Sarand\u00ed, hasta llegar a la Reserva. Al no tener muchas oportunidades, decidi\u00f3 buscar nuevos rumbos. Actualmente, <strong>Lucas M\u00edguez <\/strong>es parte de All Boys, pero lo que m\u00e1s recordar\u00e1 es la experiencia de ser dirigido por <a alt=\"diego-maradona\" class=\"slug\" href=\"https:\/\/www.ole.com.ar\/tema\/diego-maradona.html\" target=\"_blank\" title=\"diego-maradona\" rel=\"noopener\">Diego Armando Maradona<\/a> en Gimnasia, la cual \u00e9l describe como <strong>\u201cuna locura inolvidable\u201d.<\/strong><\/p>\n<div class=\"sp__SM\">\n<div class=\"content-new \">\n<span class=\"tit-mobile\">Mir\u00e1 tambi\u00e9n<\/span><\/p>\n<div class=\"mg\">\n<div class=\"wrap-figure\">\n<picture>\n<a href=\"https:\/\/www.ole.com.ar\/futbol-ascenso\/p-nacional-deportivo-madryn-fernandez_0_Whk7fH2dso.html\" target=\"_self\" rel=\"noopener\"><br \/>\n<img class=\"img-responsive\" alt=\"\u00bfBrian Fern\u00e1ndez a Madryn?\" src=\"http:\/\/cordobadirecto.com\/wp-content\/uploads\/2022\/02\/lucas-miguez-estar-con-maradona-fue-una-locura-inolvidable.jpg\" loading=\"lazy\"><br \/>\n<\/a>\n<\/picture>\n<\/div>\n<\/div><\/div>\n<\/div>\n<p><strong>-\u00bfC\u00f3mo se dio tu llegada a Gimnasia?<\/strong><\/p>\n<p>-Llegu\u00e9 a Gimnasia a principios de febrero de 2019, ven\u00eda de jugar en la Reserva de Arsenal. En la del Lobo estaban Martini y Mesera, firm\u00e9 contrato y empec\u00e9 a alternar con la primera. En junio sub\u00ed a primera con Hern\u00e1n Dar\u00edo Ortiz como DT, hasta que despu\u00e9s de la pretemporada me toc\u00f3 bajar a Reserva por la edad y por la cantidad de jugadores que ya hab\u00eda.<\/p>\n<div class=\"sp__Normal\">\n<div class=\"image-embeb image-trigger\" readability=\"6\">\n<picture><source media=\"(min-width: 720px)\" srcset=\"http:\/\/cordobadirecto.com\/wp-content\/uploads\/2022\/02\/lucas-miguez-estar-con-maradona-fue-una-locura-inolvidable-1.jpg\"><img itemprop=\"image\" src=\"http:\/\/cordobadirecto.com\/wp-content\/uploads\/2022\/02\/lucas-miguez-estar-con-maradona-fue-una-locura-inolvidable-1.jpg\" loading=\"lazy\" alt=\"M\u00edguez en su primer pretemporada con Gimnasia al mando de Hern\u00e1n Dar\u00edo Ortiz.\">\n<\/picture><figcaption readability=\"2\">\n<p>M\u00edguez en su primer pretemporada con Gimnasia al mando de Hern\u00e1n Dar\u00edo Ortiz.\n<\/p>\n<\/figcaption><\/div>\n<\/div>\n<p><strong>-\u00bfCu\u00e1les fueron tus sensaciones cuando se confirm\u00f3 la llegada de Diego al club?<\/strong><\/p>\n<p>-Fue una alegr\u00eda enorme para m\u00ed porque estaba hace poco en el club y que se confirme algo as\u00ed fue una felicidad para m\u00ed, mi familia y mis conocidos. Sent\u00ed mucha adrenalina porque uno no sab\u00eda c\u00f3mo era la figura cercana de Maradona y tenerlo todos los d\u00edas en Estancia Chica fue imponente, algo impensado.<\/p>\n<p><strong>-\u00bfPensabas que justamente \u00e9l iba ser quien te hiciera debutar?<\/strong><\/p>\n<p>-Si te digo que s\u00ed te mentir\u00eda pero cuando lleg\u00f3 Diego, en la cena con mi familia jodiendo, les dije:&nbsp;\u201c\u00bfTe imaginas que me haga debutar Maradona, \u00bfHay algo m\u00e1s despu\u00e9s de eso si me llega a pasar?\u201d. Fue un chiste que despu\u00e9s de un tiempo se cumpli\u00f3. Cada vez que recuerdo eso me r\u00edo porque fue una fantas\u00eda que ten\u00eda y se termin\u00f3 cumpliendo.<\/p>\n<div class=\"sp__SM\">\n<div class=\"content-new \">\n<span class=\"tit-mobile\">Mir\u00e1 tambi\u00e9n<\/span><\/p>\n<div class=\"mg\">\n<div class=\"wrap-figure\">\n<picture>\n<a href=\"https:\/\/www.ole.com.ar\/futbol-ascenso\/p-nacional-moron-tristan-hora_0_1SfCPGrnxj.html\" target=\"_self\" rel=\"noopener\"><br \/>\n<img class=\"img-responsive\" alt=\"Mor\u00f3n y Trist\u00e1n Su\u00e1rez abren un nuevo torneo del Nacional\" src=\"http:\/\/cordobadirecto.com\/wp-content\/uploads\/2022\/02\/lucas-miguez-estar-con-maradona-fue-una-locura-inolvidable-2.jpg\" loading=\"lazy\"><br \/>\n<\/a>\n<\/picture>\n<\/div>\n<\/div><\/div>\n<\/div>\n<p><strong>-\u00bfQu\u00e9 sentiste cuando te llamaron para debutar? \u00bfQu\u00e9 te dijo antes de tu ingreso? Porque a todos les dice algo especial y deja algo lindo.<\/strong><\/p>\n<p>-Cuando me llam\u00f3 el Diego para debutar, no me habia dado cuenta porque estaba elongando y mirando el partido, Licht se hab\u00eda acalambrado y me estaban llamando, yo no escuchaba, hasta que un compa\u00f1ero me dice \u201cvamos, dale suerte\u201d, me palmea la espalda, yo lo miro y le digo \u201c\u00bfqu\u00e9?\u201d, sorprendido y reci\u00e9n ah\u00ed me di cuenta de que me llamaron. Sal\u00ed corriendo para el banco, sac\u00e1ndome la pechera y cuando me pon\u00eda las canilleras agachado, me agarra Diego y me dice: \u201cVamos Patito, confiamos en vos, tranquilo\u201d y me dio un beso y un abrazo. Eso me queda guardado para siempre, fue algo hermoso y \u00fanico.<\/p>\n<p><strong>-\u00bfQu\u00e9 signific\u00f3 que Diego te haya hecho debutar?<\/strong><\/p>\n<p>-Es algo \u00fanico, queda guardado para siempre. No fue una casualidad que \u00e9l me haya hecho debutar, soy un privilegiado, un tocado por la varita. Siempre voy a estar agradecido a \u00e9l, al Gallego Mendez y a Adrian Gonz\u00e1lez porque ellos tres hicieron todo esto posible.<strong>\u200b<\/strong><\/p>\n<div class=\"sp__SM\">\n<div class=\"content-new \">\n<span class=\"tit-mobile\">Mir\u00e1 tambi\u00e9n<\/span><\/p>\n<div class=\"mg\">\n<div class=\"wrap-figure\">\n<picture>\n<a href=\"https:\/\/www.ole.com.ar\/futbol-ascenso\/brey-boca-losandes-salomon_0_mnvTYiWXxd.html\" target=\"_self\" rel=\"noopener\"><br \/>\n<img class=\"img-responsive\" alt=\"Brey ya es de Boca, pero la f\u00e1brica de jugadores de Los Andes no para\" src=\"http:\/\/cordobadirecto.com\/wp-content\/uploads\/2022\/02\/lucas-miguez-estar-con-maradona-fue-una-locura-inolvidable-3.jpg\" loading=\"lazy\"><br \/>\n<\/a>\n<\/picture>\n<\/div>\n<\/div><\/div>\n<\/div>\n<p><strong>-\u200b\u00bfCa\u00edste ya en que el mejor futbolista de todos te hizo debutar o todav\u00eda no?<\/strong><\/p>\n<p>-Todav\u00eda me cuesta caer cuando me dicen que debute con Maradona, la verdad que es incre\u00edble, una emoci\u00f3n muy grande. Volver\u00eda a ese d\u00eda todos los d\u00edas de mi vida porque fue una de las mayores alegr\u00edas de mi vida y estaba toda mi familia.<\/p>\n<div class=\"sp__Normal\">\n<div class=\"image-embeb image-trigger\" readability=\"6\">\n<picture><source media=\"(min-width: 720px)\" srcset=\"http:\/\/cordobadirecto.com\/wp-content\/uploads\/2022\/02\/lucas-miguez-estar-con-maradona-fue-una-locura-inolvidable-4.jpg\"><img itemprop=\"image\" src=\"http:\/\/cordobadirecto.com\/wp-content\/uploads\/2022\/02\/lucas-miguez-estar-con-maradona-fue-una-locura-inolvidable-4.jpg\" loading=\"lazy\" alt=\"Diego firmando la primer camiseta utiliz\u00f3 M\u00edguez en su debut.\">\n<\/picture><figcaption readability=\"2\">\n<p>Diego firmando la primer camiseta utiliz\u00f3 M\u00edguez en su debut.\n<\/p>\n<\/figcaption><\/div>\n<\/div>\n<p><strong>\u200b-Dicen que hay muchas fases de Maradona pero vos, \u00bfcon cu\u00e1l de todos te quedas?<\/strong><\/p>\n<p>-Me quedo con Diego c\u00f3mo era en Estancia Chica con nosotros, \u00e9l llegaba ah\u00ed y era feliz, se le notaba desde la forma de hablar a la sonrisa que ten\u00eda cuando se sentaba en la pelota y hablaba con nosotros. Era uno m\u00e1s y le encantaba que lo tratasen as\u00ed. Eso te queda porque es algo \u00fanico, muy pocas personas vivieron el estar cerca de Diego y yo lo disfrut\u00e9 much\u00edsimo. Hoy volver\u00eda a esos d\u00edas en Estancia donde \u00e9l era feliz con la pelota, la pechera que se pon\u00eda y en las canchas.<\/p>\n<div class=\"sp__SM\">\n<div class=\"content-new \">\n<span class=\"tit-mobile\">Mir\u00e1 tambi\u00e9n<\/span><\/p>\n<div class=\"mg\">\n<div class=\"wrap-figure\">\n<picture>\n<a href=\"https:\/\/www.ole.com.ar\/futbol-ascenso\/p-nacional-quilmes-lopez-garcia_0_6TpKbt3zPd.html\" target=\"_self\" rel=\"noopener\"><br \/>\n<img class=\"img-responsive\" alt=\"Lleg\u00f3 el octavo para Quilmes\" src=\"http:\/\/cordobadirecto.com\/wp-content\/uploads\/2022\/02\/lucas-miguez-estar-con-maradona-fue-una-locura-inolvidable-5.jpg\" loading=\"lazy\"><br \/>\n<\/a>\n<\/picture>\n<\/div>\n<\/div><\/div>\n<\/div>\n<p><strong>-\u00bfC\u00f3mo era en la intimidad con el plantel?<\/strong><\/p>\n<p>-En la intimidad era uno m\u00e1s. Le encantaba hablar con nosotros, contarnos an\u00e9cdotas, que lo saluden, que lo traten como uno m\u00e1s y sumarlo en todo. Era Diego persona, un chico m\u00e1s que se divert\u00eda con nosotros.<\/p>\n<div class=\"sp__Normal\">\n<div class=\"image-embeb image-trigger\" readability=\"6.5\">\n<picture><source media=\"(min-width: 720px)\" srcset=\"http:\/\/cordobadirecto.com\/wp-content\/uploads\/2022\/02\/lucas-miguez-estar-con-maradona-fue-una-locura-inolvidable-6.jpg\"><img itemprop=\"image\" src=\"http:\/\/cordobadirecto.com\/wp-content\/uploads\/2022\/02\/lucas-miguez-estar-con-maradona-fue-una-locura-inolvidable-6.jpg\" loading=\"lazy\" alt=\"El plantel de Gimnasia festejando junto a Maradona cuando venci\u00f3 a Sportivo Barracas por Copa Argentina.\">\n<\/picture><figcaption readability=\"3\">\n<p>El plantel de Gimnasia festejando junto a Maradona cuando venci\u00f3 a Sportivo Barracas por Copa Argentina.\n<\/p>\n<\/figcaption><\/div>\n<\/div>\n<p><strong>-Cuando falleci\u00f3 fue un golpe duro para todo el pa\u00eds pero, \u00bfc\u00f3mo cay\u00f3 en el plantel y a vos en particular?&nbsp;<\/strong><\/p>\n<p>-La verdad que fue una de las peores noticias que recibimos. No lo pod\u00edamos creer, se dec\u00edan muchas cosas. Sab\u00edamos que no estaba bien pero uno pensaba que como era el Diego nunca iba a pasar lo que pas\u00f3. Fue algo muy triste que nos choc\u00f3 a todos. En ese momento uno se queda con todos los buenos momentos que vivi\u00f3, que pudimos conocer al diego persona del cara a cara, c\u00f3mo era \u00e9l con nosotros y lo feliz que era dentro de una cancha.<\/p>\n<p><strong>-Alguna an\u00e9cdota con \u00e9l que tengas para compartir&#8230;<\/strong><\/p>\n<p>-Una de las que m\u00e1s me gusta contar es la que est\u00e1bamos concentrando y bajamos antes a desayunar tipo nueve&nbsp;con un compa\u00f1ero m\u00e1s, a los diez&nbsp;minutos baja Diego a desayunar en la mesa de al lado, est\u00e1bamos nosotros dos y Diego desayunando mirando la tele y hablando. Con mi compa\u00f1ero nos chocamos las piernas por debajo de la mesa, nos miramos y decimos: \u201c\u00bfSos consciente de esto?\u201d. Est\u00e1bamos mirando la tele donde dec\u00edan que hoy Gimnasia juega con im\u00e1genes de Diego y lo tenemos a un metro con nosotros mientras nos habla. Eso fue algo chocante y sorprendente, si hay algo que me guardo fue desayunar con Diego al lado, fue algo muy loco.<\/p>\n<div class=\"sp__SM\">\n<div class=\"content-new \">\n<span class=\"tit-mobile\">Mir\u00e1 tambi\u00e9n<\/span><\/p>\n<div class=\"mg\">\n<div class=\"wrap-figure\">\n<picture>\n<a href=\"https:\/\/www.ole.com.ar\/futbol-ascenso\/p-nacional-mercado-fixture-inicio_0_ETLeyPRAfv.html\" target=\"_self\" rel=\"noopener\"><br \/>\n<img class=\"img-responsive\" alt=\"Todo lo que ten\u00e9s que saber del Nacional que se viene\" src=\"http:\/\/cordobadirecto.com\/wp-content\/uploads\/2022\/02\/lucas-miguez-estar-con-maradona-fue-una-locura-inolvidable-7.jpg\" loading=\"lazy\"><br \/>\n<\/a>\n<\/picture>\n<\/div>\n<\/div><\/div>\n<\/div>\n<p><strong>-Llegaste a All Boys, un club importante en la Primera Nacional que busca volver a primera. Cont\u00e1&nbsp;un poco lo que sent\u00eds con este paso en tu carrera.<\/strong><\/p>\n<p><strong>\u200b\u200b<\/strong><br \/>-Llegar a All Boys que es un grande del f\u00fatbol es algo hermoso! Lo tomo con mucha responsabilidad y respeto. Con el compromiso de hacer las cosas bien y tirar siempre para adelante. Estoy poni\u00e9ndome bien f\u00edsicamente para estar a disposici\u00f3n lo m\u00e1s r\u00e1pido posible.<\/p>\n<p><strong>-\u00bfCu\u00e1les son las expectativas para este a\u00f1o con el equipo&nbsp;de Floresta?<\/strong><\/p>\n<p>-Mis expectativas son competir y colaborar con el club en la lucha por el ascenso, es un grande de la categor\u00eda que merece subir a Primera y ojal\u00e1 podamos lograrlo.<\/p>\n<div class=\"sp__SM\">\n<div class=\"content-new \">\n<span class=\"tit-mobile\">Mir\u00e1 tambi\u00e9n<\/span><\/p>\n<div class=\"mg\">\n<div class=\"wrap-figure\">\n<picture>\n<a href=\"https:\/\/www.ole.com.ar\/futbol-ascenso\/primera-c-atlas-deportivo-zoe_0_mWt7aSbJoL.html\" target=\"_self\" rel=\"noopener\"><br \/>\n<img class=\"img-responsive\" alt=\"Dos que llegan desde el Regional\" src=\"http:\/\/cordobadirecto.com\/wp-content\/uploads\/2022\/02\/lucas-miguez-estar-con-maradona-fue-una-locura-inolvidable-8.jpg\" loading=\"lazy\"><br \/>\n<\/a>\n<\/picture>\n<\/div>\n<\/div><\/div>\n<\/div>\n<div class=\"sp__SM\">\n<div class=\"content-new \">\n<span class=\"tit-mobile\">Mir\u00e1 tambi\u00e9n<\/span><\/p>\n<div class=\"mg\">\n<div class=\"wrap-figure\">\n<picture>\n<a href=\"https:\/\/www.ole.com.ar\/futbol-ascenso\/p-nacional-estudiantes-centurion-ida_0_YVN8PYttMR.html\" target=\"_self\" rel=\"noopener\"><br \/>\n<img class=\"img-responsive\" alt=\"Su arquero se fue a River y trajo otros tres\" src=\"http:\/\/cordobadirecto.com\/wp-content\/uploads\/2022\/02\/lucas-miguez-estar-con-maradona-fue-una-locura-inolvidable-9.jpg\" loading=\"lazy\"><br \/>\n<\/a>\n<\/picture>\n<\/div>\n<\/div><\/div>\n<\/div>\n<div class=\"sp__SM\">\n<div class=\"content-new \">\n<span class=\"tit-mobile\">Mir\u00e1 tambi\u00e9n<\/span><\/p>\n<div class=\"mg\">\n<div class=\"wrap-figure\">\n<picture>\n<a href=\"https:\/\/www.ole.com.ar\/futbol-ascenso\/p-nacional-sacachispas-refuerzo_0_crHVvURZzA.html\" target=\"_self\" rel=\"noopener\"><br \/>\n<img class=\"img-responsive\" alt=\"Uno m\u00e1s para el mediocampo del Lila\" src=\"http:\/\/cordobadirecto.com\/wp-content\/uploads\/2022\/02\/lucas-miguez-estar-con-maradona-fue-una-locura-inolvidable-10.jpg\" loading=\"lazy\"><br \/>\n<\/a>\n<\/picture>\n<\/div>\n<\/div><\/div>\n<\/div>\n<div class=\"entry-tags\">\n<h2>TEMAS QUE APARECEN EN ESTA NOTA<\/h2>\n<\/p><\/div>\n","protected":false},"excerpt":{"rendered":"<p>Su carrera comenz\u00f3 en las Inferiores en Arsenal de Sarand\u00ed, hasta llegar a la Reserva. Al no tener muchas oportunidades, decidi\u00f3 buscar nuevos rumbos. Actualmente, Lucas M\u00edguez es parte de All Boys, pero lo que m\u00e1s recordar\u00e1 es la experiencia de ser dirigido por Diego Armando Maradona en Gimnasia, la cual \u00e9l describe como \u201cuna [&hellip;]<\/p>\n","protected":false},"author":1,"featured_media":44072,"comment_status":"closed","ping_status":"closed","sticky":false,"template":"","format":"standard","meta":[],"categories":[21],"tags":[],"_links":{"self":[{"href":"http:\/\/cordobadirecto.com\/index.php\/wp-json\/wp\/v2\/posts\/44071"}],"collection":[{"href":"http:\/\/cordobadirecto.com\/index.php\/wp-json\/wp\/v2\/posts"}],"about":[{"href":"http:\/\/cordobadirecto.com\/index.php\/wp-json\/wp\/v2\/types\/post"}],"author":[{"embeddable":true,"href":"http:\/\/cordobadirecto.com\/index.php\/wp-json\/wp\/v2\/users\/1"}],"replies":[{"embeddable":true,"href":"http:\/\/cordobadirecto.com\/index.php\/wp-json\/wp\/v2\/comments?post=44071"}],"version-history":[{"count":0,"href":"http:\/\/cordobadirecto.com\/index.php\/wp-json\/wp\/v2\/posts\/44071\/revisions"}],"wp:featuredmedia":[{"embeddable":true,"href":"http:\/\/cordobadirecto.com\/index.php\/wp-json\/wp\/v2\/media\/44072"}],"wp:attachment":[{"href":"http:\/\/cordobadirecto.com\/index.php\/wp-json\/wp\/v2\/media?parent=44071"}],"wp:term":[{"taxonomy":"category","embeddable":true,"href":"http:\/\/cordobadirecto.com\/index.php\/wp-json\/wp\/v2\/categories?post=44071"},{"taxonomy":"post_tag","embeddable":true,"href":"http:\/\/cordobadirecto.com\/index.php\/wp-json\/wp\/v2\/tags?post=44071"}],"curies":[{"name":"wp","href":"https:\/\/api.w.org\/{rel}","templated":true}]}}