{"id":44109,"date":"2022-02-12T02:49:55","date_gmt":"2022-02-12T02:49:55","guid":{"rendered":"http:\/\/cordobadirecto.com\/index.php\/2022\/02\/12\/abren-los-paseos-comerciales-de-san-vicente-las-heras-y-san-jeronimo-hoy-dia-cordoba\/"},"modified":"2022-02-12T02:49:55","modified_gmt":"2022-02-12T02:49:55","slug":"abren-los-paseos-comerciales-de-san-vicente-las-heras-y-san-jeronimo-hoy-dia-cordoba","status":"publish","type":"post","link":"http:\/\/cordobadirecto.com\/index.php\/2022\/02\/12\/abren-los-paseos-comerciales-de-san-vicente-las-heras-y-san-jeronimo-hoy-dia-cordoba\/","title":{"rendered":"Abren los paseos comerciales de San Vicente, Las Heras y San Jer\u00f3nimo &#8211; Hoy D\u00eda <b>C\u00f3rdoba<\/b>"},"content":{"rendered":"<p>Los \u201cPaseos de la <b>Econom\u00eda<\/b> Social\u201d vuelven este s\u00e1bado en una <b>nueva<\/b> edici\u00f3n que ofrece una amplia gama de productos cordobeses. <\/p>\n","protected":false},"excerpt":{"rendered":"<p>Los \u201cPaseos de la Econom\u00eda Social\u201d vuelven este s\u00e1bado en una nueva edici\u00f3n que ofrece una amplia gama de productos cordobeses.<\/p>\n","protected":false},"author":1,"featured_media":0,"comment_status":"closed","ping_status":"closed","sticky":false,"template":"","format":"standard","meta":[],"categories":[40],"tags":[],"_links":{"self":[{"href":"http:\/\/cordobadirecto.com\/index.php\/wp-json\/wp\/v2\/posts\/44109"}],"collection":[{"href":"http:\/\/cordobadirecto.com\/index.php\/wp-json\/wp\/v2\/posts"}],"about":[{"href":"http:\/\/cordobadirecto.com\/index.php\/wp-json\/wp\/v2\/types\/post"}],"author":[{"embeddable":true,"href":"http:\/\/cordobadirecto.com\/index.php\/wp-json\/wp\/v2\/users\/1"}],"replies":[{"embeddable":true,"href":"http:\/\/cordobadirecto.com\/index.php\/wp-json\/wp\/v2\/comments?post=44109"}],"version-history":[{"count":0,"href":"http:\/\/cordobadirecto.com\/index.php\/wp-json\/wp\/v2\/posts\/44109\/revisions"}],"wp:attachment":[{"href":"http:\/\/cordobadirecto.com\/index.php\/wp-json\/wp\/v2\/media?parent=44109"}],"wp:term":[{"taxonomy":"category","embeddable":true,"href":"http:\/\/cordobadirecto.com\/index.php\/wp-json\/wp\/v2\/categories?post=44109"},{"taxonomy":"post_tag","embeddable":true,"href":"http:\/\/cordobadirecto.com\/index.php\/wp-json\/wp\/v2\/tags?post=44109"}],"curies":[{"name":"wp","href":"https:\/\/api.w.org\/{rel}","templated":true}]}}