{"id":44239,"date":"2022-02-12T16:32:39","date_gmt":"2022-02-12T16:32:39","guid":{"rendered":"http:\/\/cordobadirecto.com\/index.php\/2022\/02\/12\/paul-van-dyk-vuelve-a-buenos-aires-con-su-repertorio-trance\/"},"modified":"2022-02-12T16:32:39","modified_gmt":"2022-02-12T16:32:39","slug":"paul-van-dyk-vuelve-a-buenos-aires-con-su-repertorio-trance","status":"publish","type":"post","link":"http:\/\/cordobadirecto.com\/index.php\/2022\/02\/12\/paul-van-dyk-vuelve-a-buenos-aires-con-su-repertorio-trance\/","title":{"rendered":"Paul van Dyk vuelve a Buenos Aires con su repertorio trance"},"content":{"rendered":"<figure class=\"mb-3\"><img loading=\"lazy\" src=\"http:\/\/cordobadirecto.com\/wp-content\/uploads\/2022\/02\/paul-van-dyk-vuelve-a-buenos-aires-con-su-repertorio-trance.jpg\" width=\"100%\" height=\"100%\" alt=\"El DJ alemn en pandemia lanz dos lbumes 2020 y reuni virtualmente a fans de todo el mundo en medio del aislamiento Foto Prensa\"><figcaption> El DJ alem\u00e1n en pandemia lanz\u00f3 dos \u00e1lbumes (2020) y reuni\u00f3 virtualmente a fans de todo el mundo en medio del aislamiento (Foto Prensa) <\/figcaption><\/figure>\n<p>El DJ y productor de m\u00fasica electr\u00f3nica Paul van Dyk, reconocido como el inventor del subg\u00e9nero electr\u00f3nico del trance, se presentar\u00e1 en Buenos Aires al aire libre en el estadio Obras el pr\u00f3ximo viernes 18, como parte de la &#8220;Trance Army&#8221; en la que tambi\u00e9n participar\u00e1 su colega malt\u00e9s Tenishia.<\/p>\n<p><strong>El show con el que el ilustre visitante concretar\u00e1 su d\u00e9cima actuaci\u00f3n en el pa\u00eds (encaden\u00f3 nueve visitas entre 2004 y 2017) comenzar\u00e1 a las 23 horas<\/strong> y, adem\u00e1s, tendr\u00e1 presentaciones de otros DJs internacionales y nuevas figuras de la escena trance.<\/p>\n<blockquote class=\"instagram-media\" data-instgrm-captioned data-instgrm-permalink=\"https:\/\/www.instagram.com\/p\/CZvq9ieKudl\/?utm_source=ig_embed&amp;utm_campaign=loading\" data-instgrm-version=\"14\" readability=\"0\"><\/blockquote>\n<p>La &#8220;Trance Army&#8221; tambi\u00e9n tendr\u00e1 performers y &#8220;go-go dancers&#8221;, sector VIP, gastronom\u00eda y bebidas, shows visuales, sector de masajes y maquillaje, entre otras alternativas.<\/p>\n<p>El germano Paul van Dyk <strong>har\u00e1 un recorrido por su repertorio techno, acompa\u00f1ado en este caso por Tanisha, quien figur\u00f3 durante cinco a\u00f1os en el ranking de los 100 mejores artistas del mundo de la revista brit\u00e1nica especializada DJ MAG<\/strong>, adem\u00e1s de ser el productor m\u00e1s exitoso de Malta del g\u00e9nero con su sonido progressive trance y chill out.<\/p>\n<p>El alem\u00e1n remezcl\u00f3 a artistas del pop y el rock como Madonna, Britney Spears, Depeche Mode y U2 y su m\u00fasica fue parte de pel\u00edculas, comerciales y videojuegos.<\/p>\n<h2 class>En pandemia<\/h2>\n<p>Durante la pandemia, el DJ lanz\u00f3 dos \u00e1lbumes en 2020 y reuni\u00f3 virtualmente a fans de todo el mundo en medio del aislamiento con sus transmisiones semanales en vivo, las &#8220;Sunday Sessions&#8221;.<\/p>\n<p>M\u00e1s de cinco millones de personas lo vieron musicalizar primero desde su casa y luego desde algunos clubes como el legendario Zeiss e incluso hasta en un estadio de f\u00fatbol como el Signal Iduna Park del BVB en Dortmund.<\/p>\n<p>Con ocho \u00e1lbumes de estudio e innumerables sencillos y remixes, <strong>su \u00e1lbum &#8220;For An Angel&#8221; fue considerado por la revista especializada Mixmag como uno de los &#8220;mejores de todos los tiempos&#8221; en la m\u00fasica electr\u00f3nica<\/strong>, mientras que &#8220;Reflections&#8221;, su tercer LP editado en 2003, obtuvo una nominaci\u00f3n a los Grammy.<\/p>\n<h2 class>Show y nuevo \u00e1lbum<\/h2>\n<p>Actualmente, Van Dyk trabaja en un nuevo material y dialog\u00f3 con T\u00e9lam sobre los preparativos de su show en Buenos Aires y el lanzamiento de su und\u00e9cimo \u00e1lbum, a estrenarse en 2022.<\/p>\n<p><strong>T\u00e9lam: \u00bfQu\u00e9 expectativa ten\u00e9s de volver a presentarte en Buenos Aires?<\/strong><br \/><strong>Paul van Dyk:<\/strong> El p\u00fablico de Argentina est\u00e1 siempre lleno de energ\u00eda y como artista es muy estimulante tocar all\u00ed. En el pasado acumul\u00e9 tantos recuerdos maravillosos y estoy a la espera de poder crear nuevos cuando vuelva en febrero.<\/p>\n<p><strong>T: \u00bfQu\u00e9 te parece el line-up que se arm\u00f3 para acompa\u00f1arte en esta ocasi\u00f3n? \u00bfTe has cruzado anteriormente con Tenishia?<\/strong><br \/><strong>PvD<\/strong>: S\u00ed, nos hemos cruzado ya. Es muy talentoso y tiene un n\u00famero muy estimulante.<\/p>\n<p><strong>T: Estuviste muy activo en pandemia mientras cuando parte de la escena musical se mantuvo limitada. \u00bfC\u00f3mo fue esa experiencia tan prol\u00edfica durante el aislamiento?<\/strong><br \/><strong>PvD<\/strong>: Mis giras se paralizaron al igual que las de los dem\u00e1s, pero trat\u00e9 de estar conectado a trav\u00e9s de la m\u00fasica. Y con los dem\u00e1s a partir de conciertos en vivo v\u00eda streaming. De todas formas, es muy diferente y definitivamente prefiero tocar en vivo con p\u00fablico en el lugar.<\/p>\n<p><strong>T: \u00bfC\u00f3mo marcha la producci\u00f3n de tu pr\u00f3ximo \u00e1lbum y qu\u00e9 nos pod\u00e9s contar sobre \u00e9l?<\/strong><br \/><strong>PvD<\/strong>: Estoy ya en los momentos finales de producci\u00f3n del nuevo \u00e1lbum. Se va a llamar &#8220;Off the record&#8221;, un t\u00e9rmino period\u00edstico cuando uno se pone muy personal.<\/p>\n<p><strong>T: En relaci\u00f3n con tus inicios y el sonido que desarrollaste a lo largo de tu trayectoria, \u00bfC\u00f3mo fue esa evoluci\u00f3n y el proceso? \u00bfQu\u00e9 influencias hubo?<\/strong><br \/><strong>PvD<\/strong>: A lo largo de un lapso de 30 a\u00f1os de carrera hubo muchas influencias. Lo que siempre se mantuvo inalterable fue mi pasi\u00f3n por la m\u00fasica y por hacerla.<\/p>\n<p><strong>T<\/strong>: La electr\u00f3nica fue el g\u00e9nero m\u00e1s popular entre los j\u00f3venes hasta hace poco pero en la actualidad las nuevas generaciones prefieren el reggaet\u00f3n o el trap y sonidos m\u00e1s latinos. <strong>Como alem\u00e1n y pionero de la electr\u00f3nica, \u00bfC\u00f3mo te llev\u00e1s con la escena musical de hoy?<\/strong><\/p>\n<p><strong>PvD<\/strong>: El g\u00e9nero de m\u00fasica electr\u00f3nica con el que estoy asociado nunca fue realmente pop o mainstream, as\u00ed que no me siento en absoluto afectado por ese cambio. Estoy casado con una colombiana, as\u00ed que podr\u00e1s imaginar que s\u00e9 un mont\u00f3n sobre los diferentes estilos de la m\u00fasica latina. <\/p>\n","protected":false},"excerpt":{"rendered":"<p>El DJ alem\u00e1n en pandemia lanz\u00f3 dos \u00e1lbumes (2020) y reuni\u00f3 virtualmente a fans de todo el mundo en medio del aislamiento (Foto Prensa) El DJ y productor de m\u00fasica electr\u00f3nica Paul van Dyk, reconocido como el inventor del subg\u00e9nero electr\u00f3nico del trance, se presentar\u00e1 en Buenos Aires al aire libre en el estadio Obras [&hellip;]<\/p>\n","protected":false},"author":1,"featured_media":44240,"comment_status":"closed","ping_status":"closed","sticky":false,"template":"","format":"standard","meta":[],"categories":[20],"tags":[],"_links":{"self":[{"href":"http:\/\/cordobadirecto.com\/index.php\/wp-json\/wp\/v2\/posts\/44239"}],"collection":[{"href":"http:\/\/cordobadirecto.com\/index.php\/wp-json\/wp\/v2\/posts"}],"about":[{"href":"http:\/\/cordobadirecto.com\/index.php\/wp-json\/wp\/v2\/types\/post"}],"author":[{"embeddable":true,"href":"http:\/\/cordobadirecto.com\/index.php\/wp-json\/wp\/v2\/users\/1"}],"replies":[{"embeddable":true,"href":"http:\/\/cordobadirecto.com\/index.php\/wp-json\/wp\/v2\/comments?post=44239"}],"version-history":[{"count":0,"href":"http:\/\/cordobadirecto.com\/index.php\/wp-json\/wp\/v2\/posts\/44239\/revisions"}],"wp:featuredmedia":[{"embeddable":true,"href":"http:\/\/cordobadirecto.com\/index.php\/wp-json\/wp\/v2\/media\/44240"}],"wp:attachment":[{"href":"http:\/\/cordobadirecto.com\/index.php\/wp-json\/wp\/v2\/media?parent=44239"}],"wp:term":[{"taxonomy":"category","embeddable":true,"href":"http:\/\/cordobadirecto.com\/index.php\/wp-json\/wp\/v2\/categories?post=44239"},{"taxonomy":"post_tag","embeddable":true,"href":"http:\/\/cordobadirecto.com\/index.php\/wp-json\/wp\/v2\/tags?post=44239"}],"curies":[{"name":"wp","href":"https:\/\/api.w.org\/{rel}","templated":true}]}}