{"id":44245,"date":"2022-02-11T21:29:16","date_gmt":"2022-02-11T21:29:16","guid":{"rendered":"https:\/\/www.ole.com.ar\/autos\/mclaren-diseno_0_ACk40fJ3dV.html"},"modified":"2022-02-11T21:29:16","modified_gmt":"2022-02-11T21:29:16","slug":"mclaren-y-su-diseno","status":"publish","type":"post","link":"http:\/\/cordobadirecto.com\/index.php\/2022\/02\/11\/mclaren-y-su-diseno\/","title":{"rendered":"McLaren y su dise\u00f1o"},"content":{"rendered":"<div><img src=\"http:\/\/cordobadirecto.com\/wp-content\/uploads\/2022\/02\/mclaren-y-su-diseno.jpg\" class=\"ff-og-image-inserted\"><\/div>\n<p>McLaren present\u00f3 en sociedad su monoplaza para la temporada 2022 de la F\u00f3rmula 1, el MCL36. La unidad cuenta con las nuevas reglas t\u00e9cnicas que se estrenar\u00e1n este a\u00f1o y posee nuevos colores que se suman al naranja papaya que tuvo el a\u00f1o pasado.<\/p>\n<p>\u201cDurante el \u00faltimo a\u00f1o, el equipo ha trabajado arduamente en el desarrollo del MCL36, <mark>buscando aprovechar cualquier oportunidad que podamos encontrar en el dise\u00f1o y la producci\u00f3n de estos nuevos autos<\/mark>\u201d, manifest\u00f3 el jefe de equipo Andreas Seidl.<\/p>\n<p>Y a\u00f1adi\u00f3: \u201c<mark>La actuaci\u00f3n de Lando en 2021 fue una de las m\u00e1s destacadas de la temporada, <\/mark>con cuatro podios y una pole position. Estuvo angustiosamente cerca de su primera victoria en una carrera y, aunque no lo conseguimos del todo, le ha demostrado al mundo que puede convertirse en ganador de un Gran Premio\u201d.<\/p>\n<p> \u201cDespu\u00e9s de encontrar m\u00e1s dif\u00edcil adaptarse al MCL35M de lo que podr\u00eda haber esperado,<mark> Daniel logr\u00f3 un buen final en la segunda mitad de la temporada <\/mark>y captur\u00f3 la primera victoria de McLaren desde 2012. A lo largo de la temporada, vimos la habilidad, la determinaci\u00f3n y la actitud positiva caracter\u00edstica de Daniel. a pesar de los momentos dif\u00edciles, y afrontamos el 2022 mejor preparados para afrontar este nuevo reto\u201d, se explay\u00f3.<\/p>\n<p> Por \u00faltimo, Seidl plante\u00f3 las metas de McLaren para lo que viene. <mark>\u201cNuestro objetivo para esta temporada es claro y consistente con el de a\u00f1os anteriores: queremos cerrar a\u00fan m\u00e1s la brecha con el frente del pelot\u00f3n.<\/mark> Al mismo tiempo, conocemos y respetamos la dura competencia que enfrentaremos y tenemos una visi\u00f3n realista de d\u00f3nde nos encontramos en nuestro viaje. Estamos trabajando a trav\u00e9s de un paquete de inversiones clave en infraestructura, que nos proporcionar\u00e1 las herramientas necesarias para competir en la cima de nuestro deporte cuando est\u00e9n en l\u00ednea\u201d, cerr\u00f3.<\/p>\n<div class=\"entry-tags\">\n<h2>TEMAS QUE APARECEN EN ESTA NOTA<\/h2>\n<\/p><\/div>\n","protected":false},"excerpt":{"rendered":"<p>McLaren present\u00f3 en sociedad su monoplaza para la temporada 2022 de la F\u00f3rmula 1, el MCL36. La unidad cuenta con las nuevas reglas t\u00e9cnicas que se estrenar\u00e1n este a\u00f1o y posee nuevos colores que se suman al naranja papaya que tuvo el a\u00f1o pasado. \u201cDurante el \u00faltimo a\u00f1o, el equipo ha trabajado arduamente en el [&hellip;]<\/p>\n","protected":false},"author":1,"featured_media":44246,"comment_status":"closed","ping_status":"closed","sticky":false,"template":"","format":"standard","meta":[],"categories":[21],"tags":[],"_links":{"self":[{"href":"http:\/\/cordobadirecto.com\/index.php\/wp-json\/wp\/v2\/posts\/44245"}],"collection":[{"href":"http:\/\/cordobadirecto.com\/index.php\/wp-json\/wp\/v2\/posts"}],"about":[{"href":"http:\/\/cordobadirecto.com\/index.php\/wp-json\/wp\/v2\/types\/post"}],"author":[{"embeddable":true,"href":"http:\/\/cordobadirecto.com\/index.php\/wp-json\/wp\/v2\/users\/1"}],"replies":[{"embeddable":true,"href":"http:\/\/cordobadirecto.com\/index.php\/wp-json\/wp\/v2\/comments?post=44245"}],"version-history":[{"count":0,"href":"http:\/\/cordobadirecto.com\/index.php\/wp-json\/wp\/v2\/posts\/44245\/revisions"}],"wp:featuredmedia":[{"embeddable":true,"href":"http:\/\/cordobadirecto.com\/index.php\/wp-json\/wp\/v2\/media\/44246"}],"wp:attachment":[{"href":"http:\/\/cordobadirecto.com\/index.php\/wp-json\/wp\/v2\/media?parent=44245"}],"wp:term":[{"taxonomy":"category","embeddable":true,"href":"http:\/\/cordobadirecto.com\/index.php\/wp-json\/wp\/v2\/categories?post=44245"},{"taxonomy":"post_tag","embeddable":true,"href":"http:\/\/cordobadirecto.com\/index.php\/wp-json\/wp\/v2\/tags?post=44245"}],"curies":[{"name":"wp","href":"https:\/\/api.w.org\/{rel}","templated":true}]}}