{"id":44280,"date":"2022-02-11T11:10:56","date_gmt":"2022-02-11T11:10:56","guid":{"rendered":"https:\/\/cordoba.gob.ar\/?p=20160"},"modified":"2022-02-11T11:10:56","modified_gmt":"2022-02-11T11:10:56","slug":"el-sistema-educativo-municipal-comienza-las-clases-con-presencialidad-plena-y-cuidada","status":"publish","type":"post","link":"http:\/\/cordobadirecto.com\/index.php\/2022\/02\/11\/el-sistema-educativo-municipal-comienza-las-clases-con-presencialidad-plena-y-cuidada\/","title":{"rendered":"El sistema Educativo Municipal comienza las clases con presencialidad plena y cuidada"},"content":{"rendered":"<div><img src=\"http:\/\/cordobadirecto.com\/wp-content\/uploads\/2022\/02\/el-sistema-educativo-municipal-comienza-las-clases-con-presencialidad-plena-y-cuidada.jpg\" class=\"ff-og-image-inserted\"><\/div>\n<ul>\n<li><strong>El ciclo lectivo comienza el 2 de marzo en los Jardines y Escuelas Municipales.<\/strong><\/li>\n<\/ul>\n<hr>\n<p>El secretario de Educaci\u00f3n, Horacio Ferreyra, expres\u00f3 que<em> \u201ciniciamos este ciclo lectivo con el compromiso de poder brindar m\u00e1s y mejor educaci\u00f3n y recuperar los aprendizajes que no alcanzamos en los a\u00f1os anteriores, poniendo \u00e9nfasis en la oralidad, lectura y escritura, el pensamiento matem\u00e1tico y el desarrollo de la cultura digital. Para garantizar la experiencia escolar atenderemos las condiciones de cuidado, vinculadas con la salud y la educaci\u00f3n para que la experiencia escolar sea significativa\u201d.<\/em><br \/>Desde la Secretar\u00eda de Educaci\u00f3n se establecen cuatro l\u00edneas de trabajo para el retorno a las instituciones educativas: aprendizajes, salud, formaci\u00f3n docente continua e infraestructura.<\/p>\n<p><strong>Aprendizajes<\/strong><br \/>Se acordaron y aprobaron a nivel municipal, los aprendizajes y contenidos imprescindibles para la Educaci\u00f3n Inicial, la Educaci\u00f3n Primaria y de la Modalidad J\u00f3venes y Adultos, poniendo \u00e9nfasis en lengua, matem\u00e1tica y alfabetizaci\u00f3n digital, sin descuidar los dem\u00e1s campos de conocimiento. A los fines de apoyar la tarea docente, se conformar\u00e1 un equipo de fortalecimiento socio-pedag\u00f3gico en cada una de las Escuelas, integrado por dos o m\u00e1s Docentes de Apoyo, recuperando la experiencia desarrollada en los \u00faltimos a\u00f1os para fortalecer las trayectorias educativas de aquellos estudiantes que presentan mayores dificultades.<\/p>\n<p><strong>Salud<\/strong><br \/>La Municipalidad de C\u00f3rdoba retom\u00f3 la campa\u00f1a de vacunaci\u00f3n iniciado el a\u00f1o pasado en escuelas y jardines, con el objetivo de completar el esquema de vacunaci\u00f3n COVID19 para ni\u00f1os, ni\u00f1as y j\u00f3venes de 3 a 17 a\u00f1os. Para ello, se han seleccionado escuelas ubicadas estrat\u00e9gicamente para concentrar la vacunaci\u00f3n de la poblaci\u00f3n escolar del sector y sus respectivas comunidades.<\/p>\n<p>Tambi\u00e9n, en el marco del Programa Municipal Ni\u00f1ez saludable, se estar\u00e1n aplicando vacunas del calendario y se realizar\u00e1 el Certificado \u00danico de Salud (CUS), en un trabajo conjunto con la Secretar\u00eda de Salud.<\/p>\n<p>El Secretario de Salud, Ariel Alexandroff afirm\u00f3 que <em>\u201cen el 2021 logramos vacunar al 80% de las y los estudiantes de nuestro sistema educativo con dos dosis. Hoy estamos abriendo nuevamente la posibilidad a quienes no lo hicieron y ampli\u00e1ndola a las y los estudiantes de jardines y escuelas provinciales\u201d.<\/em><\/p>\n<p>Adem\u00e1s, desde la Secretar\u00eda de Educaci\u00f3n se distribuy\u00f3 a las 78 instituciones educativas, los recursos sanitizantes necesarios y se est\u00e1 realizando la desinfecci\u00f3n de los espacios. Este retorno a las aulas se realizar\u00e1 bajo los protocolos que establecen las autoridades de salud.<\/p>\n<p><strong>Formaci\u00f3n docente continua<\/strong><br \/>Se dar\u00e1 continuidad al proceso de formaci\u00f3n docente situada iniciado en el 2020, con la intensi\u00f3n de acompa\u00f1ar a los docentes en los desaf\u00edos del 2022. Este a\u00f1o, estar\u00e1n vinculados a la ense\u00f1anza de la lengua, matem\u00e1tica y alfabetizaci\u00f3n digital, poniendo \u00e9nfasis en el desarrollo de capacidades y la evaluaci\u00f3n de los aprendizajes. Se llevar\u00e1n adelante otras acciones de capacitaci\u00f3n y actualizaci\u00f3n en el marco de las pol\u00edticas para el desarrollo<br \/>profesional docente.<\/p>\n<p><strong>Infraestructura<\/strong><br \/>Se contin\u00faa trabajando en las obras de mantenimiento en la totalidad de las instituciones del Sistema Educativo Municipal, como as\u00ed tambi\u00e9n se avanza en la construcci\u00f3n de las 51 aulas iniciadas en el 2021, a los fines de ampliar los espacios y, de esta manera, el tiempo de escuela para la recuperaci\u00f3n de los aprendizajes.<\/p>\n<p><em>\u201cEste este a\u00f1o se sumar\u00e1n 23 instituciones educativas al programa PIEnsA C\u00f3rdoba, siendo 35 las instituciones que posibilitar\u00e1n m\u00e1s tiempo de escuela, para que nuestros estudiantes puedan aprender m\u00e1s ciencias, educaci\u00f3n digital, programaci\u00f3n y rob\u00f3tica, artes y comunicaciones en sus respectivas escuelas y jardines, haciendo realidad el compromiso asumido por el Intentende Mart\u00edn Llaryora de darle Alas a la Educaci\u00f3n municipal\u201d<\/em>, cerr\u00f3 el Secretario de Educaci\u00f3n.<\/p>\n","protected":false},"excerpt":{"rendered":"<p>El ciclo lectivo comienza el 2 de marzo en los Jardines y Escuelas Municipales. El secretario de Educaci\u00f3n, Horacio Ferreyra, expres\u00f3 que \u201ciniciamos este ciclo lectivo con el compromiso de poder brindar m\u00e1s y mejor educaci\u00f3n y recuperar los aprendizajes que no alcanzamos en los a\u00f1os anteriores, poniendo \u00e9nfasis en la oralidad, lectura y escritura, [&hellip;]<\/p>\n","protected":false},"author":1,"featured_media":44281,"comment_status":"closed","ping_status":"closed","sticky":false,"template":"","format":"standard","meta":[],"categories":[44],"tags":[],"_links":{"self":[{"href":"http:\/\/cordobadirecto.com\/index.php\/wp-json\/wp\/v2\/posts\/44280"}],"collection":[{"href":"http:\/\/cordobadirecto.com\/index.php\/wp-json\/wp\/v2\/posts"}],"about":[{"href":"http:\/\/cordobadirecto.com\/index.php\/wp-json\/wp\/v2\/types\/post"}],"author":[{"embeddable":true,"href":"http:\/\/cordobadirecto.com\/index.php\/wp-json\/wp\/v2\/users\/1"}],"replies":[{"embeddable":true,"href":"http:\/\/cordobadirecto.com\/index.php\/wp-json\/wp\/v2\/comments?post=44280"}],"version-history":[{"count":0,"href":"http:\/\/cordobadirecto.com\/index.php\/wp-json\/wp\/v2\/posts\/44280\/revisions"}],"wp:featuredmedia":[{"embeddable":true,"href":"http:\/\/cordobadirecto.com\/index.php\/wp-json\/wp\/v2\/media\/44281"}],"wp:attachment":[{"href":"http:\/\/cordobadirecto.com\/index.php\/wp-json\/wp\/v2\/media?parent=44280"}],"wp:term":[{"taxonomy":"category","embeddable":true,"href":"http:\/\/cordobadirecto.com\/index.php\/wp-json\/wp\/v2\/categories?post=44280"},{"taxonomy":"post_tag","embeddable":true,"href":"http:\/\/cordobadirecto.com\/index.php\/wp-json\/wp\/v2\/tags?post=44280"}],"curies":[{"name":"wp","href":"https:\/\/api.w.org\/{rel}","templated":true}]}}