{"id":44594,"date":"2022-02-14T16:52:57","date_gmt":"2022-02-14T16:52:57","guid":{"rendered":"http:\/\/cordobadirecto.com\/index.php\/2022\/02\/14\/la-fifa-determino-que-el-partido-suspendido-entre-brasil-y-argentina-debe-repetirse\/"},"modified":"2022-02-14T16:52:57","modified_gmt":"2022-02-14T16:52:57","slug":"la-fifa-determino-que-el-partido-suspendido-entre-brasil-y-argentina-debe-repetirse","status":"publish","type":"post","link":"http:\/\/cordobadirecto.com\/index.php\/2022\/02\/14\/la-fifa-determino-que-el-partido-suspendido-entre-brasil-y-argentina-debe-repetirse\/","title":{"rendered":"La FIFA determin\u00f3 que el partido suspendido entre Brasil y Argentina debe repetirse"},"content":{"rendered":"<figure class=\"mb-3\"><img loading=\"lazy\" src=\"http:\/\/cordobadirecto.com\/wp-content\/uploads\/2022\/02\/la-fifa-determino-que-el-partido-suspendido-entre-brasil-y-argentina-debe-repetirse.jpg\" width=\"100%\" height=\"100%\" alt=\"La perplejidad del equipo evidente en el rostro del capitn Foto Julin lvarez\"><figcaption> La perplejidad del equipo, evidente en el rostro del capit\u00e1n. (Foto: Juli\u00e1n \u00c1lvarez). <\/figcaption><\/figure>\n<p>La FIFA determin\u00f3 este lunes que el cl\u00e1sico Brasil-Argentina, suspendido el pasado 5 de septiembre de 2021 a los cinco minutos de juego, deber\u00e1 &#8220;repetirse&#8221; en fecha a determinar y adem\u00e1s impuso sanciones para los futbolistas Emiliano Buend\u00eda, Emiliano Mart\u00ednez, Giovani Lo Celso y Cristian Romero.<\/p>\n<p><strong>&#8220;Despu\u00e9s de una investigaci\u00f3n exhaustiva de los diversos elementos f\u00e1cticos y a la luz de las normas aplicables, la Comisi\u00f3n Disciplinaria de la FIFA ha decidido que el partido debe repetirse en la fecha y el lugar que decida la FIFA&#8221;<\/strong>, comienza el comunicado del ente que regula el f\u00fatbol mundial, publicado en su p\u00e1gina oficial.<\/p>\n<p>El partido correspondiente a la sexta fecha de las Eliminatorias Sudamericanas en el Neo Qu\u00edmica Arena de San Pablo <a href=\"https:\/\/www.telam.com.ar\/notas\/202109\/567575-argentina-jugadores-deportacion.html\" target=\"_blank\" rel=\"noopener\">fue suspendido por el ingreso a la cancha de las autoridades sanitarias locales<\/a>, quienes apuntaron contra la AFA por incumplimiento de protocolo de salud en las inscripciones de Buend\u00eda, Mart\u00ednez, Lo Celso y Romero.<\/p>\n<p><strong>Los cuatros jugadores del seleccionado argentino, quienes militan en la liga inglesa, deber\u00e1n cumplir una sanci\u00f3n de dos encuentros<\/strong>.<\/p>\n<p>A su vez, la FIFA notific\u00f3 a la Confederaci\u00f3n Brasile\u00f1a de F\u00fatbol (CBF) una multa econ\u00f3mica de 500 mil francos suizos por &#8220;infracciones relacionadas con el orden y la seguridad&#8221; y 50 mil francos suizos por &#8220;abandono de partido&#8221;.<\/p>\n<p>En tanto, la Asociaci\u00f3n del F\u00fatbol Argentino (AFA) afrontar\u00e1 el pago de 200 mil francos suizos por &#8220;incumplimiento de sus obligaciones en materia de orden y seguridad, preparaci\u00f3n y participaci\u00f3n en el partido&#8221;.<\/p>\n<p>El presidente de la AFA, Claudio &#8220;Chiqui&#8221; Tapia, anticip\u00f3 a trav\u00e9s de Twitter que apelar\u00e1 la decisi\u00f3n de la FIFA.<\/p>\n<blockquote class=\"twitter-tweet\" readability=\"7.9742647058824\">\n<p lang=\"es\" dir=\"ltr\">Como Presidente de <a href=\"https:\/\/twitter.com\/afa?ref_src=twsrc%5Etfw\">@afa<\/a>, me comprometo a hacer todos los esfuerzos necesarios, y a apelar el fallo de FIFA en referencia al partido de eliminatorias con Brasil. <br \/>Nuestra prioridad es la Selecci\u00f3n <a href=\"https:\/\/twitter.com\/Argentina?ref_src=twsrc%5Etfw\">@Argentina<\/a> Siempre \ud83c\udde6\ud83c\uddf7<\/p>\n<p>\u2014 Chiqui Tapia (@tapiachiqui) <a href=\"https:\/\/twitter.com\/tapiachiqui\/status\/1493242560726319104?ref_src=twsrc%5Etfw\">February 14, 2022<\/a><\/p><\/blockquote>\n<p>&#8220;Como Presidente de @afa, me comprometo a hacer todos los esfuerzos necesarios, y a apelar el fallo de FIFA en referencia al partido de eliminatorias con Brasil.&nbsp;Nuestra prioridad es la Selecci\u00f3n @Argentina Siempre &#8220;, escribi\u00f3.<\/p>\n","protected":false},"excerpt":{"rendered":"<p>La perplejidad del equipo, evidente en el rostro del capit\u00e1n. (Foto: Juli\u00e1n \u00c1lvarez). La FIFA determin\u00f3 este lunes que el cl\u00e1sico Brasil-Argentina, suspendido el pasado 5 de septiembre de 2021 a los cinco minutos de juego, deber\u00e1 &#8220;repetirse&#8221; en fecha a determinar y adem\u00e1s impuso sanciones para los futbolistas Emiliano Buend\u00eda, Emiliano Mart\u00ednez, Giovani Lo [&hellip;]<\/p>\n","protected":false},"author":1,"featured_media":44595,"comment_status":"closed","ping_status":"closed","sticky":false,"template":"","format":"standard","meta":[],"categories":[21],"tags":[],"_links":{"self":[{"href":"http:\/\/cordobadirecto.com\/index.php\/wp-json\/wp\/v2\/posts\/44594"}],"collection":[{"href":"http:\/\/cordobadirecto.com\/index.php\/wp-json\/wp\/v2\/posts"}],"about":[{"href":"http:\/\/cordobadirecto.com\/index.php\/wp-json\/wp\/v2\/types\/post"}],"author":[{"embeddable":true,"href":"http:\/\/cordobadirecto.com\/index.php\/wp-json\/wp\/v2\/users\/1"}],"replies":[{"embeddable":true,"href":"http:\/\/cordobadirecto.com\/index.php\/wp-json\/wp\/v2\/comments?post=44594"}],"version-history":[{"count":0,"href":"http:\/\/cordobadirecto.com\/index.php\/wp-json\/wp\/v2\/posts\/44594\/revisions"}],"wp:featuredmedia":[{"embeddable":true,"href":"http:\/\/cordobadirecto.com\/index.php\/wp-json\/wp\/v2\/media\/44595"}],"wp:attachment":[{"href":"http:\/\/cordobadirecto.com\/index.php\/wp-json\/wp\/v2\/media?parent=44594"}],"wp:term":[{"taxonomy":"category","embeddable":true,"href":"http:\/\/cordobadirecto.com\/index.php\/wp-json\/wp\/v2\/categories?post=44594"},{"taxonomy":"post_tag","embeddable":true,"href":"http:\/\/cordobadirecto.com\/index.php\/wp-json\/wp\/v2\/tags?post=44594"}],"curies":[{"name":"wp","href":"https:\/\/api.w.org\/{rel}","templated":true}]}}