{"id":44632,"date":"2022-02-14T15:29:16","date_gmt":"2022-02-14T15:29:16","guid":{"rendered":"https:\/\/www.ole.com.ar\/autos\/presento-alphatauri_0_tDhZyFknVq.html"},"modified":"2022-02-14T15:29:16","modified_gmt":"2022-02-14T15:29:16","slug":"se-presento-el-alphatauri","status":"publish","type":"post","link":"http:\/\/cordobadirecto.com\/index.php\/2022\/02\/14\/se-presento-el-alphatauri\/","title":{"rendered":"Se present\u00f3 el AlphaTauri"},"content":{"rendered":"<div><img src=\"http:\/\/cordobadirecto.com\/wp-content\/uploads\/2022\/02\/se-presento-el-alphatauri.jpg\" class=\"ff-og-image-inserted\"><\/div>\n<p>Lleg\u00f3 el d\u00eda y AlphaTauri dio a conocer el AT03 que manejar\u00e1n Pierre Gasly y Yuki Tsunoda.<\/p>\n<p><mark>El equipo opt\u00f3 por continuar con los mismos colores utilizados el a\u00f1o pasado,<\/mark> con el blanco, el azul marino y detalles en negro. La gran novedad est\u00e1 en el aspecto t\u00e9cnico por la incorporaci\u00f3n de las nuevas normativas de F\u00f3rmula 1, que pueden significar una oportunidad de generar m\u00e1s paridad entre equipos y que AlphaTauri pueda pelear m\u00e1s adelante.<\/p>\n<p>\u201cEste a\u00f1o supone un gran cambio para nosotros y tambi\u00e9n para el auto. <mark>Con la nueva normativa, el dise\u00f1o es completamente diferente, por lo que todos hemos tenido que empezar de una hoja en blanco. <\/mark>A\u00fan no sabemos el rendimiento real del AT03 hasta que pisemos la pista en los test de Barcelona. Hasta la fecha, todo va bien y tengo ganas de la pretemporada\u201d, expres\u00f3 el franc\u00e9s, Gasly tras el lanzamiento.<\/p>\n<p>\u201cPor ahora luce genial, pero falta verlo en la pista. El dise\u00f1o nuevo y la forma del coche son muy divertidos y creo que esta decoraci\u00f3n se adapta muy bien a nosotros. <mark>Esperemos verlo en pista y que funcione como esperamos<\/mark>\u201d dijo por su parte, Tsunoda.<\/p>\n<p>En tanto, el director del equipo, Franz Tost se\u00f1al\u00f3: \u201cEstoy muy emocionado de revelar finalmente c\u00f3mo ser\u00e1 nuestro coche de 2022. <mark>Es una nueva era para la F\u00f3rmula 1 y esperamos que este paquete sea muy fuerte despu\u00e9s del buen rendimiento del a\u00f1o pasado<\/mark>. Una vez m\u00e1s, hemos trabajado muy unidos para presentar este nuevo coche y creo que hemos sido capaces de hacer algo muy especial\u201d.<\/p>\n<p><mark>La primera aparici\u00f3n del AlphaTauri AT03 en pista ser\u00e1 el 23 de febrero<\/mark> cuando empiecen los test de Barcelona-Catalu\u00f1a y posteriormente viajar\u00e1n a Bahrein para los test previos a la fecha inicial del 20 de marzo.<\/p>\n<div class=\"entry-tags\">\n<h2>TEMAS QUE APARECEN EN ESTA NOTA<\/h2>\n<\/p><\/div>\n","protected":false},"excerpt":{"rendered":"<p>Lleg\u00f3 el d\u00eda y AlphaTauri dio a conocer el AT03 que manejar\u00e1n Pierre Gasly y Yuki Tsunoda. El equipo opt\u00f3 por continuar con los mismos colores utilizados el a\u00f1o pasado, con el blanco, el azul marino y detalles en negro. La gran novedad est\u00e1 en el aspecto t\u00e9cnico por la incorporaci\u00f3n de las nuevas normativas [&hellip;]<\/p>\n","protected":false},"author":1,"featured_media":44633,"comment_status":"closed","ping_status":"closed","sticky":false,"template":"","format":"standard","meta":[],"categories":[21],"tags":[],"_links":{"self":[{"href":"http:\/\/cordobadirecto.com\/index.php\/wp-json\/wp\/v2\/posts\/44632"}],"collection":[{"href":"http:\/\/cordobadirecto.com\/index.php\/wp-json\/wp\/v2\/posts"}],"about":[{"href":"http:\/\/cordobadirecto.com\/index.php\/wp-json\/wp\/v2\/types\/post"}],"author":[{"embeddable":true,"href":"http:\/\/cordobadirecto.com\/index.php\/wp-json\/wp\/v2\/users\/1"}],"replies":[{"embeddable":true,"href":"http:\/\/cordobadirecto.com\/index.php\/wp-json\/wp\/v2\/comments?post=44632"}],"version-history":[{"count":0,"href":"http:\/\/cordobadirecto.com\/index.php\/wp-json\/wp\/v2\/posts\/44632\/revisions"}],"wp:featuredmedia":[{"embeddable":true,"href":"http:\/\/cordobadirecto.com\/index.php\/wp-json\/wp\/v2\/media\/44633"}],"wp:attachment":[{"href":"http:\/\/cordobadirecto.com\/index.php\/wp-json\/wp\/v2\/media?parent=44632"}],"wp:term":[{"taxonomy":"category","embeddable":true,"href":"http:\/\/cordobadirecto.com\/index.php\/wp-json\/wp\/v2\/categories?post=44632"},{"taxonomy":"post_tag","embeddable":true,"href":"http:\/\/cordobadirecto.com\/index.php\/wp-json\/wp\/v2\/tags?post=44632"}],"curies":[{"name":"wp","href":"https:\/\/api.w.org\/{rel}","templated":true}]}}