{"id":44634,"date":"2022-02-14T14:54:53","date_gmt":"2022-02-14T14:54:53","guid":{"rendered":"https:\/\/www.ole.com.ar\/autos\/mensaje-mercedes_0_luPUaa60wS.html"},"modified":"2022-02-14T14:54:53","modified_gmt":"2022-02-14T14:54:53","slug":"hamilton-y-el-mensaje-de-mercedes","status":"publish","type":"post","link":"http:\/\/cordobadirecto.com\/index.php\/2022\/02\/14\/hamilton-y-el-mensaje-de-mercedes\/","title":{"rendered":"Hamilton y el mensaje de Mercedes"},"content":{"rendered":"<div><img src=\"http:\/\/cordobadirecto.com\/wp-content\/uploads\/2022\/02\/hamilton-y-el-mensaje-de-mercedes.jpg\" class=\"ff-og-image-inserted\"><\/div>\n<p>Despu\u00e9s del regreso de&nbsp;Lewis Hamilton a las&nbsp;redes sociales, Mercedes dio un mensaje que <mark>indicar\u00eda la continuidad del ingl\u00e9s dentro de la F\u00f3rmula 1.<\/mark><\/p>\n<p>El \u00faltimo equipo que logr\u00f3 el campeonato de constructores public\u00f3 <mark>una foto donde se ve al siete veces campe\u00f3n del mundo de espaldas<\/mark>, con el buzo antiflama colocado y el 44 de fondo.<\/p>\n<p><mark>Tras los rumores de un posible retiro de la m\u00e1xima<\/mark>despu\u00e9s de la definici\u00f3n del campeonato 2021 con Max Verstappen, el brit\u00e1nico decidi\u00f3 mantenerse en silencio hasta que el 5 de febrero public\u00f3 una foto donde se lo vio de vacaciones y el mensaje: \u201cMe he ido, pero estoy de vuelta\u201d.<\/p>\n<p><mark>El 18 de febrero&nbsp;ser\u00e1 la presentaci\u00f3n del Mercedes W13 <\/mark>con el que competir\u00e1n Lewis Hamilton y George Russell en la temporada 2022 de F1.<\/p>\n<div class=\"entry-tags\">\n<h2>TEMAS QUE APARECEN EN ESTA NOTA<\/h2>\n<\/p><\/div>\n","protected":false},"excerpt":{"rendered":"<p>Despu\u00e9s del regreso de&nbsp;Lewis Hamilton a las&nbsp;redes sociales, Mercedes dio un mensaje que indicar\u00eda la continuidad del ingl\u00e9s dentro de la F\u00f3rmula 1. El \u00faltimo equipo que logr\u00f3 el campeonato de constructores public\u00f3 una foto donde se ve al siete veces campe\u00f3n del mundo de espaldas, con el buzo antiflama colocado y el 44 de [&hellip;]<\/p>\n","protected":false},"author":1,"featured_media":44635,"comment_status":"closed","ping_status":"closed","sticky":false,"template":"","format":"standard","meta":[],"categories":[21],"tags":[],"_links":{"self":[{"href":"http:\/\/cordobadirecto.com\/index.php\/wp-json\/wp\/v2\/posts\/44634"}],"collection":[{"href":"http:\/\/cordobadirecto.com\/index.php\/wp-json\/wp\/v2\/posts"}],"about":[{"href":"http:\/\/cordobadirecto.com\/index.php\/wp-json\/wp\/v2\/types\/post"}],"author":[{"embeddable":true,"href":"http:\/\/cordobadirecto.com\/index.php\/wp-json\/wp\/v2\/users\/1"}],"replies":[{"embeddable":true,"href":"http:\/\/cordobadirecto.com\/index.php\/wp-json\/wp\/v2\/comments?post=44634"}],"version-history":[{"count":0,"href":"http:\/\/cordobadirecto.com\/index.php\/wp-json\/wp\/v2\/posts\/44634\/revisions"}],"wp:featuredmedia":[{"embeddable":true,"href":"http:\/\/cordobadirecto.com\/index.php\/wp-json\/wp\/v2\/media\/44635"}],"wp:attachment":[{"href":"http:\/\/cordobadirecto.com\/index.php\/wp-json\/wp\/v2\/media?parent=44634"}],"wp:term":[{"taxonomy":"category","embeddable":true,"href":"http:\/\/cordobadirecto.com\/index.php\/wp-json\/wp\/v2\/categories?post=44634"},{"taxonomy":"post_tag","embeddable":true,"href":"http:\/\/cordobadirecto.com\/index.php\/wp-json\/wp\/v2\/tags?post=44634"}],"curies":[{"name":"wp","href":"https:\/\/api.w.org\/{rel}","templated":true}]}}