{"id":44669,"date":"2022-02-14T20:19:37","date_gmt":"2022-02-14T20:19:37","guid":{"rendered":"https:\/\/www.cordoba.gob.ar\/?p=20221"},"modified":"2022-02-14T20:19:37","modified_gmt":"2022-02-14T20:19:37","slug":"a-pedido-de-los-chicos-barrio-acosta-tiene-su-mini-supermanzana","status":"publish","type":"post","link":"http:\/\/cordobadirecto.com\/index.php\/2022\/02\/14\/a-pedido-de-los-chicos-barrio-acosta-tiene-su-mini-supermanzana\/","title":{"rendered":"A pedido de los chicos, Barrio Acosta tiene su \u201cMini Supermanzana\u201d"},"content":{"rendered":"<div><img src=\"http:\/\/cordobadirecto.com\/wp-content\/uploads\/2022\/02\/a-pedido-de-los-chicos-barrio-acosta-tiene-su-mini-supermanzana.jpg\" class=\"ff-og-image-inserted\"><\/div>\n<p><strong>\u2022 Los ni\u00f1os del sector ten\u00edan un reducido espacio para jugar. La Municipalidad avanz\u00f3 sobre la calle para darle m\u00e1s espacio a la plaza.<\/strong><\/p>\n<hr>\n<p>Barrio Acosta es un populoso barrio ubicado en el este de la ciudad, lim\u00edtrofe a San Vicente. Suele ser considera una \u201czona roja\u201d de la ciudad por los casos de delincuencia que se conocen de las cr\u00f3nicas period\u00edsticas.<\/p>\n<p>Pero esta vez, la nota no lo dio un caso \u201cpolicial\u201d, sino el nacimiento de la primera \u201cmini supermanzana de la ciudad\u201d.<\/p>\n<p>El concepto de \u201csupermanzana\u201d se conoci\u00f3 en nuestra ciudad en el a\u00f1o 2020 cuando la actual gesti\u00f3n municipal decidi\u00f3 ganarle espacio a los autos para que sean utilizados por peatones, ciclistas y quienes realizan actividades al aire libre como patinaje, caminatas, etc.<\/p>\n<p>As\u00ed naci\u00f3 la supermanzana de calle Caseros, uniendo al Paseo Sobremonte con la plaza de la Intendencia; el casco hist\u00f3rico de la ciudad se resguard\u00f3 del paso de los colectivos, transformando a las calles San Jer\u00f3nimo y 27 de abril en arterias para tr\u00e1nsito reducido, con ciclov\u00eda y bares ocupando parte de la calzada para los comensales. Este concepto se extendi\u00f3 a las calles aleda\u00f1as al Mercado Norte y en el sector del Buen Pastor, sobre las calles Buenos Aires y San Lorenzo.<\/p>\n<p>Los ni\u00f1os de barrio Acosta ven\u00edan pidiendo tener una plaza con juegos modernos, como los que se observan en plaza de la Intendencia y en los nuevos espacios que la Municipalidad est\u00e1 renovando.<\/p>\n<p>Ante la falta de espacio p\u00fablico en el sector, surgi\u00f3 la idea de construir la primera mini supermanana. Esto es aprovechar la plaza existente y tomar parte de la calle para extender el espacio para quienes desean recrearse.<\/p>\n<p>El proceso de recuperaci\u00f3n tuvo como principal impulsor a los vecinos, quienes visibilizaron las problem\u00e1ticas y necesidades del sector en talleres de micro planificaci\u00f3n realizados en el marco del Presupuesto Participativo Barrial. Fueron ellos quienes decidieron quitarle un carril a la calle Argando\u00f1a para a\u00f1ad\u00edrselo a la plaza, un concepto similar a las supermanzanas del \u00e1rea central.<\/p>\n<p>La plaza cuenta con lactarios, zonas materas, bolardas, maceteros, juegos saludables, pilar con wifi, bot\u00f3n de alerta y bocina altoparlante. Tambi\u00e9n se instal\u00f3 suelo antigolpes para brindar mayor seguridad en la zona de juegos, fabricado con caucho reciclado.<\/p>\n<p>En materia de inclusi\u00f3n, la infraestructura suma rampas de acceso, veredas podot\u00e1ctiles y juegos.<\/p>\n<p>\u201c<em>Esta plaza estaba descuidada, pero tiene una arboleda hermosa sobre la que se empez\u00f3 a so\u00f1ar su revalorizaci\u00f3n. La plaza tiene todos los conceptos de las ciudades vivibles, ciudades que toman los espacios para generar nuevos lugares comunitarios. Ac\u00e1 se tom\u00f3 una parte de la calle como en las supermanzanas del centro, que ahora es de uso p\u00fablico para ustedes<\/em>\u201d, expres\u00f3 el intendente Mart\u00edn Llaryora.<\/p>\n<p>\u201c<em>Este es un sue\u00f1o cumplido, en el que pudimos concretar un espacio vivible y disfrutable para todos los cordobeses. Estamos felices porque demuestra que cuando el Estado trabaja con las instituciones y los vecinos pasan cosas hermosas como en barrio Acosta<\/em>\u201d, destac\u00f3 el secretario de Gobierno, Miguel Siciliano.<\/p>\n<p>La revalorizaci\u00f3n de la plaza de barrio Acosta fue realizada de manera conjunta y mancomunada por la Secretar\u00eda de Participaci\u00f3n Ciudadana a trav\u00e9s del CPC San Vicente, el ente C\u00f3rdoba Obras y Servicios (COyS) y la Secretar\u00eda de Gobierno.<\/p>\n<p>Por su parte, la presidenta del COyS, Victoria Flores, dijo que la plaza tiene las mismas cualidades y calidad de los espacios verdes del \u00e1rea central. \u201c<em>Es un espacio recuperado para que las familias puedan disfrutar de un lugar como el que se merecen<\/em>\u201d.<\/p>\n<p>El director de CPC San Vicente, Santiago G\u00f3mez, valor\u00f3 el trabajo conjunto con las diversas \u00e1reas municipales y especialmente con los vecinos \u201c<em>porque fueron ellos quienes solicitaron tener en su barrio las mismas plazas de calidad que en el centro de la ciudad<\/em>\u201d.<\/p>\n<p>Los vecinos, actores centrales de esta noticia, prometen cuidar el nuevo espacio y disfrutarlo en familia. Las macetas ser\u00e1n regadas y cuidadas por ellos y prometen que los juegos tendr\u00e1n un uso correcto. \u201c<em>Ahora tenemos una plazoleta hermosa que no hab\u00edamos imaginado. En 30 a\u00f1os jam\u00e1s nadie nos resolvi\u00f3 el problema del espacio para que los ni\u00f1os puedan jugar, por eso vamos a disfrutarla y a cuidarla\u201d<\/em>, expres\u00f3 Sandra, vecina del sector.<\/p>\n","protected":false},"excerpt":{"rendered":"<p>\u2022 Los ni\u00f1os del sector ten\u00edan un reducido espacio para jugar. La Municipalidad avanz\u00f3 sobre la calle para darle m\u00e1s espacio a la plaza. Barrio Acosta es un populoso barrio ubicado en el este de la ciudad, lim\u00edtrofe a San Vicente. Suele ser considera una \u201czona roja\u201d de la ciudad por los casos de delincuencia [&hellip;]<\/p>\n","protected":false},"author":1,"featured_media":44670,"comment_status":"closed","ping_status":"closed","sticky":false,"template":"","format":"standard","meta":[],"categories":[44],"tags":[],"_links":{"self":[{"href":"http:\/\/cordobadirecto.com\/index.php\/wp-json\/wp\/v2\/posts\/44669"}],"collection":[{"href":"http:\/\/cordobadirecto.com\/index.php\/wp-json\/wp\/v2\/posts"}],"about":[{"href":"http:\/\/cordobadirecto.com\/index.php\/wp-json\/wp\/v2\/types\/post"}],"author":[{"embeddable":true,"href":"http:\/\/cordobadirecto.com\/index.php\/wp-json\/wp\/v2\/users\/1"}],"replies":[{"embeddable":true,"href":"http:\/\/cordobadirecto.com\/index.php\/wp-json\/wp\/v2\/comments?post=44669"}],"version-history":[{"count":0,"href":"http:\/\/cordobadirecto.com\/index.php\/wp-json\/wp\/v2\/posts\/44669\/revisions"}],"wp:featuredmedia":[{"embeddable":true,"href":"http:\/\/cordobadirecto.com\/index.php\/wp-json\/wp\/v2\/media\/44670"}],"wp:attachment":[{"href":"http:\/\/cordobadirecto.com\/index.php\/wp-json\/wp\/v2\/media?parent=44669"}],"wp:term":[{"taxonomy":"category","embeddable":true,"href":"http:\/\/cordobadirecto.com\/index.php\/wp-json\/wp\/v2\/categories?post=44669"},{"taxonomy":"post_tag","embeddable":true,"href":"http:\/\/cordobadirecto.com\/index.php\/wp-json\/wp\/v2\/tags?post=44669"}],"curies":[{"name":"wp","href":"https:\/\/api.w.org\/{rel}","templated":true}]}}