{"id":44815,"date":"2022-02-15T17:01:59","date_gmt":"2022-02-15T17:01:59","guid":{"rendered":"http:\/\/cordobadirecto.com\/index.php\/2022\/02\/15\/no-hay-tres-sin-cuatro-serrat-agrego-otra-funcion-en-su-despedida-de-la-argentina\/"},"modified":"2022-02-15T17:01:59","modified_gmt":"2022-02-15T17:01:59","slug":"no-hay-tres-sin-cuatro-serrat-agrego-otra-funcion-en-su-despedida-de-la-argentina","status":"publish","type":"post","link":"http:\/\/cordobadirecto.com\/index.php\/2022\/02\/15\/no-hay-tres-sin-cuatro-serrat-agrego-otra-funcion-en-su-despedida-de-la-argentina\/","title":{"rendered":"No hay tres sin cuatro: Serrat agreg\u00f3 otra funci\u00f3n en su despedida de la Argentina"},"content":{"rendered":"<figure class=\"mb-3\"><img loading=\"lazy\" src=\"http:\/\/cordobadirecto.com\/wp-content\/uploads\/2022\/02\/no-hay-tres-sin-cuatro-serrat-agrego-otra-funcion-en-su-despedida-de-la-argentina.jpg\" width=\"100%\" height=\"100%\" alt=\"Telam SE\"><figcaption><\/figcaption><\/figure>\n<p>El cantautor catal\u00e1n <strong>Joan Manuel Serrat<\/strong> agreg\u00f3 una nueva actuaci\u00f3n en el Movistar Arena del barrio porte\u00f1o de Villa Crespo, donde adem\u00e1s del 19, 20 y 25 de noviembre, se presentar\u00e1 el 26 de ese mes por entradas agotadas, en el marco de su gira mundial de despedida de los escenarios <strong>&#8220;El vicio de cantar 1956-2022&#8221;<\/strong>.<\/p>\n<p>Luego de una inactividad forzosa, obligada por la pandemia de coronavirus, el reconocido y popular cantautor regresar\u00e1 a los escenarios con una \u00faltima serie de presentaciones con las que quiere despedirse personalmente del p\u00fablico con el que comparti\u00f3 la vida y canciones durante <strong>m\u00e1s de 50 a\u00f1os.<\/strong><\/p>\n<p>En cada show el artista ofrecer\u00e1 un recorrido a trav\u00e9s de su historia y de cl\u00e1sicos como \u201cDe vez en cuando la vida\u201d, \u201cHoy puede ser un gran d\u00eda\u201d, \u201cEsos locos bajitos\u201d, \u201cPen\u00e9lope\u201d y \u201cAquellas peque\u00f1as cosas\u201d, entre otros.<\/p>\n<p>El catal\u00e1n de <strong>78 a\u00f1os<\/strong> comenzar\u00e1 su gira de despedida el 27 de abril en el Beacon Theatre de Nueva York, que prev\u00e9 finalizar el 23 de diciembre en el Palau Sant Jordi de Barcelona.<\/p>\n<p>Las entradas para esta nueva presentaci\u00f3n ya est\u00e1n a la venta y pueden adquirirse a trav\u00e9s del sitio web https:\/\/blueteamshow.com\/. <\/p>\n","protected":false},"excerpt":{"rendered":"<p>El cantautor catal\u00e1n Joan Manuel Serrat agreg\u00f3 una nueva actuaci\u00f3n en el Movistar Arena del barrio porte\u00f1o de Villa Crespo, donde adem\u00e1s del 19, 20 y 25 de noviembre, se presentar\u00e1 el 26 de ese mes por entradas agotadas, en el marco de su gira mundial de despedida de los escenarios &#8220;El vicio de cantar [&hellip;]<\/p>\n","protected":false},"author":1,"featured_media":44816,"comment_status":"closed","ping_status":"closed","sticky":false,"template":"","format":"standard","meta":[],"categories":[20],"tags":[],"_links":{"self":[{"href":"http:\/\/cordobadirecto.com\/index.php\/wp-json\/wp\/v2\/posts\/44815"}],"collection":[{"href":"http:\/\/cordobadirecto.com\/index.php\/wp-json\/wp\/v2\/posts"}],"about":[{"href":"http:\/\/cordobadirecto.com\/index.php\/wp-json\/wp\/v2\/types\/post"}],"author":[{"embeddable":true,"href":"http:\/\/cordobadirecto.com\/index.php\/wp-json\/wp\/v2\/users\/1"}],"replies":[{"embeddable":true,"href":"http:\/\/cordobadirecto.com\/index.php\/wp-json\/wp\/v2\/comments?post=44815"}],"version-history":[{"count":0,"href":"http:\/\/cordobadirecto.com\/index.php\/wp-json\/wp\/v2\/posts\/44815\/revisions"}],"wp:featuredmedia":[{"embeddable":true,"href":"http:\/\/cordobadirecto.com\/index.php\/wp-json\/wp\/v2\/media\/44816"}],"wp:attachment":[{"href":"http:\/\/cordobadirecto.com\/index.php\/wp-json\/wp\/v2\/media?parent=44815"}],"wp:term":[{"taxonomy":"category","embeddable":true,"href":"http:\/\/cordobadirecto.com\/index.php\/wp-json\/wp\/v2\/categories?post=44815"},{"taxonomy":"post_tag","embeddable":true,"href":"http:\/\/cordobadirecto.com\/index.php\/wp-json\/wp\/v2\/tags?post=44815"}],"curies":[{"name":"wp","href":"https:\/\/api.w.org\/{rel}","templated":true}]}}